{"id":6453,"date":"2019-09-06T11:10:00","date_gmt":"2019-09-06T11:10:00","guid":{"rendered":"https:\/\/www.uaga.eus\/?p=6453"},"modified":"2019-09-06T11:10:00","modified_gmt":"2019-09-06T11:10:00","slug":"cosecha-historica-de-cereal-en-alava","status":"publish","type":"post","link":"https:\/\/www.uaga.eus\/eu\/cosecha-historica-de-cereal-en-alava\/","title":{"rendered":"Cosecha hist\u00f3rica de cereal en \u00c1lava"},"content":{"rendered":"<p>La cosecha de cereal de 2019 ha finalizado con resultados muy positivos. La producci\u00f3n de trigo, cebada y avena ha sido muy regular en todo el Territorio, donde la producci\u00f3n media obtenida ha sido mejor que en a\u00f1os anteriores. En el caso del trigo y la cebada, el rendimiento se sit\u00faa en torno a los 7.000 kilos\/ha y para la avena, en torno a los 6.000 kg\/ha.<\/p>\n<p>Las cooperativas han estimado una cosecha de\u00a0166.000 tn. de trigo, 96.000 tn. de cebada\u00a0y en avena 36.000 tn. Lo que hace un total de m\u00e1s de 300.000 toneladas. Los records de producci\u00f3n anteriores datan de los a\u00f1os 2012 y 2016, con un total de 294.000 tn. y 282.000 tn. respectivamente.<\/p>\n<p>En referencia a la calidad del grano, se trata de una cosecha excelente, con buenos pesos espec\u00edficos, prote\u00edna y humedad en trigo, as\u00ed como gran aptitud para malta en el caso de la cebada.<\/p>\n<p>+ info SUGOI:\u00a0675 707 696<\/p>\n<hr \/>\n<p><br data-cke-eol=\"1\" \/><\/p>","protected":false},"excerpt":{"rendered":"<p>La cosecha de cereal de 2019 ha finalizado con resultados muy positivos. La producci\u00f3n de trigo, cebada y avena ha sido muy regular en todo el Territorio, donde la producci\u00f3n media obtenida ha sido mejor que en a\u00f1os anteriores. En el caso del trigo y la cebada, el rendimiento se sit\u00faa en torno a los [&hellip;]<\/p>\n","protected":false},"author":4,"featured_media":6434,"comment_status":"closed","ping_status":"closed","sticky":false,"template":"","format":"standard","meta":{"footnotes":""},"categories":[7],"tags":[],"yoast_head":"<!-- This site is optimized with the Yoast SEO plugin v21.5 - https:\/\/yoast.com\/wordpress\/plugins\/seo\/ -->\n<title>Cosecha hist\u00f3rica de cereal en \u00c1lava - UAGA<\/title>\n<meta name=\"robots\" content=\"index, follow, max-snippet:-1, max-image-preview:large, max-video-preview:-1\" \/>\n<link rel=\"canonical\" href=\"https:\/\/www.uaga.eus\/cosecha-historica-de-cereal-en-alava\/\" \/>\n<meta property=\"og:locale\" content=\"en_US\" \/>\n<meta property=\"og:type\" content=\"article\" \/>\n<meta property=\"og:title\" content=\"Cosecha hist\u00f3rica de cereal en \u00c1lava - UAGA\" \/>\n<meta property=\"og:description\" content=\"La cosecha de cereal de 2019 ha finalizado con resultados muy positivos. La producci\u00f3n de trigo, cebada y avena ha sido muy regular en todo el Territorio, donde la producci\u00f3n media obtenida ha sido mejor que en a\u00f1os anteriores. En el caso del trigo y la cebada, el rendimiento se sit\u00faa en torno a los [&hellip;]\" \/>\n<meta property=\"og:url\" content=\"https:\/\/www.uaga.eus\/cosecha-historica-de-cereal-en-alava\/\" \/>\n<meta property=\"og:site_name\" content=\"UAGA\" \/>\n<meta property=\"article:published_time\" content=\"2019-09-06T11:10:00+00:00\" \/>\n<meta property=\"og:image\" content=\"https:\/\/www.uaga.eus\/wp-content\/uploads\/2019\/09\/COSECHA-CEREAL.jpg\" \/>\n\t<meta property=\"og:image:width\" content=\"650\" \/>\n\t<meta property=\"og:image:height\" content=\"330\" \/>\n\t<meta property=\"og:image:type\" content=\"image\/jpeg\" \/>\n<meta name=\"author\" content=\"Blanca S\u00e1nchez\" \/>\n<meta name=\"twitter:card\" content=\"summary_large_image\" \/>\n<meta name=\"twitter:label1\" content=\"Written by\" \/>\n\t<meta name=\"twitter:data1\" content=\"Blanca S\u00e1nchez\" \/>\n\t<meta name=\"twitter:label2\" content=\"Est. reading time\" \/>\n\t<meta name=\"twitter:data2\" content=\"2 minutua\" \/>\n<script type=\"application\/ld+json\" class=\"yoast-schema-graph\">{\"@context\":\"https:\/\/schema.org\",\"@graph\":[{\"@type\":\"WebPage\",\"@id\":\"https:\/\/www.uaga.eus\/cosecha-historica-de-cereal-en-alava\/\",\"url\":\"https:\/\/www.uaga.eus\/cosecha-historica-de-cereal-en-alava\/\",\"name\":\"Cosecha hist\u00f3rica de cereal en \u00c1lava - UAGA\",\"isPartOf\":{\"@id\":\"https:\/\/www.uaga.eus\/#website\"},\"datePublished\":\"2019-09-06T11:10:00+00:00\",\"dateModified\":\"2019-09-06T11:10:00+00:00\",\"author\":{\"@id\":\"https:\/\/www.uaga.eus\/#\/schema\/person\/48c3cbf0f33d1b788226dbb6518689cf\"},\"breadcrumb\":{\"@id\":\"https:\/\/www.uaga.eus\/cosecha-historica-de-cereal-en-alava\/#breadcrumb\"},\"inLanguage\":\"eu\",\"potentialAction\":[{\"@type\":\"ReadAction\",\"target\":[\"https:\/\/www.uaga.eus\/cosecha-historica-de-cereal-en-alava\/\"]}]},{\"@type\":\"BreadcrumbList\",\"@id\":\"https:\/\/www.uaga.eus\/cosecha-historica-de-cereal-en-alava\/#breadcrumb\",\"itemListElement\":[{\"@type\":\"ListItem\",\"position\":1,\"name\":\"Inicio\",\"item\":\"https:\/\/www.uaga.eus\/\"},{\"@type\":\"ListItem\",\"position\":2,\"name\":\"Cosecha hist\u00f3rica de cereal en \u00c1lava\"}]},{\"@type\":\"WebSite\",\"@id\":\"https:\/\/www.uaga.eus\/#website\",\"url\":\"https:\/\/www.uaga.eus\/\",\"name\":\"UAGA\",\"description\":\"Uni\u00f3n Agroganadera de \u00c1lava - Araba Nekazarien Elkartea\",\"potentialAction\":[{\"@type\":\"SearchAction\",\"target\":{\"@type\":\"EntryPoint\",\"urlTemplate\":\"https:\/\/www.uaga.eus\/?s={search_term_string}\"},\"query-input\":\"required name=search_term_string\"}],\"inLanguage\":\"eu\"},{\"@type\":\"Person\",\"@id\":\"https:\/\/www.uaga.eus\/#\/schema\/person\/48c3cbf0f33d1b788226dbb6518689cf\",\"name\":\"Blanca S\u00e1nchez\",\"image\":{\"@type\":\"ImageObject\",\"inLanguage\":\"eu\",\"@id\":\"https:\/\/www.uaga.eus\/#\/schema\/person\/image\/\",\"url\":\"https:\/\/secure.gravatar.com\/avatar\/0dc91c20648254b1ce84877283f6751b?s=96&d=mm&r=g\",\"contentUrl\":\"https:\/\/secure.gravatar.com\/avatar\/0dc91c20648254b1ce84877283f6751b?s=96&d=mm&r=g\",\"caption\":\"Blanca S\u00e1nchez\"},\"url\":\"https:\/\/www.uaga.eus\/eu\/author\/bsanchez\/\"}]}<\/script>\n<!-- \/ Yoast SEO plugin. -->","yoast_head_json":{"title":"Cosecha hist\u00f3rica de cereal en \u00c1lava - UAGA","robots":{"index":"index","follow":"follow","max-snippet":"max-snippet:-1","max-image-preview":"max-image-preview:large","max-video-preview":"max-video-preview:-1"},"canonical":"https:\/\/www.uaga.eus\/cosecha-historica-de-cereal-en-alava\/","og_locale":"en_US","og_type":"article","og_title":"Cosecha hist\u00f3rica de cereal en \u00c1lava - UAGA","og_description":"La cosecha de cereal de 2019 ha finalizado con resultados muy positivos. La producci\u00f3n de trigo, cebada y avena ha sido muy regular en todo el Territorio, donde la producci\u00f3n media obtenida ha sido mejor que en a\u00f1os anteriores. En el caso del trigo y la cebada, el rendimiento se sit\u00faa en torno a los [&hellip;]","og_url":"https:\/\/www.uaga.eus\/cosecha-historica-de-cereal-en-alava\/","og_site_name":"UAGA","article_published_time":"2019-09-06T11:10:00+00:00","og_image":[{"width":650,"height":330,"url":"https:\/\/www.uaga.eus\/wp-content\/uploads\/2019\/09\/COSECHA-CEREAL.jpg","type":"image\/jpeg"}],"author":"Blanca S\u00e1nchez","twitter_card":"summary_large_image","twitter_misc":{"Written by":"Blanca S\u00e1nchez","Est. reading time":"2 minutua"},"schema":{"@context":"https:\/\/schema.org","@graph":[{"@type":"WebPage","@id":"https:\/\/www.uaga.eus\/cosecha-historica-de-cereal-en-alava\/","url":"https:\/\/www.uaga.eus\/cosecha-historica-de-cereal-en-alava\/","name":"Cosecha hist\u00f3rica de cereal en \u00c1lava - UAGA","isPartOf":{"@id":"https:\/\/www.uaga.eus\/#website"},"datePublished":"2019-09-06T11:10:00+00:00","dateModified":"2019-09-06T11:10:00+00:00","author":{"@id":"https:\/\/www.uaga.eus\/#\/schema\/person\/48c3cbf0f33d1b788226dbb6518689cf"},"breadcrumb":{"@id":"https:\/\/www.uaga.eus\/cosecha-historica-de-cereal-en-alava\/#breadcrumb"},"inLanguage":"eu","potentialAction":[{"@type":"ReadAction","target":["https:\/\/www.uaga.eus\/cosecha-historica-de-cereal-en-alava\/"]}]},{"@type":"BreadcrumbList","@id":"https:\/\/www.uaga.eus\/cosecha-historica-de-cereal-en-alava\/#breadcrumb","itemListElement":[{"@type":"ListItem","position":1,"name":"Inicio","item":"https:\/\/www.uaga.eus\/"},{"@type":"ListItem","position":2,"name":"Cosecha hist\u00f3rica de cereal en \u00c1lava"}]},{"@type":"WebSite","@id":"https:\/\/www.uaga.eus\/#website","url":"https:\/\/www.uaga.eus\/","name":"UAGA","description":"Uni\u00f3n Agroganadera de \u00c1lava - Araba Nekazarien Elkartea","potentialAction":[{"@type":"SearchAction","target":{"@type":"EntryPoint","urlTemplate":"https:\/\/www.uaga.eus\/?s={search_term_string}"},"query-input":"required name=search_term_string"}],"inLanguage":"eu"},{"@type":"Person","@id":"https:\/\/www.uaga.eus\/#\/schema\/person\/48c3cbf0f33d1b788226dbb6518689cf","name":"Blanca S\u00e1nchez","image":{"@type":"ImageObject","inLanguage":"eu","@id":"https:\/\/www.uaga.eus\/#\/schema\/person\/image\/","url":"https:\/\/secure.gravatar.com\/avatar\/0dc91c20648254b1ce84877283f6751b?s=96&d=mm&r=g","contentUrl":"https:\/\/secure.gravatar.com\/avatar\/0dc91c20648254b1ce84877283f6751b?s=96&d=mm&r=g","caption":"Blanca S\u00e1nchez"},"url":"https:\/\/www.uaga.eus\/eu\/author\/bsanchez\/"}]}},"_links":{"self":[{"href":"https:\/\/www.uaga.eus\/eu\/wp-json\/wp\/v2\/posts\/6453"}],"collection":[{"href":"https:\/\/www.uaga.eus\/eu\/wp-json\/wp\/v2\/posts"}],"about":[{"href":"https:\/\/www.uaga.eus\/eu\/wp-json\/wp\/v2\/types\/post"}],"author":[{"embeddable":true,"href":"https:\/\/www.uaga.eus\/eu\/wp-json\/wp\/v2\/users\/4"}],"replies":[{"embeddable":true,"href":"https:\/\/www.uaga.eus\/eu\/wp-json\/wp\/v2\/comments?post=6453"}],"version-history":[{"count":1,"href":"https:\/\/www.uaga.eus\/eu\/wp-json\/wp\/v2\/posts\/6453\/revisions"}],"predecessor-version":[{"id":6454,"href":"https:\/\/www.uaga.eus\/eu\/wp-json\/wp\/v2\/posts\/6453\/revisions\/6454"}],"wp:featuredmedia":[{"embeddable":true,"href":"https:\/\/www.uaga.eus\/eu\/wp-json\/wp\/v2\/media\/6434"}],"wp:attachment":[{"href":"https:\/\/www.uaga.eus\/eu\/wp-json\/wp\/v2\/media?parent=6453"}],"wp:term":[{"taxonomy":"category","embeddable":true,"href":"https:\/\/www.uaga.eus\/eu\/wp-json\/wp\/v2\/categories?post=6453"},{"taxonomy":"post_tag","embeddable":true,"href":"https:\/\/www.uaga.eus\/eu\/wp-json\/wp\/v2\/tags?post=6453"}],"curies":[{"name":"wp","href":"https:\/\/api.w.org\/{rel}","templated":true}]}}