{"id":6449,"date":"2019-09-06T11:05:35","date_gmt":"2019-09-06T11:05:35","guid":{"rendered":"https:\/\/www.uaga.eus\/?p=6449"},"modified":"2019-09-06T11:17:46","modified_gmt":"2019-09-06T11:17:46","slug":"curso-sobre-pastoreo-regenerativo-en-artzain-eskola-de-arantzazu-del-2-al-5-de-octubre","status":"publish","type":"post","link":"https:\/\/www.uaga.eus\/eu\/curso-sobre-pastoreo-regenerativo-en-artzain-eskola-de-arantzazu-del-2-al-5-de-octubre\/","title":{"rendered":"Curso sobre pastoreo regenerativo en Artzain Eskola de Arantzazu, del 2 al 5 de octubre"},"content":{"rendered":"<p>HAZI-Artzain Eskola ha organizado un curso sobre pastoreo regenerativo en colaboraci\u00f3n con la Asociaci\u00f3n de Agricultura Regenerativa y Neiker-Tecnalia. Las jornadas se celebrar\u00e1n del 2 al 5 de octubre en Artzain Eskola de Arantzazu.<\/p>\n<p>El encuentro propone introducir las metodolog\u00edas de pastoreo regenerativo, mostrar experiencias reales de pr\u00e1cticas ganaderas, presentar estudios cient\u00edficos que avalan el impacto positivo y regeneraci\u00f3n de estos tipos de manejo, profundizar en la pr\u00e1ctica y ofrecer un espacio de intercambio y aprendizaje participativo para las personas practicantes e interesadas en el manejo regenerativo de su ganado y sus praderas.<\/p>\n<p>Puedes consultar el programa del curso e inscribirte en este <a href=\"https:\/\/gallery.mailchimp.com\/498b950ccfc4b8d0e600d7e48\/files\/22b90856-e012-4d63-95c9-faca726055a4\/20191002_Curso_Pastoreo_Regenerativo.pdf\" target=\"_blank\" rel=\"noopener\" data-cke-saved-href=\"https:\/\/gallery.mailchimp.com\/498b950ccfc4b8d0e600d7e48\/files\/22b90856-e012-4d63-95c9-faca726055a4\/20191002_Curso_Pastoreo_Regenerativo.pdf\">enlace<\/a>.<\/p>\n<p>+ info SUGOI:\u00a0675 707 696<\/p>\n","protected":false},"excerpt":{"rendered":"<p>HAZI-Artzain Eskola ha organizado un curso sobre pastoreo regenerativo en colaboraci\u00f3n con la Asociaci\u00f3n de Agricultura Regenerativa y Neiker-Tecnalia. Las jornadas se celebrar\u00e1n del 2 al 5 de octubre en Artzain Eskola de Arantzazu. El encuentro propone introducir las metodolog\u00edas de pastoreo regenerativo, mostrar experiencias reales de pr\u00e1cticas ganaderas, presentar estudios cient\u00edficos que avalan el [&hellip;]<\/p>\n","protected":false},"author":4,"featured_media":4737,"comment_status":"closed","ping_status":"closed","sticky":false,"template":"","format":"standard","meta":{"footnotes":""},"categories":[66,8],"tags":[],"yoast_head":"<!-- This site is optimized with the Yoast SEO plugin v21.5 - https:\/\/yoast.com\/wordpress\/plugins\/seo\/ -->\n<title>Curso sobre pastoreo regenerativo en Artzain Eskola de Arantzazu, del 2 al 5 de octubre - UAGA<\/title>\n<meta name=\"robots\" content=\"index, follow, max-snippet:-1, max-image-preview:large, max-video-preview:-1\" \/>\n<link rel=\"canonical\" href=\"https:\/\/www.uaga.eus\/curso-sobre-pastoreo-regenerativo-en-artzain-eskola-de-arantzazu-del-2-al-5-de-octubre\/\" \/>\n<meta property=\"og:locale\" content=\"en_US\" \/>\n<meta property=\"og:type\" content=\"article\" \/>\n<meta property=\"og:title\" content=\"Curso sobre pastoreo regenerativo en Artzain Eskola de Arantzazu, del 2 al 5 de octubre - UAGA\" \/>\n<meta property=\"og:description\" content=\"HAZI-Artzain Eskola ha organizado un curso sobre pastoreo regenerativo en colaboraci\u00f3n con la Asociaci\u00f3n de Agricultura Regenerativa y Neiker-Tecnalia. Las jornadas se celebrar\u00e1n del 2 al 5 de octubre en Artzain Eskola de Arantzazu. El encuentro propone introducir las metodolog\u00edas de pastoreo regenerativo, mostrar experiencias reales de pr\u00e1cticas ganaderas, presentar estudios cient\u00edficos que avalan el [&hellip;]\" \/>\n<meta property=\"og:url\" content=\"https:\/\/www.uaga.eus\/curso-sobre-pastoreo-regenerativo-en-artzain-eskola-de-arantzazu-del-2-al-5-de-octubre\/\" \/>\n<meta property=\"og:site_name\" content=\"UAGA\" \/>\n<meta property=\"article:published_time\" content=\"2019-09-06T11:05:35+00:00\" \/>\n<meta property=\"article:modified_time\" content=\"2019-09-06T11:17:46+00:00\" \/>\n<meta property=\"og:image\" content=\"https:\/\/www.uaga.eus\/wp-content\/uploads\/2018\/11\/ovejas-latxas-en-monte-e1541158745397.jpg\" \/>\n\t<meta property=\"og:image:width\" content=\"699\" \/>\n\t<meta property=\"og:image:height\" content=\"320\" \/>\n\t<meta property=\"og:image:type\" content=\"image\/jpeg\" \/>\n<meta name=\"author\" content=\"Blanca S\u00e1nchez\" \/>\n<meta name=\"twitter:card\" content=\"summary_large_image\" \/>\n<meta name=\"twitter:label1\" content=\"Written by\" \/>\n\t<meta name=\"twitter:data1\" content=\"Blanca S\u00e1nchez\" \/>\n\t<meta name=\"twitter:label2\" content=\"Est. reading time\" \/>\n\t<meta name=\"twitter:data2\" content=\"1 minutua\" \/>\n<script type=\"application\/ld+json\" class=\"yoast-schema-graph\">{\"@context\":\"https:\/\/schema.org\",\"@graph\":[{\"@type\":\"WebPage\",\"@id\":\"https:\/\/www.uaga.eus\/curso-sobre-pastoreo-regenerativo-en-artzain-eskola-de-arantzazu-del-2-al-5-de-octubre\/\",\"url\":\"https:\/\/www.uaga.eus\/curso-sobre-pastoreo-regenerativo-en-artzain-eskola-de-arantzazu-del-2-al-5-de-octubre\/\",\"name\":\"Curso sobre pastoreo regenerativo en Artzain Eskola de Arantzazu, del 2 al 5 de octubre - UAGA\",\"isPartOf\":{\"@id\":\"https:\/\/www.uaga.eus\/#website\"},\"datePublished\":\"2019-09-06T11:05:35+00:00\",\"dateModified\":\"2019-09-06T11:17:46+00:00\",\"author\":{\"@id\":\"https:\/\/www.uaga.eus\/#\/schema\/person\/48c3cbf0f33d1b788226dbb6518689cf\"},\"breadcrumb\":{\"@id\":\"https:\/\/www.uaga.eus\/curso-sobre-pastoreo-regenerativo-en-artzain-eskola-de-arantzazu-del-2-al-5-de-octubre\/#breadcrumb\"},\"inLanguage\":\"eu\",\"potentialAction\":[{\"@type\":\"ReadAction\",\"target\":[\"https:\/\/www.uaga.eus\/curso-sobre-pastoreo-regenerativo-en-artzain-eskola-de-arantzazu-del-2-al-5-de-octubre\/\"]}]},{\"@type\":\"BreadcrumbList\",\"@id\":\"https:\/\/www.uaga.eus\/curso-sobre-pastoreo-regenerativo-en-artzain-eskola-de-arantzazu-del-2-al-5-de-octubre\/#breadcrumb\",\"itemListElement\":[{\"@type\":\"ListItem\",\"position\":1,\"name\":\"Inicio\",\"item\":\"https:\/\/www.uaga.eus\/\"},{\"@type\":\"ListItem\",\"position\":2,\"name\":\"Curso sobre pastoreo regenerativo en Artzain Eskola de Arantzazu, del 2 al 5 de octubre\"}]},{\"@type\":\"WebSite\",\"@id\":\"https:\/\/www.uaga.eus\/#website\",\"url\":\"https:\/\/www.uaga.eus\/\",\"name\":\"UAGA\",\"description\":\"Uni\u00f3n Agroganadera de \u00c1lava - Araba Nekazarien Elkartea\",\"potentialAction\":[{\"@type\":\"SearchAction\",\"target\":{\"@type\":\"EntryPoint\",\"urlTemplate\":\"https:\/\/www.uaga.eus\/?s={search_term_string}\"},\"query-input\":\"required name=search_term_string\"}],\"inLanguage\":\"eu\"},{\"@type\":\"Person\",\"@id\":\"https:\/\/www.uaga.eus\/#\/schema\/person\/48c3cbf0f33d1b788226dbb6518689cf\",\"name\":\"Blanca S\u00e1nchez\",\"image\":{\"@type\":\"ImageObject\",\"inLanguage\":\"eu\",\"@id\":\"https:\/\/www.uaga.eus\/#\/schema\/person\/image\/\",\"url\":\"https:\/\/secure.gravatar.com\/avatar\/0dc91c20648254b1ce84877283f6751b?s=96&d=mm&r=g\",\"contentUrl\":\"https:\/\/secure.gravatar.com\/avatar\/0dc91c20648254b1ce84877283f6751b?s=96&d=mm&r=g\",\"caption\":\"Blanca S\u00e1nchez\"},\"url\":\"https:\/\/www.uaga.eus\/eu\/author\/bsanchez\/\"}]}<\/script>\n<!-- \/ Yoast SEO plugin. -->","yoast_head_json":{"title":"Curso sobre pastoreo regenerativo en Artzain Eskola de Arantzazu, del 2 al 5 de octubre - UAGA","robots":{"index":"index","follow":"follow","max-snippet":"max-snippet:-1","max-image-preview":"max-image-preview:large","max-video-preview":"max-video-preview:-1"},"canonical":"https:\/\/www.uaga.eus\/curso-sobre-pastoreo-regenerativo-en-artzain-eskola-de-arantzazu-del-2-al-5-de-octubre\/","og_locale":"en_US","og_type":"article","og_title":"Curso sobre pastoreo regenerativo en Artzain Eskola de Arantzazu, del 2 al 5 de octubre - UAGA","og_description":"HAZI-Artzain Eskola ha organizado un curso sobre pastoreo regenerativo en colaboraci\u00f3n con la Asociaci\u00f3n de Agricultura Regenerativa y Neiker-Tecnalia. Las jornadas se celebrar\u00e1n del 2 al 5 de octubre en Artzain Eskola de Arantzazu. El encuentro propone introducir las metodolog\u00edas de pastoreo regenerativo, mostrar experiencias reales de pr\u00e1cticas ganaderas, presentar estudios cient\u00edficos que avalan el [&hellip;]","og_url":"https:\/\/www.uaga.eus\/curso-sobre-pastoreo-regenerativo-en-artzain-eskola-de-arantzazu-del-2-al-5-de-octubre\/","og_site_name":"UAGA","article_published_time":"2019-09-06T11:05:35+00:00","article_modified_time":"2019-09-06T11:17:46+00:00","og_image":[{"width":699,"height":320,"url":"https:\/\/www.uaga.eus\/wp-content\/uploads\/2018\/11\/ovejas-latxas-en-monte-e1541158745397.jpg","type":"image\/jpeg"}],"author":"Blanca S\u00e1nchez","twitter_card":"summary_large_image","twitter_misc":{"Written by":"Blanca S\u00e1nchez","Est. reading time":"1 minutua"},"schema":{"@context":"https:\/\/schema.org","@graph":[{"@type":"WebPage","@id":"https:\/\/www.uaga.eus\/curso-sobre-pastoreo-regenerativo-en-artzain-eskola-de-arantzazu-del-2-al-5-de-octubre\/","url":"https:\/\/www.uaga.eus\/curso-sobre-pastoreo-regenerativo-en-artzain-eskola-de-arantzazu-del-2-al-5-de-octubre\/","name":"Curso sobre pastoreo regenerativo en Artzain Eskola de Arantzazu, del 2 al 5 de octubre - UAGA","isPartOf":{"@id":"https:\/\/www.uaga.eus\/#website"},"datePublished":"2019-09-06T11:05:35+00:00","dateModified":"2019-09-06T11:17:46+00:00","author":{"@id":"https:\/\/www.uaga.eus\/#\/schema\/person\/48c3cbf0f33d1b788226dbb6518689cf"},"breadcrumb":{"@id":"https:\/\/www.uaga.eus\/curso-sobre-pastoreo-regenerativo-en-artzain-eskola-de-arantzazu-del-2-al-5-de-octubre\/#breadcrumb"},"inLanguage":"eu","potentialAction":[{"@type":"ReadAction","target":["https:\/\/www.uaga.eus\/curso-sobre-pastoreo-regenerativo-en-artzain-eskola-de-arantzazu-del-2-al-5-de-octubre\/"]}]},{"@type":"BreadcrumbList","@id":"https:\/\/www.uaga.eus\/curso-sobre-pastoreo-regenerativo-en-artzain-eskola-de-arantzazu-del-2-al-5-de-octubre\/#breadcrumb","itemListElement":[{"@type":"ListItem","position":1,"name":"Inicio","item":"https:\/\/www.uaga.eus\/"},{"@type":"ListItem","position":2,"name":"Curso sobre pastoreo regenerativo en Artzain Eskola de Arantzazu, del 2 al 5 de octubre"}]},{"@type":"WebSite","@id":"https:\/\/www.uaga.eus\/#website","url":"https:\/\/www.uaga.eus\/","name":"UAGA","description":"Uni\u00f3n Agroganadera de \u00c1lava - Araba Nekazarien Elkartea","potentialAction":[{"@type":"SearchAction","target":{"@type":"EntryPoint","urlTemplate":"https:\/\/www.uaga.eus\/?s={search_term_string}"},"query-input":"required name=search_term_string"}],"inLanguage":"eu"},{"@type":"Person","@id":"https:\/\/www.uaga.eus\/#\/schema\/person\/48c3cbf0f33d1b788226dbb6518689cf","name":"Blanca S\u00e1nchez","image":{"@type":"ImageObject","inLanguage":"eu","@id":"https:\/\/www.uaga.eus\/#\/schema\/person\/image\/","url":"https:\/\/secure.gravatar.com\/avatar\/0dc91c20648254b1ce84877283f6751b?s=96&d=mm&r=g","contentUrl":"https:\/\/secure.gravatar.com\/avatar\/0dc91c20648254b1ce84877283f6751b?s=96&d=mm&r=g","caption":"Blanca S\u00e1nchez"},"url":"https:\/\/www.uaga.eus\/eu\/author\/bsanchez\/"}]}},"_links":{"self":[{"href":"https:\/\/www.uaga.eus\/eu\/wp-json\/wp\/v2\/posts\/6449"}],"collection":[{"href":"https:\/\/www.uaga.eus\/eu\/wp-json\/wp\/v2\/posts"}],"about":[{"href":"https:\/\/www.uaga.eus\/eu\/wp-json\/wp\/v2\/types\/post"}],"author":[{"embeddable":true,"href":"https:\/\/www.uaga.eus\/eu\/wp-json\/wp\/v2\/users\/4"}],"replies":[{"embeddable":true,"href":"https:\/\/www.uaga.eus\/eu\/wp-json\/wp\/v2\/comments?post=6449"}],"version-history":[{"count":2,"href":"https:\/\/www.uaga.eus\/eu\/wp-json\/wp\/v2\/posts\/6449\/revisions"}],"predecessor-version":[{"id":6461,"href":"https:\/\/www.uaga.eus\/eu\/wp-json\/wp\/v2\/posts\/6449\/revisions\/6461"}],"wp:featuredmedia":[{"embeddable":true,"href":"https:\/\/www.uaga.eus\/eu\/wp-json\/wp\/v2\/media\/4737"}],"wp:attachment":[{"href":"https:\/\/www.uaga.eus\/eu\/wp-json\/wp\/v2\/media?parent=6449"}],"wp:term":[{"taxonomy":"category","embeddable":true,"href":"https:\/\/www.uaga.eus\/eu\/wp-json\/wp\/v2\/categories?post=6449"},{"taxonomy":"post_tag","embeddable":true,"href":"https:\/\/www.uaga.eus\/eu\/wp-json\/wp\/v2\/tags?post=6449"}],"curies":[{"name":"wp","href":"https:\/\/api.w.org\/{rel}","templated":true}]}}