{"id":6432,"date":"2019-09-06T10:55:40","date_gmt":"2019-09-06T10:55:40","guid":{"rendered":"https:\/\/www.uaga.eus\/?p=6432"},"modified":"2019-09-06T11:35:24","modified_gmt":"2019-09-06T11:35:24","slug":"el-sector-cooperativo-espanol-mantiene-una-tendencia-positiva-aumentando-facturacion-y-empleo","status":"publish","type":"post","link":"https:\/\/www.uaga.eus\/eu\/el-sector-cooperativo-espanol-mantiene-una-tendencia-positiva-aumentando-facturacion-y-empleo\/","title":{"rendered":"El sector cooperativo espa\u00f1ol mantiene una tendencia positiva, aumentando facturaci\u00f3n y empleo"},"content":{"rendered":"<p><span style=\"font-family: arial, helvetica neue, helvetica, sans-serif;\">El Ministerio de Agricultura ha publicado recientemente el\u00a0Observatorio Socioecon\u00f3mico del cooperativismo agroalimentario espa\u00f1ol.<\/p>\n<p>Seg\u00fan el informe presentado, con datos relativos a la evoluci\u00f3n de los \u00faltimos diez a\u00f1os,\u00a0\u00a0las cooperativas contin\u00faan mostrando una tendencia general positiva.<br \/>\nEn los \u00faltimos a\u00f1os se ha producido\u00a0un efecto de concentraci\u00f3n empresarial,\u00a0\u00a0disminuyendo el\u00a0n\u00famero de cooperativas, pero increment\u00e1ndose\u00a0el tama\u00f1o medio de cada empresa.\u00a0Actualmente las cooperativas agroalimentarias de Espa\u00f1a generan mas de 100.000 empleos directos.<\/p>\n<p>Puedes ver el informe <a href=\"https:\/\/gallery.mailchimp.com\/498b950ccfc4b8d0e600d7e48\/files\/ac11e3ec-47ff-4273-bdd5-f2f786d10a99\/20190723_Informe_Coop_Agroalimentario_2017_OSCAE2018.VF.pdf\" target=\"_blank\" rel=\"noopener\" data-cke-saved-href=\"https:\/\/gallery.mailchimp.com\/498b950ccfc4b8d0e600d7e48\/files\/ac11e3ec-47ff-4273-bdd5-f2f786d10a99\/20190723_Informe_Coop_Agroalimentario_2017_OSCAE2018.VF.pdf\">aqu\u00ed<\/a>.<\/span><\/p>","protected":false},"excerpt":{"rendered":"<p>El Ministerio de Agricultura ha publicado recientemente el\u00a0Observatorio Socioecon\u00f3mico del cooperativismo agroalimentario espa\u00f1ol. Seg\u00fan el informe presentado, con datos relativos a la evoluci\u00f3n de los \u00faltimos diez a\u00f1os,\u00a0\u00a0las cooperativas contin\u00faan mostrando una tendencia general positiva. En los \u00faltimos a\u00f1os se ha producido\u00a0un efecto de concentraci\u00f3n empresarial,\u00a0\u00a0disminuyendo el\u00a0n\u00famero de cooperativas, pero increment\u00e1ndose\u00a0el tama\u00f1o medio de cada [&hellip;]<\/p>\n","protected":false},"author":4,"featured_media":6436,"comment_status":"closed","ping_status":"closed","sticky":false,"template":"","format":"standard","meta":{"footnotes":""},"categories":[12],"tags":[],"yoast_head":"<!-- This site is optimized with the Yoast SEO plugin v21.5 - https:\/\/yoast.com\/wordpress\/plugins\/seo\/ -->\n<title>El sector cooperativo espa\u00f1ol mantiene una tendencia positiva, aumentando facturaci\u00f3n y empleo - UAGA<\/title>\n<meta name=\"robots\" content=\"index, follow, max-snippet:-1, max-image-preview:large, max-video-preview:-1\" \/>\n<link rel=\"canonical\" href=\"https:\/\/www.uaga.eus\/el-sector-cooperativo-espanol-mantiene-una-tendencia-positiva-aumentando-facturacion-y-empleo\/\" \/>\n<meta property=\"og:locale\" content=\"en_US\" \/>\n<meta property=\"og:type\" content=\"article\" \/>\n<meta property=\"og:title\" content=\"El sector cooperativo espa\u00f1ol mantiene una tendencia positiva, aumentando facturaci\u00f3n y empleo - UAGA\" \/>\n<meta property=\"og:description\" content=\"El Ministerio de Agricultura ha publicado recientemente el\u00a0Observatorio Socioecon\u00f3mico del cooperativismo agroalimentario espa\u00f1ol. Seg\u00fan el informe presentado, con datos relativos a la evoluci\u00f3n de los \u00faltimos diez a\u00f1os,\u00a0\u00a0las cooperativas contin\u00faan mostrando una tendencia general positiva. En los \u00faltimos a\u00f1os se ha producido\u00a0un efecto de concentraci\u00f3n empresarial,\u00a0\u00a0disminuyendo el\u00a0n\u00famero de cooperativas, pero increment\u00e1ndose\u00a0el tama\u00f1o medio de cada [&hellip;]\" \/>\n<meta property=\"og:url\" content=\"https:\/\/www.uaga.eus\/el-sector-cooperativo-espanol-mantiene-una-tendencia-positiva-aumentando-facturacion-y-empleo\/\" \/>\n<meta property=\"og:site_name\" content=\"UAGA\" \/>\n<meta property=\"article:published_time\" content=\"2019-09-06T10:55:40+00:00\" \/>\n<meta property=\"article:modified_time\" content=\"2019-09-06T11:35:24+00:00\" \/>\n<meta property=\"og:image\" content=\"https:\/\/www.uaga.eus\/wp-content\/uploads\/2019\/09\/almacen-cereal.jpg\" \/>\n\t<meta property=\"og:image:width\" content=\"676\" \/>\n\t<meta property=\"og:image:height\" content=\"333\" \/>\n\t<meta property=\"og:image:type\" content=\"image\/jpeg\" \/>\n<meta name=\"author\" content=\"Blanca S\u00e1nchez\" \/>\n<meta name=\"twitter:card\" content=\"summary_large_image\" \/>\n<meta name=\"twitter:label1\" content=\"Written by\" \/>\n\t<meta name=\"twitter:data1\" content=\"Blanca S\u00e1nchez\" \/>\n\t<meta name=\"twitter:label2\" content=\"Est. reading time\" \/>\n\t<meta name=\"twitter:data2\" content=\"1 minutua\" \/>\n<script type=\"application\/ld+json\" class=\"yoast-schema-graph\">{\"@context\":\"https:\/\/schema.org\",\"@graph\":[{\"@type\":\"WebPage\",\"@id\":\"https:\/\/www.uaga.eus\/el-sector-cooperativo-espanol-mantiene-una-tendencia-positiva-aumentando-facturacion-y-empleo\/\",\"url\":\"https:\/\/www.uaga.eus\/el-sector-cooperativo-espanol-mantiene-una-tendencia-positiva-aumentando-facturacion-y-empleo\/\",\"name\":\"El sector cooperativo espa\u00f1ol mantiene una tendencia positiva, aumentando facturaci\u00f3n y empleo - UAGA\",\"isPartOf\":{\"@id\":\"https:\/\/www.uaga.eus\/#website\"},\"datePublished\":\"2019-09-06T10:55:40+00:00\",\"dateModified\":\"2019-09-06T11:35:24+00:00\",\"author\":{\"@id\":\"https:\/\/www.uaga.eus\/#\/schema\/person\/48c3cbf0f33d1b788226dbb6518689cf\"},\"breadcrumb\":{\"@id\":\"https:\/\/www.uaga.eus\/el-sector-cooperativo-espanol-mantiene-una-tendencia-positiva-aumentando-facturacion-y-empleo\/#breadcrumb\"},\"inLanguage\":\"eu\",\"potentialAction\":[{\"@type\":\"ReadAction\",\"target\":[\"https:\/\/www.uaga.eus\/el-sector-cooperativo-espanol-mantiene-una-tendencia-positiva-aumentando-facturacion-y-empleo\/\"]}]},{\"@type\":\"BreadcrumbList\",\"@id\":\"https:\/\/www.uaga.eus\/el-sector-cooperativo-espanol-mantiene-una-tendencia-positiva-aumentando-facturacion-y-empleo\/#breadcrumb\",\"itemListElement\":[{\"@type\":\"ListItem\",\"position\":1,\"name\":\"Inicio\",\"item\":\"https:\/\/www.uaga.eus\/\"},{\"@type\":\"ListItem\",\"position\":2,\"name\":\"El sector cooperativo espa\u00f1ol mantiene una tendencia positiva, aumentando facturaci\u00f3n y empleo\"}]},{\"@type\":\"WebSite\",\"@id\":\"https:\/\/www.uaga.eus\/#website\",\"url\":\"https:\/\/www.uaga.eus\/\",\"name\":\"UAGA\",\"description\":\"Uni\u00f3n Agroganadera de \u00c1lava - Araba Nekazarien Elkartea\",\"potentialAction\":[{\"@type\":\"SearchAction\",\"target\":{\"@type\":\"EntryPoint\",\"urlTemplate\":\"https:\/\/www.uaga.eus\/?s={search_term_string}\"},\"query-input\":\"required name=search_term_string\"}],\"inLanguage\":\"eu\"},{\"@type\":\"Person\",\"@id\":\"https:\/\/www.uaga.eus\/#\/schema\/person\/48c3cbf0f33d1b788226dbb6518689cf\",\"name\":\"Blanca S\u00e1nchez\",\"image\":{\"@type\":\"ImageObject\",\"inLanguage\":\"eu\",\"@id\":\"https:\/\/www.uaga.eus\/#\/schema\/person\/image\/\",\"url\":\"https:\/\/secure.gravatar.com\/avatar\/0dc91c20648254b1ce84877283f6751b?s=96&d=mm&r=g\",\"contentUrl\":\"https:\/\/secure.gravatar.com\/avatar\/0dc91c20648254b1ce84877283f6751b?s=96&d=mm&r=g\",\"caption\":\"Blanca S\u00e1nchez\"},\"url\":\"https:\/\/www.uaga.eus\/eu\/author\/bsanchez\/\"}]}<\/script>\n<!-- \/ Yoast SEO plugin. -->","yoast_head_json":{"title":"El sector cooperativo espa\u00f1ol mantiene una tendencia positiva, aumentando facturaci\u00f3n y empleo - UAGA","robots":{"index":"index","follow":"follow","max-snippet":"max-snippet:-1","max-image-preview":"max-image-preview:large","max-video-preview":"max-video-preview:-1"},"canonical":"https:\/\/www.uaga.eus\/el-sector-cooperativo-espanol-mantiene-una-tendencia-positiva-aumentando-facturacion-y-empleo\/","og_locale":"en_US","og_type":"article","og_title":"El sector cooperativo espa\u00f1ol mantiene una tendencia positiva, aumentando facturaci\u00f3n y empleo - UAGA","og_description":"El Ministerio de Agricultura ha publicado recientemente el\u00a0Observatorio Socioecon\u00f3mico del cooperativismo agroalimentario espa\u00f1ol. Seg\u00fan el informe presentado, con datos relativos a la evoluci\u00f3n de los \u00faltimos diez a\u00f1os,\u00a0\u00a0las cooperativas contin\u00faan mostrando una tendencia general positiva. En los \u00faltimos a\u00f1os se ha producido\u00a0un efecto de concentraci\u00f3n empresarial,\u00a0\u00a0disminuyendo el\u00a0n\u00famero de cooperativas, pero increment\u00e1ndose\u00a0el tama\u00f1o medio de cada [&hellip;]","og_url":"https:\/\/www.uaga.eus\/el-sector-cooperativo-espanol-mantiene-una-tendencia-positiva-aumentando-facturacion-y-empleo\/","og_site_name":"UAGA","article_published_time":"2019-09-06T10:55:40+00:00","article_modified_time":"2019-09-06T11:35:24+00:00","og_image":[{"width":676,"height":333,"url":"https:\/\/www.uaga.eus\/wp-content\/uploads\/2019\/09\/almacen-cereal.jpg","type":"image\/jpeg"}],"author":"Blanca S\u00e1nchez","twitter_card":"summary_large_image","twitter_misc":{"Written by":"Blanca S\u00e1nchez","Est. reading time":"1 minutua"},"schema":{"@context":"https:\/\/schema.org","@graph":[{"@type":"WebPage","@id":"https:\/\/www.uaga.eus\/el-sector-cooperativo-espanol-mantiene-una-tendencia-positiva-aumentando-facturacion-y-empleo\/","url":"https:\/\/www.uaga.eus\/el-sector-cooperativo-espanol-mantiene-una-tendencia-positiva-aumentando-facturacion-y-empleo\/","name":"El sector cooperativo espa\u00f1ol mantiene una tendencia positiva, aumentando facturaci\u00f3n y empleo - UAGA","isPartOf":{"@id":"https:\/\/www.uaga.eus\/#website"},"datePublished":"2019-09-06T10:55:40+00:00","dateModified":"2019-09-06T11:35:24+00:00","author":{"@id":"https:\/\/www.uaga.eus\/#\/schema\/person\/48c3cbf0f33d1b788226dbb6518689cf"},"breadcrumb":{"@id":"https:\/\/www.uaga.eus\/el-sector-cooperativo-espanol-mantiene-una-tendencia-positiva-aumentando-facturacion-y-empleo\/#breadcrumb"},"inLanguage":"eu","potentialAction":[{"@type":"ReadAction","target":["https:\/\/www.uaga.eus\/el-sector-cooperativo-espanol-mantiene-una-tendencia-positiva-aumentando-facturacion-y-empleo\/"]}]},{"@type":"BreadcrumbList","@id":"https:\/\/www.uaga.eus\/el-sector-cooperativo-espanol-mantiene-una-tendencia-positiva-aumentando-facturacion-y-empleo\/#breadcrumb","itemListElement":[{"@type":"ListItem","position":1,"name":"Inicio","item":"https:\/\/www.uaga.eus\/"},{"@type":"ListItem","position":2,"name":"El sector cooperativo espa\u00f1ol mantiene una tendencia positiva, aumentando facturaci\u00f3n y empleo"}]},{"@type":"WebSite","@id":"https:\/\/www.uaga.eus\/#website","url":"https:\/\/www.uaga.eus\/","name":"UAGA","description":"Uni\u00f3n Agroganadera de \u00c1lava - Araba Nekazarien Elkartea","potentialAction":[{"@type":"SearchAction","target":{"@type":"EntryPoint","urlTemplate":"https:\/\/www.uaga.eus\/?s={search_term_string}"},"query-input":"required name=search_term_string"}],"inLanguage":"eu"},{"@type":"Person","@id":"https:\/\/www.uaga.eus\/#\/schema\/person\/48c3cbf0f33d1b788226dbb6518689cf","name":"Blanca S\u00e1nchez","image":{"@type":"ImageObject","inLanguage":"eu","@id":"https:\/\/www.uaga.eus\/#\/schema\/person\/image\/","url":"https:\/\/secure.gravatar.com\/avatar\/0dc91c20648254b1ce84877283f6751b?s=96&d=mm&r=g","contentUrl":"https:\/\/secure.gravatar.com\/avatar\/0dc91c20648254b1ce84877283f6751b?s=96&d=mm&r=g","caption":"Blanca S\u00e1nchez"},"url":"https:\/\/www.uaga.eus\/eu\/author\/bsanchez\/"}]}},"_links":{"self":[{"href":"https:\/\/www.uaga.eus\/eu\/wp-json\/wp\/v2\/posts\/6432"}],"collection":[{"href":"https:\/\/www.uaga.eus\/eu\/wp-json\/wp\/v2\/posts"}],"about":[{"href":"https:\/\/www.uaga.eus\/eu\/wp-json\/wp\/v2\/types\/post"}],"author":[{"embeddable":true,"href":"https:\/\/www.uaga.eus\/eu\/wp-json\/wp\/v2\/users\/4"}],"replies":[{"embeddable":true,"href":"https:\/\/www.uaga.eus\/eu\/wp-json\/wp\/v2\/comments?post=6432"}],"version-history":[{"count":4,"href":"https:\/\/www.uaga.eus\/eu\/wp-json\/wp\/v2\/posts\/6432\/revisions"}],"predecessor-version":[{"id":6467,"href":"https:\/\/www.uaga.eus\/eu\/wp-json\/wp\/v2\/posts\/6432\/revisions\/6467"}],"wp:featuredmedia":[{"embeddable":true,"href":"https:\/\/www.uaga.eus\/eu\/wp-json\/wp\/v2\/media\/6436"}],"wp:attachment":[{"href":"https:\/\/www.uaga.eus\/eu\/wp-json\/wp\/v2\/media?parent=6432"}],"wp:term":[{"taxonomy":"category","embeddable":true,"href":"https:\/\/www.uaga.eus\/eu\/wp-json\/wp\/v2\/categories?post=6432"},{"taxonomy":"post_tag","embeddable":true,"href":"https:\/\/www.uaga.eus\/eu\/wp-json\/wp\/v2\/tags?post=6432"}],"curies":[{"name":"wp","href":"https:\/\/api.w.org\/{rel}","templated":true}]}}