{"id":6415,"date":"2019-08-01T12:44:48","date_gmt":"2019-08-01T12:44:48","guid":{"rendered":"https:\/\/www.uaga.eus\/?p=6415"},"modified":"2019-08-01T12:45:41","modified_gmt":"2019-08-01T12:45:41","slug":"uaga-ha-participado-en-la-feria-de-santiago-de-vitoria-gasteiz-con-un-stand-dedicado-a-los-jovenes-del-sector","status":"publish","type":"post","link":"https:\/\/www.uaga.eus\/eu\/uaga-ha-participado-en-la-feria-de-santiago-de-vitoria-gasteiz-con-un-stand-dedicado-a-los-jovenes-del-sector\/","title":{"rendered":"UAGA ha participado en la Feria de Santiago de Vitoria-Gasteiz con un stand dedicado a los j\u00f3venes del sector"},"content":{"rendered":"<p>Este a\u00f1o la feria ha tenido como tema central el despoblamiento del medio rural.<\/p>\n<p>Hemos apoyado la visibilidad de este problema mostrando en el stand de UAGA la importancia de ofrecer un sector con futuro para que los j\u00f3venes quieran incorporarse y se mantenga adem\u00e1s la vida en los pueblos.<\/p>\n<p>Desde 2016 en UAGA estamos llevando a cabo un Proyecto de Incorporaci\u00f3n de J\u00f3venes al Sector, siendo el relevo generacional uno de nuestros ejes estrat\u00e9gicos.<\/p>\n<p>En este <a href=\"https:\/\/www.uaga.eus\/wp-content\/uploads\/2019\/08\/UAGA-INFO7_EUS-JOVENES.pdf\">link<\/a>\u00a0puedes ver el resumen del proyecto.<\/p>\n<p>+ info GUSTAVO: 635 704 865<\/p>","protected":false},"excerpt":{"rendered":"<p>Este a\u00f1o la feria ha tenido como tema central el despoblamiento del medio rural. Hemos apoyado la visibilidad de este problema mostrando en el stand de UAGA la importancia de ofrecer un sector con futuro para que los j\u00f3venes quieran incorporarse y se mantenga adem\u00e1s la vida en los pueblos. Desde 2016 en UAGA estamos [&hellip;]<\/p>\n","protected":false},"author":4,"featured_media":6417,"comment_status":"closed","ping_status":"closed","sticky":false,"template":"","format":"standard","meta":{"footnotes":""},"categories":[37,3],"tags":[],"yoast_head":"<!-- This site is optimized with the Yoast SEO plugin v21.5 - https:\/\/yoast.com\/wordpress\/plugins\/seo\/ -->\n<title>UAGA ha participado en la Feria de Santiago de Vitoria-Gasteiz con un stand dedicado a los j\u00f3venes del sector - UAGA<\/title>\n<meta name=\"robots\" content=\"index, follow, max-snippet:-1, max-image-preview:large, max-video-preview:-1\" \/>\n<link rel=\"canonical\" href=\"https:\/\/www.uaga.eus\/eu\/uaga-ha-participado-en-la-feria-de-santiago-de-vitoria-gasteiz-con-un-stand-dedicado-a-los-jovenes-del-sector\/\" \/>\n<meta property=\"og:locale\" content=\"en_US\" \/>\n<meta property=\"og:type\" content=\"article\" \/>\n<meta property=\"og:title\" content=\"UAGA ha participado en la Feria de Santiago de Vitoria-Gasteiz con un stand dedicado a los j\u00f3venes del sector - UAGA\" \/>\n<meta property=\"og:description\" content=\"Este a\u00f1o la feria ha tenido como tema central el despoblamiento del medio rural. Hemos apoyado la visibilidad de este problema mostrando en el stand de UAGA la importancia de ofrecer un sector con futuro para que los j\u00f3venes quieran incorporarse y se mantenga adem\u00e1s la vida en los pueblos. Desde 2016 en UAGA estamos [&hellip;]\" \/>\n<meta property=\"og:url\" content=\"https:\/\/www.uaga.eus\/eu\/uaga-ha-participado-en-la-feria-de-santiago-de-vitoria-gasteiz-con-un-stand-dedicado-a-los-jovenes-del-sector\/\" \/>\n<meta property=\"og:site_name\" content=\"UAGA\" \/>\n<meta property=\"article:published_time\" content=\"2019-08-01T12:44:48+00:00\" \/>\n<meta property=\"article:modified_time\" content=\"2019-08-01T12:45:41+00:00\" \/>\n<meta property=\"og:image\" content=\"https:\/\/www.uaga.eus\/wp-content\/uploads\/2019\/08\/190725-feria-santiago-2-e1564663527739.jpeg\" \/>\n\t<meta property=\"og:image:width\" content=\"650\" \/>\n\t<meta property=\"og:image:height\" content=\"372\" \/>\n\t<meta property=\"og:image:type\" content=\"image\/jpeg\" \/>\n<meta name=\"author\" content=\"Blanca S\u00e1nchez\" \/>\n<meta name=\"twitter:card\" content=\"summary_large_image\" \/>\n<meta name=\"twitter:label1\" content=\"Written by\" \/>\n\t<meta name=\"twitter:data1\" content=\"Blanca S\u00e1nchez\" \/>\n\t<meta name=\"twitter:label2\" content=\"Est. reading time\" \/>\n\t<meta name=\"twitter:data2\" content=\"1 minutua\" \/>\n<script type=\"application\/ld+json\" class=\"yoast-schema-graph\">{\"@context\":\"https:\/\/schema.org\",\"@graph\":[{\"@type\":\"WebPage\",\"@id\":\"https:\/\/www.uaga.eus\/eu\/uaga-ha-participado-en-la-feria-de-santiago-de-vitoria-gasteiz-con-un-stand-dedicado-a-los-jovenes-del-sector\/\",\"url\":\"https:\/\/www.uaga.eus\/eu\/uaga-ha-participado-en-la-feria-de-santiago-de-vitoria-gasteiz-con-un-stand-dedicado-a-los-jovenes-del-sector\/\",\"name\":\"UAGA ha participado en la Feria de Santiago de Vitoria-Gasteiz con un stand dedicado a los j\u00f3venes del sector - UAGA\",\"isPartOf\":{\"@id\":\"https:\/\/www.uaga.eus\/#website\"},\"datePublished\":\"2019-08-01T12:44:48+00:00\",\"dateModified\":\"2019-08-01T12:45:41+00:00\",\"author\":{\"@id\":\"https:\/\/www.uaga.eus\/#\/schema\/person\/48c3cbf0f33d1b788226dbb6518689cf\"},\"breadcrumb\":{\"@id\":\"https:\/\/www.uaga.eus\/eu\/uaga-ha-participado-en-la-feria-de-santiago-de-vitoria-gasteiz-con-un-stand-dedicado-a-los-jovenes-del-sector\/#breadcrumb\"},\"inLanguage\":\"eu\",\"potentialAction\":[{\"@type\":\"ReadAction\",\"target\":[\"https:\/\/www.uaga.eus\/eu\/uaga-ha-participado-en-la-feria-de-santiago-de-vitoria-gasteiz-con-un-stand-dedicado-a-los-jovenes-del-sector\/\"]}]},{\"@type\":\"BreadcrumbList\",\"@id\":\"https:\/\/www.uaga.eus\/eu\/uaga-ha-participado-en-la-feria-de-santiago-de-vitoria-gasteiz-con-un-stand-dedicado-a-los-jovenes-del-sector\/#breadcrumb\",\"itemListElement\":[{\"@type\":\"ListItem\",\"position\":1,\"name\":\"Inicio\",\"item\":\"https:\/\/www.uaga.eus\/\"},{\"@type\":\"ListItem\",\"position\":2,\"name\":\"UAGA ha participado en la Feria de Santiago de Vitoria-Gasteiz con un stand dedicado a los j\u00f3venes del sector\"}]},{\"@type\":\"WebSite\",\"@id\":\"https:\/\/www.uaga.eus\/#website\",\"url\":\"https:\/\/www.uaga.eus\/\",\"name\":\"UAGA\",\"description\":\"Uni\u00f3n Agroganadera de \u00c1lava - Araba Nekazarien Elkartea\",\"potentialAction\":[{\"@type\":\"SearchAction\",\"target\":{\"@type\":\"EntryPoint\",\"urlTemplate\":\"https:\/\/www.uaga.eus\/?s={search_term_string}\"},\"query-input\":\"required name=search_term_string\"}],\"inLanguage\":\"eu\"},{\"@type\":\"Person\",\"@id\":\"https:\/\/www.uaga.eus\/#\/schema\/person\/48c3cbf0f33d1b788226dbb6518689cf\",\"name\":\"Blanca S\u00e1nchez\",\"image\":{\"@type\":\"ImageObject\",\"inLanguage\":\"eu\",\"@id\":\"https:\/\/www.uaga.eus\/#\/schema\/person\/image\/\",\"url\":\"https:\/\/secure.gravatar.com\/avatar\/0dc91c20648254b1ce84877283f6751b?s=96&d=mm&r=g\",\"contentUrl\":\"https:\/\/secure.gravatar.com\/avatar\/0dc91c20648254b1ce84877283f6751b?s=96&d=mm&r=g\",\"caption\":\"Blanca S\u00e1nchez\"},\"url\":\"https:\/\/www.uaga.eus\/eu\/author\/bsanchez\/\"}]}<\/script>\n<!-- \/ Yoast SEO plugin. -->","yoast_head_json":{"title":"UAGA ha participado en la Feria de Santiago de Vitoria-Gasteiz con un stand dedicado a los j\u00f3venes del sector - UAGA","robots":{"index":"index","follow":"follow","max-snippet":"max-snippet:-1","max-image-preview":"max-image-preview:large","max-video-preview":"max-video-preview:-1"},"canonical":"https:\/\/www.uaga.eus\/eu\/uaga-ha-participado-en-la-feria-de-santiago-de-vitoria-gasteiz-con-un-stand-dedicado-a-los-jovenes-del-sector\/","og_locale":"en_US","og_type":"article","og_title":"UAGA ha participado en la Feria de Santiago de Vitoria-Gasteiz con un stand dedicado a los j\u00f3venes del sector - UAGA","og_description":"Este a\u00f1o la feria ha tenido como tema central el despoblamiento del medio rural. Hemos apoyado la visibilidad de este problema mostrando en el stand de UAGA la importancia de ofrecer un sector con futuro para que los j\u00f3venes quieran incorporarse y se mantenga adem\u00e1s la vida en los pueblos. Desde 2016 en UAGA estamos [&hellip;]","og_url":"https:\/\/www.uaga.eus\/eu\/uaga-ha-participado-en-la-feria-de-santiago-de-vitoria-gasteiz-con-un-stand-dedicado-a-los-jovenes-del-sector\/","og_site_name":"UAGA","article_published_time":"2019-08-01T12:44:48+00:00","article_modified_time":"2019-08-01T12:45:41+00:00","og_image":[{"width":650,"height":372,"url":"https:\/\/www.uaga.eus\/wp-content\/uploads\/2019\/08\/190725-feria-santiago-2-e1564663527739.jpeg","type":"image\/jpeg"}],"author":"Blanca S\u00e1nchez","twitter_card":"summary_large_image","twitter_misc":{"Written by":"Blanca S\u00e1nchez","Est. reading time":"1 minutua"},"schema":{"@context":"https:\/\/schema.org","@graph":[{"@type":"WebPage","@id":"https:\/\/www.uaga.eus\/eu\/uaga-ha-participado-en-la-feria-de-santiago-de-vitoria-gasteiz-con-un-stand-dedicado-a-los-jovenes-del-sector\/","url":"https:\/\/www.uaga.eus\/eu\/uaga-ha-participado-en-la-feria-de-santiago-de-vitoria-gasteiz-con-un-stand-dedicado-a-los-jovenes-del-sector\/","name":"UAGA ha participado en la Feria de Santiago de Vitoria-Gasteiz con un stand dedicado a los j\u00f3venes del sector - UAGA","isPartOf":{"@id":"https:\/\/www.uaga.eus\/#website"},"datePublished":"2019-08-01T12:44:48+00:00","dateModified":"2019-08-01T12:45:41+00:00","author":{"@id":"https:\/\/www.uaga.eus\/#\/schema\/person\/48c3cbf0f33d1b788226dbb6518689cf"},"breadcrumb":{"@id":"https:\/\/www.uaga.eus\/eu\/uaga-ha-participado-en-la-feria-de-santiago-de-vitoria-gasteiz-con-un-stand-dedicado-a-los-jovenes-del-sector\/#breadcrumb"},"inLanguage":"eu","potentialAction":[{"@type":"ReadAction","target":["https:\/\/www.uaga.eus\/eu\/uaga-ha-participado-en-la-feria-de-santiago-de-vitoria-gasteiz-con-un-stand-dedicado-a-los-jovenes-del-sector\/"]}]},{"@type":"BreadcrumbList","@id":"https:\/\/www.uaga.eus\/eu\/uaga-ha-participado-en-la-feria-de-santiago-de-vitoria-gasteiz-con-un-stand-dedicado-a-los-jovenes-del-sector\/#breadcrumb","itemListElement":[{"@type":"ListItem","position":1,"name":"Inicio","item":"https:\/\/www.uaga.eus\/"},{"@type":"ListItem","position":2,"name":"UAGA ha participado en la Feria de Santiago de Vitoria-Gasteiz con un stand dedicado a los j\u00f3venes del sector"}]},{"@type":"WebSite","@id":"https:\/\/www.uaga.eus\/#website","url":"https:\/\/www.uaga.eus\/","name":"UAGA","description":"Uni\u00f3n Agroganadera de \u00c1lava - Araba Nekazarien Elkartea","potentialAction":[{"@type":"SearchAction","target":{"@type":"EntryPoint","urlTemplate":"https:\/\/www.uaga.eus\/?s={search_term_string}"},"query-input":"required name=search_term_string"}],"inLanguage":"eu"},{"@type":"Person","@id":"https:\/\/www.uaga.eus\/#\/schema\/person\/48c3cbf0f33d1b788226dbb6518689cf","name":"Blanca S\u00e1nchez","image":{"@type":"ImageObject","inLanguage":"eu","@id":"https:\/\/www.uaga.eus\/#\/schema\/person\/image\/","url":"https:\/\/secure.gravatar.com\/avatar\/0dc91c20648254b1ce84877283f6751b?s=96&d=mm&r=g","contentUrl":"https:\/\/secure.gravatar.com\/avatar\/0dc91c20648254b1ce84877283f6751b?s=96&d=mm&r=g","caption":"Blanca S\u00e1nchez"},"url":"https:\/\/www.uaga.eus\/eu\/author\/bsanchez\/"}]}},"_links":{"self":[{"href":"https:\/\/www.uaga.eus\/eu\/wp-json\/wp\/v2\/posts\/6415"}],"collection":[{"href":"https:\/\/www.uaga.eus\/eu\/wp-json\/wp\/v2\/posts"}],"about":[{"href":"https:\/\/www.uaga.eus\/eu\/wp-json\/wp\/v2\/types\/post"}],"author":[{"embeddable":true,"href":"https:\/\/www.uaga.eus\/eu\/wp-json\/wp\/v2\/users\/4"}],"replies":[{"embeddable":true,"href":"https:\/\/www.uaga.eus\/eu\/wp-json\/wp\/v2\/comments?post=6415"}],"version-history":[{"count":2,"href":"https:\/\/www.uaga.eus\/eu\/wp-json\/wp\/v2\/posts\/6415\/revisions"}],"predecessor-version":[{"id":6420,"href":"https:\/\/www.uaga.eus\/eu\/wp-json\/wp\/v2\/posts\/6415\/revisions\/6420"}],"wp:featuredmedia":[{"embeddable":true,"href":"https:\/\/www.uaga.eus\/eu\/wp-json\/wp\/v2\/media\/6417"}],"wp:attachment":[{"href":"https:\/\/www.uaga.eus\/eu\/wp-json\/wp\/v2\/media?parent=6415"}],"wp:term":[{"taxonomy":"category","embeddable":true,"href":"https:\/\/www.uaga.eus\/eu\/wp-json\/wp\/v2\/categories?post=6415"},{"taxonomy":"post_tag","embeddable":true,"href":"https:\/\/www.uaga.eus\/eu\/wp-json\/wp\/v2\/tags?post=6415"}],"curies":[{"name":"wp","href":"https:\/\/api.w.org\/{rel}","templated":true}]}}