{"id":6413,"date":"2019-08-01T12:26:57","date_gmt":"2019-08-01T12:26:57","guid":{"rendered":"https:\/\/www.uaga.eus\/?p=6413"},"modified":"2019-08-01T12:28:03","modified_gmt":"2019-08-01T12:28:03","slug":"uaga-presenta-alegaciones-al-anteproyecto-de-ley-de-desarrollo-rural-del-gobierno-vasco-pidiendo-una-mayor-participacion-del-sector-en-la-definicion-de-la-estrategia-y-planes-de-desarrollo-rural","status":"publish","type":"post","link":"https:\/\/www.uaga.eus\/eu\/uaga-presenta-alegaciones-al-anteproyecto-de-ley-de-desarrollo-rural-del-gobierno-vasco-pidiendo-una-mayor-participacion-del-sector-en-la-definicion-de-la-estrategia-y-planes-de-desarrollo-rural\/","title":{"rendered":"UAGA presenta alegaciones al Anteproyecto de Ley de Desarrollo Rural del Gobierno Vasco pidiendo una mayor participaci\u00f3n del sector en la definici\u00f3n de la estrategia y planes de desarrollo rural"},"content":{"rendered":"<p>UAGA ha analizado el Anteproyecto de Ley de Desarrollo Rural que present\u00f3 en junio el Gobierno Vasco a informaci\u00f3n p\u00fablica, una nueva Ley que sustituir\u00eda a la actual Ley 10\/98 en vigor.<\/p>\n<p>El Gobierno Vasco ha considerado que tras 20 a\u00f1os de vigencia de esta ley y, dados los cambios socioecon\u00f3micos, es m\u00e1s apropiado redactar una nueva Ley que modificar la anterior.<\/p>\n<p>Dado que este anteproyecto parte de una nueva Estrategia de Desarrollo Rural que no ha sido consultada ni presentada al sector agrario, la principal alegaci\u00f3n que hacemos desde UAGA es solicitar el tener en cuenta la opini\u00f3n del sector agroganadero en la definici\u00f3n de la Estrategia de Desarrollo Rural, as\u00ed como en los Planes de Desarrollo Territorial (PDTs) y los Programas Comarcales de Desarrollo Rural (PCDRs).<\/p>\n<p>Respecto al contenido de la nueva ley, se propone una nueva zonificaci\u00f3n, basada en diferentes indicadores que establecen 6 categor\u00edas de zona rural. En este aspecto tambi\u00e9n hemos dejado constancia en las alegaci\u00f3n que nos llama la atenci\u00f3n que no se haya tenido en cuenta la participaci\u00f3n de las Entidades Locales Menores, fundamentales en el Territorio Hist\u00f3rico de \u00c1lava.<\/p>\n<p>Por \u00faltimo, el Anteproyecto de Ley tambi\u00e9n propone cambios en la gobernanza, sustituyendo las actuales ADRs, Asociaciones de Desarrollo Rural, por un nuevo servicio de gesti\u00f3n denominado LURRALDE e integrado en HAZI, que definir\u00e1 y coordinar\u00e1 los programas.<\/p>\n<p>+ info YOLANDA:\u00a0615 779 584<\/p>\n","protected":false},"excerpt":{"rendered":"<p>UAGA ha analizado el Anteproyecto de Ley de Desarrollo Rural que present\u00f3 en junio el Gobierno Vasco a informaci\u00f3n p\u00fablica, una nueva Ley que sustituir\u00eda a la actual Ley 10\/98 en vigor. El Gobierno Vasco ha considerado que tras 20 a\u00f1os de vigencia de esta ley y, dados los cambios socioecon\u00f3micos, es m\u00e1s apropiado redactar [&hellip;]<\/p>\n","protected":false},"author":4,"featured_media":6393,"comment_status":"closed","ping_status":"closed","sticky":false,"template":"","format":"standard","meta":{"footnotes":""},"categories":[37,4],"tags":[],"yoast_head":"<!-- This site is optimized with the Yoast SEO plugin v21.5 - https:\/\/yoast.com\/wordpress\/plugins\/seo\/ -->\n<title>UAGA presenta alegaciones al Anteproyecto de Ley de Desarrollo Rural del Gobierno Vasco pidiendo una mayor participaci\u00f3n del sector en la definici\u00f3n de la estrategia y planes de desarrollo rural - UAGA<\/title>\n<meta name=\"robots\" content=\"index, follow, max-snippet:-1, max-image-preview:large, max-video-preview:-1\" \/>\n<link rel=\"canonical\" href=\"https:\/\/www.uaga.eus\/uaga-presenta-alegaciones-al-anteproyecto-de-ley-de-desarrollo-rural-del-gobierno-vasco-pidiendo-una-mayor-participacion-del-sector-en-la-definicion-de-la-estrategia-y-planes-de-desarrollo-rural\/\" \/>\n<meta property=\"og:locale\" content=\"en_US\" \/>\n<meta property=\"og:type\" content=\"article\" \/>\n<meta property=\"og:title\" content=\"UAGA presenta alegaciones al Anteproyecto de Ley de Desarrollo Rural del Gobierno Vasco pidiendo una mayor participaci\u00f3n del sector en la definici\u00f3n de la estrategia y planes de desarrollo rural - UAGA\" \/>\n<meta property=\"og:description\" content=\"UAGA ha analizado el Anteproyecto de Ley de Desarrollo Rural que present\u00f3 en junio el Gobierno Vasco a informaci\u00f3n p\u00fablica, una nueva Ley que sustituir\u00eda a la actual Ley 10\/98 en vigor. El Gobierno Vasco ha considerado que tras 20 a\u00f1os de vigencia de esta ley y, dados los cambios socioecon\u00f3micos, es m\u00e1s apropiado redactar [&hellip;]\" \/>\n<meta property=\"og:url\" content=\"https:\/\/www.uaga.eus\/uaga-presenta-alegaciones-al-anteproyecto-de-ley-de-desarrollo-rural-del-gobierno-vasco-pidiendo-una-mayor-participacion-del-sector-en-la-definicion-de-la-estrategia-y-planes-de-desarrollo-rural\/\" \/>\n<meta property=\"og:site_name\" content=\"UAGA\" \/>\n<meta property=\"article:published_time\" content=\"2019-08-01T12:26:57+00:00\" \/>\n<meta property=\"article:modified_time\" content=\"2019-08-01T12:28:03+00:00\" \/>\n<meta property=\"og:image\" content=\"https:\/\/www.uaga.eus\/wp-content\/uploads\/2019\/08\/DESARROLLO-RURAL.jpg\" \/>\n\t<meta property=\"og:image:width\" content=\"650\" \/>\n\t<meta property=\"og:image:height\" content=\"337\" \/>\n\t<meta property=\"og:image:type\" content=\"image\/jpeg\" \/>\n<meta name=\"author\" content=\"Blanca S\u00e1nchez\" \/>\n<meta name=\"twitter:card\" content=\"summary_large_image\" \/>\n<meta name=\"twitter:label1\" content=\"Written by\" \/>\n\t<meta name=\"twitter:data1\" content=\"Blanca S\u00e1nchez\" \/>\n\t<meta name=\"twitter:label2\" content=\"Est. reading time\" \/>\n\t<meta name=\"twitter:data2\" content=\"1 minutua\" \/>\n<script type=\"application\/ld+json\" class=\"yoast-schema-graph\">{\"@context\":\"https:\/\/schema.org\",\"@graph\":[{\"@type\":\"WebPage\",\"@id\":\"https:\/\/www.uaga.eus\/uaga-presenta-alegaciones-al-anteproyecto-de-ley-de-desarrollo-rural-del-gobierno-vasco-pidiendo-una-mayor-participacion-del-sector-en-la-definicion-de-la-estrategia-y-planes-de-desarrollo-rural\/\",\"url\":\"https:\/\/www.uaga.eus\/uaga-presenta-alegaciones-al-anteproyecto-de-ley-de-desarrollo-rural-del-gobierno-vasco-pidiendo-una-mayor-participacion-del-sector-en-la-definicion-de-la-estrategia-y-planes-de-desarrollo-rural\/\",\"name\":\"UAGA presenta alegaciones al Anteproyecto de Ley de Desarrollo Rural del Gobierno Vasco pidiendo una mayor participaci\u00f3n del sector en la definici\u00f3n de la estrategia y planes de desarrollo rural - UAGA\",\"isPartOf\":{\"@id\":\"https:\/\/www.uaga.eus\/#website\"},\"datePublished\":\"2019-08-01T12:26:57+00:00\",\"dateModified\":\"2019-08-01T12:28:03+00:00\",\"author\":{\"@id\":\"https:\/\/www.uaga.eus\/#\/schema\/person\/48c3cbf0f33d1b788226dbb6518689cf\"},\"breadcrumb\":{\"@id\":\"https:\/\/www.uaga.eus\/uaga-presenta-alegaciones-al-anteproyecto-de-ley-de-desarrollo-rural-del-gobierno-vasco-pidiendo-una-mayor-participacion-del-sector-en-la-definicion-de-la-estrategia-y-planes-de-desarrollo-rural\/#breadcrumb\"},\"inLanguage\":\"eu\",\"potentialAction\":[{\"@type\":\"ReadAction\",\"target\":[\"https:\/\/www.uaga.eus\/uaga-presenta-alegaciones-al-anteproyecto-de-ley-de-desarrollo-rural-del-gobierno-vasco-pidiendo-una-mayor-participacion-del-sector-en-la-definicion-de-la-estrategia-y-planes-de-desarrollo-rural\/\"]}]},{\"@type\":\"BreadcrumbList\",\"@id\":\"https:\/\/www.uaga.eus\/uaga-presenta-alegaciones-al-anteproyecto-de-ley-de-desarrollo-rural-del-gobierno-vasco-pidiendo-una-mayor-participacion-del-sector-en-la-definicion-de-la-estrategia-y-planes-de-desarrollo-rural\/#breadcrumb\",\"itemListElement\":[{\"@type\":\"ListItem\",\"position\":1,\"name\":\"Inicio\",\"item\":\"https:\/\/www.uaga.eus\/\"},{\"@type\":\"ListItem\",\"position\":2,\"name\":\"UAGA presenta alegaciones al Anteproyecto de Ley de Desarrollo Rural del Gobierno Vasco pidiendo una mayor participaci\u00f3n del sector en la definici\u00f3n de la estrategia y planes de desarrollo rural\"}]},{\"@type\":\"WebSite\",\"@id\":\"https:\/\/www.uaga.eus\/#website\",\"url\":\"https:\/\/www.uaga.eus\/\",\"name\":\"UAGA\",\"description\":\"Uni\u00f3n Agroganadera de \u00c1lava - Araba Nekazarien Elkartea\",\"potentialAction\":[{\"@type\":\"SearchAction\",\"target\":{\"@type\":\"EntryPoint\",\"urlTemplate\":\"https:\/\/www.uaga.eus\/?s={search_term_string}\"},\"query-input\":\"required name=search_term_string\"}],\"inLanguage\":\"eu\"},{\"@type\":\"Person\",\"@id\":\"https:\/\/www.uaga.eus\/#\/schema\/person\/48c3cbf0f33d1b788226dbb6518689cf\",\"name\":\"Blanca S\u00e1nchez\",\"image\":{\"@type\":\"ImageObject\",\"inLanguage\":\"eu\",\"@id\":\"https:\/\/www.uaga.eus\/#\/schema\/person\/image\/\",\"url\":\"https:\/\/secure.gravatar.com\/avatar\/0dc91c20648254b1ce84877283f6751b?s=96&d=mm&r=g\",\"contentUrl\":\"https:\/\/secure.gravatar.com\/avatar\/0dc91c20648254b1ce84877283f6751b?s=96&d=mm&r=g\",\"caption\":\"Blanca S\u00e1nchez\"},\"url\":\"https:\/\/www.uaga.eus\/eu\/author\/bsanchez\/\"}]}<\/script>\n<!-- \/ Yoast SEO plugin. -->","yoast_head_json":{"title":"UAGA presenta alegaciones al Anteproyecto de Ley de Desarrollo Rural del Gobierno Vasco pidiendo una mayor participaci\u00f3n del sector en la definici\u00f3n de la estrategia y planes de desarrollo rural - UAGA","robots":{"index":"index","follow":"follow","max-snippet":"max-snippet:-1","max-image-preview":"max-image-preview:large","max-video-preview":"max-video-preview:-1"},"canonical":"https:\/\/www.uaga.eus\/uaga-presenta-alegaciones-al-anteproyecto-de-ley-de-desarrollo-rural-del-gobierno-vasco-pidiendo-una-mayor-participacion-del-sector-en-la-definicion-de-la-estrategia-y-planes-de-desarrollo-rural\/","og_locale":"en_US","og_type":"article","og_title":"UAGA presenta alegaciones al Anteproyecto de Ley de Desarrollo Rural del Gobierno Vasco pidiendo una mayor participaci\u00f3n del sector en la definici\u00f3n de la estrategia y planes de desarrollo rural - UAGA","og_description":"UAGA ha analizado el Anteproyecto de Ley de Desarrollo Rural que present\u00f3 en junio el Gobierno Vasco a informaci\u00f3n p\u00fablica, una nueva Ley que sustituir\u00eda a la actual Ley 10\/98 en vigor. El Gobierno Vasco ha considerado que tras 20 a\u00f1os de vigencia de esta ley y, dados los cambios socioecon\u00f3micos, es m\u00e1s apropiado redactar [&hellip;]","og_url":"https:\/\/www.uaga.eus\/uaga-presenta-alegaciones-al-anteproyecto-de-ley-de-desarrollo-rural-del-gobierno-vasco-pidiendo-una-mayor-participacion-del-sector-en-la-definicion-de-la-estrategia-y-planes-de-desarrollo-rural\/","og_site_name":"UAGA","article_published_time":"2019-08-01T12:26:57+00:00","article_modified_time":"2019-08-01T12:28:03+00:00","og_image":[{"width":650,"height":337,"url":"https:\/\/www.uaga.eus\/wp-content\/uploads\/2019\/08\/DESARROLLO-RURAL.jpg","type":"image\/jpeg"}],"author":"Blanca S\u00e1nchez","twitter_card":"summary_large_image","twitter_misc":{"Written by":"Blanca S\u00e1nchez","Est. reading time":"1 minutua"},"schema":{"@context":"https:\/\/schema.org","@graph":[{"@type":"WebPage","@id":"https:\/\/www.uaga.eus\/uaga-presenta-alegaciones-al-anteproyecto-de-ley-de-desarrollo-rural-del-gobierno-vasco-pidiendo-una-mayor-participacion-del-sector-en-la-definicion-de-la-estrategia-y-planes-de-desarrollo-rural\/","url":"https:\/\/www.uaga.eus\/uaga-presenta-alegaciones-al-anteproyecto-de-ley-de-desarrollo-rural-del-gobierno-vasco-pidiendo-una-mayor-participacion-del-sector-en-la-definicion-de-la-estrategia-y-planes-de-desarrollo-rural\/","name":"UAGA presenta alegaciones al Anteproyecto de Ley de Desarrollo Rural del Gobierno Vasco pidiendo una mayor participaci\u00f3n del sector en la definici\u00f3n de la estrategia y planes de desarrollo rural - UAGA","isPartOf":{"@id":"https:\/\/www.uaga.eus\/#website"},"datePublished":"2019-08-01T12:26:57+00:00","dateModified":"2019-08-01T12:28:03+00:00","author":{"@id":"https:\/\/www.uaga.eus\/#\/schema\/person\/48c3cbf0f33d1b788226dbb6518689cf"},"breadcrumb":{"@id":"https:\/\/www.uaga.eus\/uaga-presenta-alegaciones-al-anteproyecto-de-ley-de-desarrollo-rural-del-gobierno-vasco-pidiendo-una-mayor-participacion-del-sector-en-la-definicion-de-la-estrategia-y-planes-de-desarrollo-rural\/#breadcrumb"},"inLanguage":"eu","potentialAction":[{"@type":"ReadAction","target":["https:\/\/www.uaga.eus\/uaga-presenta-alegaciones-al-anteproyecto-de-ley-de-desarrollo-rural-del-gobierno-vasco-pidiendo-una-mayor-participacion-del-sector-en-la-definicion-de-la-estrategia-y-planes-de-desarrollo-rural\/"]}]},{"@type":"BreadcrumbList","@id":"https:\/\/www.uaga.eus\/uaga-presenta-alegaciones-al-anteproyecto-de-ley-de-desarrollo-rural-del-gobierno-vasco-pidiendo-una-mayor-participacion-del-sector-en-la-definicion-de-la-estrategia-y-planes-de-desarrollo-rural\/#breadcrumb","itemListElement":[{"@type":"ListItem","position":1,"name":"Inicio","item":"https:\/\/www.uaga.eus\/"},{"@type":"ListItem","position":2,"name":"UAGA presenta alegaciones al Anteproyecto de Ley de Desarrollo Rural del Gobierno Vasco pidiendo una mayor participaci\u00f3n del sector en la definici\u00f3n de la estrategia y planes de desarrollo rural"}]},{"@type":"WebSite","@id":"https:\/\/www.uaga.eus\/#website","url":"https:\/\/www.uaga.eus\/","name":"UAGA","description":"Uni\u00f3n Agroganadera de \u00c1lava - Araba Nekazarien Elkartea","potentialAction":[{"@type":"SearchAction","target":{"@type":"EntryPoint","urlTemplate":"https:\/\/www.uaga.eus\/?s={search_term_string}"},"query-input":"required name=search_term_string"}],"inLanguage":"eu"},{"@type":"Person","@id":"https:\/\/www.uaga.eus\/#\/schema\/person\/48c3cbf0f33d1b788226dbb6518689cf","name":"Blanca S\u00e1nchez","image":{"@type":"ImageObject","inLanguage":"eu","@id":"https:\/\/www.uaga.eus\/#\/schema\/person\/image\/","url":"https:\/\/secure.gravatar.com\/avatar\/0dc91c20648254b1ce84877283f6751b?s=96&d=mm&r=g","contentUrl":"https:\/\/secure.gravatar.com\/avatar\/0dc91c20648254b1ce84877283f6751b?s=96&d=mm&r=g","caption":"Blanca S\u00e1nchez"},"url":"https:\/\/www.uaga.eus\/eu\/author\/bsanchez\/"}]}},"_links":{"self":[{"href":"https:\/\/www.uaga.eus\/eu\/wp-json\/wp\/v2\/posts\/6413"}],"collection":[{"href":"https:\/\/www.uaga.eus\/eu\/wp-json\/wp\/v2\/posts"}],"about":[{"href":"https:\/\/www.uaga.eus\/eu\/wp-json\/wp\/v2\/types\/post"}],"author":[{"embeddable":true,"href":"https:\/\/www.uaga.eus\/eu\/wp-json\/wp\/v2\/users\/4"}],"replies":[{"embeddable":true,"href":"https:\/\/www.uaga.eus\/eu\/wp-json\/wp\/v2\/comments?post=6413"}],"version-history":[{"count":1,"href":"https:\/\/www.uaga.eus\/eu\/wp-json\/wp\/v2\/posts\/6413\/revisions"}],"predecessor-version":[{"id":6414,"href":"https:\/\/www.uaga.eus\/eu\/wp-json\/wp\/v2\/posts\/6413\/revisions\/6414"}],"wp:featuredmedia":[{"embeddable":true,"href":"https:\/\/www.uaga.eus\/eu\/wp-json\/wp\/v2\/media\/6393"}],"wp:attachment":[{"href":"https:\/\/www.uaga.eus\/eu\/wp-json\/wp\/v2\/media?parent=6413"}],"wp:term":[{"taxonomy":"category","embeddable":true,"href":"https:\/\/www.uaga.eus\/eu\/wp-json\/wp\/v2\/categories?post=6413"},{"taxonomy":"post_tag","embeddable":true,"href":"https:\/\/www.uaga.eus\/eu\/wp-json\/wp\/v2\/tags?post=6413"}],"curies":[{"name":"wp","href":"https:\/\/api.w.org\/{rel}","templated":true}]}}