{"id":6410,"date":"2019-08-01T12:23:48","date_gmt":"2019-08-01T12:23:48","guid":{"rendered":"https:\/\/www.uaga.eus\/?p=6410"},"modified":"2019-08-01T12:24:13","modified_gmt":"2019-08-01T12:24:13","slug":"antes-del-9-de-septiembre-uaga-presentara-alegaciones-al-estudio-informativo-de-la-entrada-del-tren-de-alta-velocidad-en-vitoria-gasteiz-en-defensa-de-la-tierra-agraria-y-de-los-pueblos","status":"publish","type":"post","link":"https:\/\/www.uaga.eus\/eu\/antes-del-9-de-septiembre-uaga-presentara-alegaciones-al-estudio-informativo-de-la-entrada-del-tren-de-alta-velocidad-en-vitoria-gasteiz-en-defensa-de-la-tierra-agraria-y-de-los-pueblos\/","title":{"rendered":"Antes del 9 de septiembre UAGA presentar\u00e1 alegaciones al estudio informativo de la entrada del tren de alta velocidad en Vitoria-Gasteiz en defensa de la tierra agraria y de los pueblos"},"content":{"rendered":"<p>UAGA est\u00e1 analizando el <a href=\"https:\/\/www.boe.es\/boe\/dias\/2019\/07\/05\/pdfs\/BOE-B-2019-30316.pdf\" target=\"_blank\" rel=\"noopener\" data-cke-saved-href=\"https:\/\/www.boe.es\/boe\/dias\/2019\/07\/05\/pdfs\/BOE-B-2019-30316.pdf\">Estudio Informativo de la Integraci\u00f3n del Ferrocarril en Vitoria-Gasteiz<\/a>, publicado el 5 de julio en el BOE y cuyo plazo de alegaciones finaliza el 9 de septiembre.<\/p>\n<p>En el estudio se presenta la propuesta de acceso del AVE procedente de Burgos por el pol\u00edgono industrial de Jundiz, as\u00ed como el nudo de entrada del TAV en Arkaute, que cuenta con 2 alternativas.<\/p>\n<p>Si bien la entrada por Jundiz no afecta a tierra agraria ya que pasa por un pol\u00edgono industrial, la afecci\u00f3n que se propone en el nudo de Arkaute es muy grande para las 2 alternativas propuestas.<\/p>\n<p>UAGA va a presentar alegaciones al estudio, enfocadas a la defensa del mantenimiento de la tierra agraria y los espacios de alto valor que se encuentran en dicha zona, as\u00ed como la defensa de los pueblos que van a quedar encajonados por dicha infraestructura.<\/p>\n<p><strong>A partir del 2 de septiembre, Yolanda Armentia, T\u00e9cnica de UAGA, estar\u00e1 a vuestra disposici\u00f3n para cualquier aclaraci\u00f3n al respecto.<\/strong><\/p>\n<p>+ info YOLANDA: 615 779 584<\/p>\n","protected":false},"excerpt":{"rendered":"<p>UAGA est\u00e1 analizando el Estudio Informativo de la Integraci\u00f3n del Ferrocarril en Vitoria-Gasteiz, publicado el 5 de julio en el BOE y cuyo plazo de alegaciones finaliza el 9 de septiembre. En el estudio se presenta la propuesta de acceso del AVE procedente de Burgos por el pol\u00edgono industrial de Jundiz, as\u00ed como el nudo [&hellip;]<\/p>\n","protected":false},"author":4,"featured_media":6391,"comment_status":"closed","ping_status":"closed","sticky":false,"template":"","format":"standard","meta":{"footnotes":""},"categories":[11],"tags":[],"yoast_head":"<!-- This site is optimized with the Yoast SEO plugin v21.5 - https:\/\/yoast.com\/wordpress\/plugins\/seo\/ -->\n<title>Antes del 9 de septiembre UAGA presentar\u00e1 alegaciones al estudio informativo de la entrada del tren de alta velocidad en Vitoria-Gasteiz en defensa de la tierra agraria y de los pueblos - UAGA<\/title>\n<meta name=\"robots\" content=\"index, follow, max-snippet:-1, max-image-preview:large, max-video-preview:-1\" \/>\n<link rel=\"canonical\" href=\"https:\/\/www.uaga.eus\/antes-del-9-de-septiembre-uaga-presentara-alegaciones-al-estudio-informativo-de-la-entrada-del-tren-de-alta-velocidad-en-vitoria-gasteiz-en-defensa-de-la-tierra-agraria-y-de-los-pueblos\/\" \/>\n<meta property=\"og:locale\" content=\"en_US\" \/>\n<meta property=\"og:type\" content=\"article\" \/>\n<meta property=\"og:title\" content=\"Antes del 9 de septiembre UAGA presentar\u00e1 alegaciones al estudio informativo de la entrada del tren de alta velocidad en Vitoria-Gasteiz en defensa de la tierra agraria y de los pueblos - UAGA\" \/>\n<meta property=\"og:description\" content=\"UAGA est\u00e1 analizando el Estudio Informativo de la Integraci\u00f3n del Ferrocarril en Vitoria-Gasteiz, publicado el 5 de julio en el BOE y cuyo plazo de alegaciones finaliza el 9 de septiembre. En el estudio se presenta la propuesta de acceso del AVE procedente de Burgos por el pol\u00edgono industrial de Jundiz, as\u00ed como el nudo [&hellip;]\" \/>\n<meta property=\"og:url\" content=\"https:\/\/www.uaga.eus\/antes-del-9-de-septiembre-uaga-presentara-alegaciones-al-estudio-informativo-de-la-entrada-del-tren-de-alta-velocidad-en-vitoria-gasteiz-en-defensa-de-la-tierra-agraria-y-de-los-pueblos\/\" \/>\n<meta property=\"og:site_name\" content=\"UAGA\" \/>\n<meta property=\"article:published_time\" content=\"2019-08-01T12:23:48+00:00\" \/>\n<meta property=\"article:modified_time\" content=\"2019-08-01T12:24:13+00:00\" \/>\n<meta property=\"og:image\" content=\"https:\/\/www.uaga.eus\/wp-content\/uploads\/2019\/08\/nudo-de-arkaute-TAV.jpg\" \/>\n\t<meta property=\"og:image:width\" content=\"650\" \/>\n\t<meta property=\"og:image:height\" content=\"421\" \/>\n\t<meta property=\"og:image:type\" content=\"image\/jpeg\" \/>\n<meta name=\"author\" content=\"Blanca S\u00e1nchez\" \/>\n<meta name=\"twitter:card\" content=\"summary_large_image\" \/>\n<meta name=\"twitter:label1\" content=\"Written by\" \/>\n\t<meta name=\"twitter:data1\" content=\"Blanca S\u00e1nchez\" \/>\n\t<meta name=\"twitter:label2\" content=\"Est. reading time\" \/>\n\t<meta name=\"twitter:data2\" content=\"1 minutua\" \/>\n<script type=\"application\/ld+json\" class=\"yoast-schema-graph\">{\"@context\":\"https:\/\/schema.org\",\"@graph\":[{\"@type\":\"WebPage\",\"@id\":\"https:\/\/www.uaga.eus\/antes-del-9-de-septiembre-uaga-presentara-alegaciones-al-estudio-informativo-de-la-entrada-del-tren-de-alta-velocidad-en-vitoria-gasteiz-en-defensa-de-la-tierra-agraria-y-de-los-pueblos\/\",\"url\":\"https:\/\/www.uaga.eus\/antes-del-9-de-septiembre-uaga-presentara-alegaciones-al-estudio-informativo-de-la-entrada-del-tren-de-alta-velocidad-en-vitoria-gasteiz-en-defensa-de-la-tierra-agraria-y-de-los-pueblos\/\",\"name\":\"Antes del 9 de septiembre UAGA presentar\u00e1 alegaciones al estudio informativo de la entrada del tren de alta velocidad en Vitoria-Gasteiz en defensa de la tierra agraria y de los pueblos - UAGA\",\"isPartOf\":{\"@id\":\"https:\/\/www.uaga.eus\/#website\"},\"datePublished\":\"2019-08-01T12:23:48+00:00\",\"dateModified\":\"2019-08-01T12:24:13+00:00\",\"author\":{\"@id\":\"https:\/\/www.uaga.eus\/#\/schema\/person\/48c3cbf0f33d1b788226dbb6518689cf\"},\"breadcrumb\":{\"@id\":\"https:\/\/www.uaga.eus\/antes-del-9-de-septiembre-uaga-presentara-alegaciones-al-estudio-informativo-de-la-entrada-del-tren-de-alta-velocidad-en-vitoria-gasteiz-en-defensa-de-la-tierra-agraria-y-de-los-pueblos\/#breadcrumb\"},\"inLanguage\":\"eu\",\"potentialAction\":[{\"@type\":\"ReadAction\",\"target\":[\"https:\/\/www.uaga.eus\/antes-del-9-de-septiembre-uaga-presentara-alegaciones-al-estudio-informativo-de-la-entrada-del-tren-de-alta-velocidad-en-vitoria-gasteiz-en-defensa-de-la-tierra-agraria-y-de-los-pueblos\/\"]}]},{\"@type\":\"BreadcrumbList\",\"@id\":\"https:\/\/www.uaga.eus\/antes-del-9-de-septiembre-uaga-presentara-alegaciones-al-estudio-informativo-de-la-entrada-del-tren-de-alta-velocidad-en-vitoria-gasteiz-en-defensa-de-la-tierra-agraria-y-de-los-pueblos\/#breadcrumb\",\"itemListElement\":[{\"@type\":\"ListItem\",\"position\":1,\"name\":\"Inicio\",\"item\":\"https:\/\/www.uaga.eus\/\"},{\"@type\":\"ListItem\",\"position\":2,\"name\":\"Antes del 9 de septiembre UAGA presentar\u00e1 alegaciones al estudio informativo de la entrada del tren de alta velocidad en Vitoria-Gasteiz en defensa de la tierra agraria y de los pueblos\"}]},{\"@type\":\"WebSite\",\"@id\":\"https:\/\/www.uaga.eus\/#website\",\"url\":\"https:\/\/www.uaga.eus\/\",\"name\":\"UAGA\",\"description\":\"Uni\u00f3n Agroganadera de \u00c1lava - Araba Nekazarien Elkartea\",\"potentialAction\":[{\"@type\":\"SearchAction\",\"target\":{\"@type\":\"EntryPoint\",\"urlTemplate\":\"https:\/\/www.uaga.eus\/?s={search_term_string}\"},\"query-input\":\"required name=search_term_string\"}],\"inLanguage\":\"eu\"},{\"@type\":\"Person\",\"@id\":\"https:\/\/www.uaga.eus\/#\/schema\/person\/48c3cbf0f33d1b788226dbb6518689cf\",\"name\":\"Blanca S\u00e1nchez\",\"image\":{\"@type\":\"ImageObject\",\"inLanguage\":\"eu\",\"@id\":\"https:\/\/www.uaga.eus\/#\/schema\/person\/image\/\",\"url\":\"https:\/\/secure.gravatar.com\/avatar\/0dc91c20648254b1ce84877283f6751b?s=96&d=mm&r=g\",\"contentUrl\":\"https:\/\/secure.gravatar.com\/avatar\/0dc91c20648254b1ce84877283f6751b?s=96&d=mm&r=g\",\"caption\":\"Blanca S\u00e1nchez\"},\"url\":\"https:\/\/www.uaga.eus\/eu\/author\/bsanchez\/\"}]}<\/script>\n<!-- \/ Yoast SEO plugin. -->","yoast_head_json":{"title":"Antes del 9 de septiembre UAGA presentar\u00e1 alegaciones al estudio informativo de la entrada del tren de alta velocidad en Vitoria-Gasteiz en defensa de la tierra agraria y de los pueblos - UAGA","robots":{"index":"index","follow":"follow","max-snippet":"max-snippet:-1","max-image-preview":"max-image-preview:large","max-video-preview":"max-video-preview:-1"},"canonical":"https:\/\/www.uaga.eus\/antes-del-9-de-septiembre-uaga-presentara-alegaciones-al-estudio-informativo-de-la-entrada-del-tren-de-alta-velocidad-en-vitoria-gasteiz-en-defensa-de-la-tierra-agraria-y-de-los-pueblos\/","og_locale":"en_US","og_type":"article","og_title":"Antes del 9 de septiembre UAGA presentar\u00e1 alegaciones al estudio informativo de la entrada del tren de alta velocidad en Vitoria-Gasteiz en defensa de la tierra agraria y de los pueblos - UAGA","og_description":"UAGA est\u00e1 analizando el Estudio Informativo de la Integraci\u00f3n del Ferrocarril en Vitoria-Gasteiz, publicado el 5 de julio en el BOE y cuyo plazo de alegaciones finaliza el 9 de septiembre. En el estudio se presenta la propuesta de acceso del AVE procedente de Burgos por el pol\u00edgono industrial de Jundiz, as\u00ed como el nudo [&hellip;]","og_url":"https:\/\/www.uaga.eus\/antes-del-9-de-septiembre-uaga-presentara-alegaciones-al-estudio-informativo-de-la-entrada-del-tren-de-alta-velocidad-en-vitoria-gasteiz-en-defensa-de-la-tierra-agraria-y-de-los-pueblos\/","og_site_name":"UAGA","article_published_time":"2019-08-01T12:23:48+00:00","article_modified_time":"2019-08-01T12:24:13+00:00","og_image":[{"width":650,"height":421,"url":"https:\/\/www.uaga.eus\/wp-content\/uploads\/2019\/08\/nudo-de-arkaute-TAV.jpg","type":"image\/jpeg"}],"author":"Blanca S\u00e1nchez","twitter_card":"summary_large_image","twitter_misc":{"Written by":"Blanca S\u00e1nchez","Est. reading time":"1 minutua"},"schema":{"@context":"https:\/\/schema.org","@graph":[{"@type":"WebPage","@id":"https:\/\/www.uaga.eus\/antes-del-9-de-septiembre-uaga-presentara-alegaciones-al-estudio-informativo-de-la-entrada-del-tren-de-alta-velocidad-en-vitoria-gasteiz-en-defensa-de-la-tierra-agraria-y-de-los-pueblos\/","url":"https:\/\/www.uaga.eus\/antes-del-9-de-septiembre-uaga-presentara-alegaciones-al-estudio-informativo-de-la-entrada-del-tren-de-alta-velocidad-en-vitoria-gasteiz-en-defensa-de-la-tierra-agraria-y-de-los-pueblos\/","name":"Antes del 9 de septiembre UAGA presentar\u00e1 alegaciones al estudio informativo de la entrada del tren de alta velocidad en Vitoria-Gasteiz en defensa de la tierra agraria y de los pueblos - UAGA","isPartOf":{"@id":"https:\/\/www.uaga.eus\/#website"},"datePublished":"2019-08-01T12:23:48+00:00","dateModified":"2019-08-01T12:24:13+00:00","author":{"@id":"https:\/\/www.uaga.eus\/#\/schema\/person\/48c3cbf0f33d1b788226dbb6518689cf"},"breadcrumb":{"@id":"https:\/\/www.uaga.eus\/antes-del-9-de-septiembre-uaga-presentara-alegaciones-al-estudio-informativo-de-la-entrada-del-tren-de-alta-velocidad-en-vitoria-gasteiz-en-defensa-de-la-tierra-agraria-y-de-los-pueblos\/#breadcrumb"},"inLanguage":"eu","potentialAction":[{"@type":"ReadAction","target":["https:\/\/www.uaga.eus\/antes-del-9-de-septiembre-uaga-presentara-alegaciones-al-estudio-informativo-de-la-entrada-del-tren-de-alta-velocidad-en-vitoria-gasteiz-en-defensa-de-la-tierra-agraria-y-de-los-pueblos\/"]}]},{"@type":"BreadcrumbList","@id":"https:\/\/www.uaga.eus\/antes-del-9-de-septiembre-uaga-presentara-alegaciones-al-estudio-informativo-de-la-entrada-del-tren-de-alta-velocidad-en-vitoria-gasteiz-en-defensa-de-la-tierra-agraria-y-de-los-pueblos\/#breadcrumb","itemListElement":[{"@type":"ListItem","position":1,"name":"Inicio","item":"https:\/\/www.uaga.eus\/"},{"@type":"ListItem","position":2,"name":"Antes del 9 de septiembre UAGA presentar\u00e1 alegaciones al estudio informativo de la entrada del tren de alta velocidad en Vitoria-Gasteiz en defensa de la tierra agraria y de los pueblos"}]},{"@type":"WebSite","@id":"https:\/\/www.uaga.eus\/#website","url":"https:\/\/www.uaga.eus\/","name":"UAGA","description":"Uni\u00f3n Agroganadera de \u00c1lava - Araba Nekazarien Elkartea","potentialAction":[{"@type":"SearchAction","target":{"@type":"EntryPoint","urlTemplate":"https:\/\/www.uaga.eus\/?s={search_term_string}"},"query-input":"required name=search_term_string"}],"inLanguage":"eu"},{"@type":"Person","@id":"https:\/\/www.uaga.eus\/#\/schema\/person\/48c3cbf0f33d1b788226dbb6518689cf","name":"Blanca S\u00e1nchez","image":{"@type":"ImageObject","inLanguage":"eu","@id":"https:\/\/www.uaga.eus\/#\/schema\/person\/image\/","url":"https:\/\/secure.gravatar.com\/avatar\/0dc91c20648254b1ce84877283f6751b?s=96&d=mm&r=g","contentUrl":"https:\/\/secure.gravatar.com\/avatar\/0dc91c20648254b1ce84877283f6751b?s=96&d=mm&r=g","caption":"Blanca S\u00e1nchez"},"url":"https:\/\/www.uaga.eus\/eu\/author\/bsanchez\/"}]}},"_links":{"self":[{"href":"https:\/\/www.uaga.eus\/eu\/wp-json\/wp\/v2\/posts\/6410"}],"collection":[{"href":"https:\/\/www.uaga.eus\/eu\/wp-json\/wp\/v2\/posts"}],"about":[{"href":"https:\/\/www.uaga.eus\/eu\/wp-json\/wp\/v2\/types\/post"}],"author":[{"embeddable":true,"href":"https:\/\/www.uaga.eus\/eu\/wp-json\/wp\/v2\/users\/4"}],"replies":[{"embeddable":true,"href":"https:\/\/www.uaga.eus\/eu\/wp-json\/wp\/v2\/comments?post=6410"}],"version-history":[{"count":2,"href":"https:\/\/www.uaga.eus\/eu\/wp-json\/wp\/v2\/posts\/6410\/revisions"}],"predecessor-version":[{"id":6412,"href":"https:\/\/www.uaga.eus\/eu\/wp-json\/wp\/v2\/posts\/6410\/revisions\/6412"}],"wp:featuredmedia":[{"embeddable":true,"href":"https:\/\/www.uaga.eus\/eu\/wp-json\/wp\/v2\/media\/6391"}],"wp:attachment":[{"href":"https:\/\/www.uaga.eus\/eu\/wp-json\/wp\/v2\/media?parent=6410"}],"wp:term":[{"taxonomy":"category","embeddable":true,"href":"https:\/\/www.uaga.eus\/eu\/wp-json\/wp\/v2\/categories?post=6410"},{"taxonomy":"post_tag","embeddable":true,"href":"https:\/\/www.uaga.eus\/eu\/wp-json\/wp\/v2\/tags?post=6410"}],"curies":[{"name":"wp","href":"https:\/\/api.w.org\/{rel}","templated":true}]}}