{"id":6404,"date":"2019-08-01T12:20:13","date_gmt":"2019-08-01T12:20:13","guid":{"rendered":"https:\/\/www.uaga.eus\/?p=6404"},"modified":"2019-08-01T12:20:13","modified_gmt":"2019-08-01T12:20:13","slug":"uaga-abre-el-plazo-de-solicitud-de-contratacion-de-personas-temporeras-para-la-vendimia-de-este-ano","status":"publish","type":"post","link":"https:\/\/www.uaga.eus\/eu\/uaga-abre-el-plazo-de-solicitud-de-contratacion-de-personas-temporeras-para-la-vendimia-de-este-ano\/","title":{"rendered":"UAGA abre el plazo de solicitud de contrataci\u00f3n de personas temporeras para la vendimia de este a\u00f1o"},"content":{"rendered":"<p>El Proyecto de Temporerismo de UAGA, que facilita la contrataci\u00f3n de personas temporeras, inicia la campa\u00f1a de vendimia de este a\u00f1o con la recepci\u00f3n de solicitudes de contrataci\u00f3n desde el 19 hasta el 30 de agosto.<\/p>\n<p>La Junta del \u00c1rea de Temporerismo ha acordado mantener los precios de la campa\u00f1a de 2018:<br \/>\n\u2013 \u00a0 \u00a0 \u00a0 \u00a0Salario bruto hora: \u00a0 \u00a0 \u00a0 \u00a0 \u00a0 \u00a0 \u00a0 \u00a0 \u00a0 \u00a0 \u00a0 7,80 \u20ac<br \/>\n\u2013 \u00a0 \u00a0 \u00a0 \u00a0Salario destajo: \u00a0 \u00a0 \u00a0 \u00a0 \u00a0 \u00a0 \u00a0 \u00a0 \u00a0 \u00a0 \u00a0 \u00a0 \u00a048,53 \u20ac\/tonelada<br \/>\n\u2013 \u00a0 \u00a0 \u00a0 \u00a0Salario destajo cajas (9-15 Kg): 69,76 \u20ac\/tonelada<\/p>\n<p>Puedes consultar las condiciones de contrataci\u00f3n en el documento \u00ab<a href=\"https:\/\/gallery.mailchimp.com\/498b950ccfc4b8d0e600d7e48\/files\/35bd315f-82a5-4b45-a503-e6148fcffcde\/F25.1_COMPROM_AGRICUL_GENERICO2019.pdf\" target=\"_blank\" rel=\"noopener\" data-cke-saved-href=\"https:\/\/gallery.mailchimp.com\/498b950ccfc4b8d0e600d7e48\/files\/35bd315f-82a5-4b45-a503-e6148fcffcde\/F25.1_COMPROM_AGRICUL_GENERICO2019.pdf\">Compromiso de participaci\u00f3n<\/a>\u00bb.<\/p>\n<p>Si est\u00e1s interesado en solicitar personas temporeras para la vendimia, entrega tu solicitud en la oficina de UAGA en Laguardia antes del 30 de agosto.<\/p>\n<p>La adjudicaci\u00f3n de personas temporeras se realizar\u00e1 priorizando las solicitudes en plazo y dentro de ellas las explotaciones afiliadas de UAGA.<\/p>\n<p>+ info NURIA: 635 704 866 \/ IRATXE: 635 704 867<\/p>\n","protected":false},"excerpt":{"rendered":"<p>El Proyecto de Temporerismo de UAGA, que facilita la contrataci\u00f3n de personas temporeras, inicia la campa\u00f1a de vendimia de este a\u00f1o con la recepci\u00f3n de solicitudes de contrataci\u00f3n desde el 19 hasta el 30 de agosto. La Junta del \u00c1rea de Temporerismo ha acordado mantener los precios de la campa\u00f1a de 2018: \u2013 \u00a0 \u00a0 [&hellip;]<\/p>\n","protected":false},"author":4,"featured_media":6405,"comment_status":"closed","ping_status":"closed","sticky":false,"template":"","format":"standard","meta":{"footnotes":""},"categories":[7,9],"tags":[],"yoast_head":"<!-- This site is optimized with the Yoast SEO plugin v21.5 - https:\/\/yoast.com\/wordpress\/plugins\/seo\/ -->\n<title>UAGA abre el plazo de solicitud de contrataci\u00f3n de personas temporeras para la vendimia de este a\u00f1o - UAGA<\/title>\n<meta name=\"robots\" content=\"index, follow, max-snippet:-1, max-image-preview:large, max-video-preview:-1\" \/>\n<link rel=\"canonical\" href=\"https:\/\/www.uaga.eus\/uaga-abre-el-plazo-de-solicitud-de-contratacion-de-personas-temporeras-para-la-vendimia-de-este-ano\/\" \/>\n<meta property=\"og:locale\" content=\"en_US\" \/>\n<meta property=\"og:type\" content=\"article\" \/>\n<meta property=\"og:title\" content=\"UAGA abre el plazo de solicitud de contrataci\u00f3n de personas temporeras para la vendimia de este a\u00f1o - UAGA\" \/>\n<meta property=\"og:description\" content=\"El Proyecto de Temporerismo de UAGA, que facilita la contrataci\u00f3n de personas temporeras, inicia la campa\u00f1a de vendimia de este a\u00f1o con la recepci\u00f3n de solicitudes de contrataci\u00f3n desde el 19 hasta el 30 de agosto. La Junta del \u00c1rea de Temporerismo ha acordado mantener los precios de la campa\u00f1a de 2018: \u2013 \u00a0 \u00a0 [&hellip;]\" \/>\n<meta property=\"og:url\" content=\"https:\/\/www.uaga.eus\/uaga-abre-el-plazo-de-solicitud-de-contratacion-de-personas-temporeras-para-la-vendimia-de-este-ano\/\" \/>\n<meta property=\"og:site_name\" content=\"UAGA\" \/>\n<meta property=\"article:published_time\" content=\"2019-08-01T12:20:13+00:00\" \/>\n<meta property=\"og:image\" content=\"https:\/\/www.uaga.eus\/wp-content\/uploads\/2019\/08\/tres-temporeros.jpg\" \/>\n\t<meta property=\"og:image:width\" content=\"650\" \/>\n\t<meta property=\"og:image:height\" content=\"366\" \/>\n\t<meta property=\"og:image:type\" content=\"image\/jpeg\" \/>\n<meta name=\"author\" content=\"Blanca S\u00e1nchez\" \/>\n<meta name=\"twitter:card\" content=\"summary_large_image\" \/>\n<meta name=\"twitter:label1\" content=\"Written by\" \/>\n\t<meta name=\"twitter:data1\" content=\"Blanca S\u00e1nchez\" \/>\n\t<meta name=\"twitter:label2\" content=\"Est. reading time\" \/>\n\t<meta name=\"twitter:data2\" content=\"1 minutua\" \/>\n<script type=\"application\/ld+json\" class=\"yoast-schema-graph\">{\"@context\":\"https:\/\/schema.org\",\"@graph\":[{\"@type\":\"WebPage\",\"@id\":\"https:\/\/www.uaga.eus\/uaga-abre-el-plazo-de-solicitud-de-contratacion-de-personas-temporeras-para-la-vendimia-de-este-ano\/\",\"url\":\"https:\/\/www.uaga.eus\/uaga-abre-el-plazo-de-solicitud-de-contratacion-de-personas-temporeras-para-la-vendimia-de-este-ano\/\",\"name\":\"UAGA abre el plazo de solicitud de contrataci\u00f3n de personas temporeras para la vendimia de este a\u00f1o - UAGA\",\"isPartOf\":{\"@id\":\"https:\/\/www.uaga.eus\/#website\"},\"datePublished\":\"2019-08-01T12:20:13+00:00\",\"dateModified\":\"2019-08-01T12:20:13+00:00\",\"author\":{\"@id\":\"https:\/\/www.uaga.eus\/#\/schema\/person\/48c3cbf0f33d1b788226dbb6518689cf\"},\"breadcrumb\":{\"@id\":\"https:\/\/www.uaga.eus\/uaga-abre-el-plazo-de-solicitud-de-contratacion-de-personas-temporeras-para-la-vendimia-de-este-ano\/#breadcrumb\"},\"inLanguage\":\"eu\",\"potentialAction\":[{\"@type\":\"ReadAction\",\"target\":[\"https:\/\/www.uaga.eus\/uaga-abre-el-plazo-de-solicitud-de-contratacion-de-personas-temporeras-para-la-vendimia-de-este-ano\/\"]}]},{\"@type\":\"BreadcrumbList\",\"@id\":\"https:\/\/www.uaga.eus\/uaga-abre-el-plazo-de-solicitud-de-contratacion-de-personas-temporeras-para-la-vendimia-de-este-ano\/#breadcrumb\",\"itemListElement\":[{\"@type\":\"ListItem\",\"position\":1,\"name\":\"Inicio\",\"item\":\"https:\/\/www.uaga.eus\/\"},{\"@type\":\"ListItem\",\"position\":2,\"name\":\"UAGA abre el plazo de solicitud de contrataci\u00f3n de personas temporeras para la vendimia de este a\u00f1o\"}]},{\"@type\":\"WebSite\",\"@id\":\"https:\/\/www.uaga.eus\/#website\",\"url\":\"https:\/\/www.uaga.eus\/\",\"name\":\"UAGA\",\"description\":\"Uni\u00f3n Agroganadera de \u00c1lava - Araba Nekazarien Elkartea\",\"potentialAction\":[{\"@type\":\"SearchAction\",\"target\":{\"@type\":\"EntryPoint\",\"urlTemplate\":\"https:\/\/www.uaga.eus\/?s={search_term_string}\"},\"query-input\":\"required name=search_term_string\"}],\"inLanguage\":\"eu\"},{\"@type\":\"Person\",\"@id\":\"https:\/\/www.uaga.eus\/#\/schema\/person\/48c3cbf0f33d1b788226dbb6518689cf\",\"name\":\"Blanca S\u00e1nchez\",\"image\":{\"@type\":\"ImageObject\",\"inLanguage\":\"eu\",\"@id\":\"https:\/\/www.uaga.eus\/#\/schema\/person\/image\/\",\"url\":\"https:\/\/secure.gravatar.com\/avatar\/0dc91c20648254b1ce84877283f6751b?s=96&d=mm&r=g\",\"contentUrl\":\"https:\/\/secure.gravatar.com\/avatar\/0dc91c20648254b1ce84877283f6751b?s=96&d=mm&r=g\",\"caption\":\"Blanca S\u00e1nchez\"},\"url\":\"https:\/\/www.uaga.eus\/eu\/author\/bsanchez\/\"}]}<\/script>\n<!-- \/ Yoast SEO plugin. -->","yoast_head_json":{"title":"UAGA abre el plazo de solicitud de contrataci\u00f3n de personas temporeras para la vendimia de este a\u00f1o - UAGA","robots":{"index":"index","follow":"follow","max-snippet":"max-snippet:-1","max-image-preview":"max-image-preview:large","max-video-preview":"max-video-preview:-1"},"canonical":"https:\/\/www.uaga.eus\/uaga-abre-el-plazo-de-solicitud-de-contratacion-de-personas-temporeras-para-la-vendimia-de-este-ano\/","og_locale":"en_US","og_type":"article","og_title":"UAGA abre el plazo de solicitud de contrataci\u00f3n de personas temporeras para la vendimia de este a\u00f1o - UAGA","og_description":"El Proyecto de Temporerismo de UAGA, que facilita la contrataci\u00f3n de personas temporeras, inicia la campa\u00f1a de vendimia de este a\u00f1o con la recepci\u00f3n de solicitudes de contrataci\u00f3n desde el 19 hasta el 30 de agosto. La Junta del \u00c1rea de Temporerismo ha acordado mantener los precios de la campa\u00f1a de 2018: \u2013 \u00a0 \u00a0 [&hellip;]","og_url":"https:\/\/www.uaga.eus\/uaga-abre-el-plazo-de-solicitud-de-contratacion-de-personas-temporeras-para-la-vendimia-de-este-ano\/","og_site_name":"UAGA","article_published_time":"2019-08-01T12:20:13+00:00","og_image":[{"width":650,"height":366,"url":"https:\/\/www.uaga.eus\/wp-content\/uploads\/2019\/08\/tres-temporeros.jpg","type":"image\/jpeg"}],"author":"Blanca S\u00e1nchez","twitter_card":"summary_large_image","twitter_misc":{"Written by":"Blanca S\u00e1nchez","Est. reading time":"1 minutua"},"schema":{"@context":"https:\/\/schema.org","@graph":[{"@type":"WebPage","@id":"https:\/\/www.uaga.eus\/uaga-abre-el-plazo-de-solicitud-de-contratacion-de-personas-temporeras-para-la-vendimia-de-este-ano\/","url":"https:\/\/www.uaga.eus\/uaga-abre-el-plazo-de-solicitud-de-contratacion-de-personas-temporeras-para-la-vendimia-de-este-ano\/","name":"UAGA abre el plazo de solicitud de contrataci\u00f3n de personas temporeras para la vendimia de este a\u00f1o - UAGA","isPartOf":{"@id":"https:\/\/www.uaga.eus\/#website"},"datePublished":"2019-08-01T12:20:13+00:00","dateModified":"2019-08-01T12:20:13+00:00","author":{"@id":"https:\/\/www.uaga.eus\/#\/schema\/person\/48c3cbf0f33d1b788226dbb6518689cf"},"breadcrumb":{"@id":"https:\/\/www.uaga.eus\/uaga-abre-el-plazo-de-solicitud-de-contratacion-de-personas-temporeras-para-la-vendimia-de-este-ano\/#breadcrumb"},"inLanguage":"eu","potentialAction":[{"@type":"ReadAction","target":["https:\/\/www.uaga.eus\/uaga-abre-el-plazo-de-solicitud-de-contratacion-de-personas-temporeras-para-la-vendimia-de-este-ano\/"]}]},{"@type":"BreadcrumbList","@id":"https:\/\/www.uaga.eus\/uaga-abre-el-plazo-de-solicitud-de-contratacion-de-personas-temporeras-para-la-vendimia-de-este-ano\/#breadcrumb","itemListElement":[{"@type":"ListItem","position":1,"name":"Inicio","item":"https:\/\/www.uaga.eus\/"},{"@type":"ListItem","position":2,"name":"UAGA abre el plazo de solicitud de contrataci\u00f3n de personas temporeras para la vendimia de este a\u00f1o"}]},{"@type":"WebSite","@id":"https:\/\/www.uaga.eus\/#website","url":"https:\/\/www.uaga.eus\/","name":"UAGA","description":"Uni\u00f3n Agroganadera de \u00c1lava - Araba Nekazarien Elkartea","potentialAction":[{"@type":"SearchAction","target":{"@type":"EntryPoint","urlTemplate":"https:\/\/www.uaga.eus\/?s={search_term_string}"},"query-input":"required name=search_term_string"}],"inLanguage":"eu"},{"@type":"Person","@id":"https:\/\/www.uaga.eus\/#\/schema\/person\/48c3cbf0f33d1b788226dbb6518689cf","name":"Blanca S\u00e1nchez","image":{"@type":"ImageObject","inLanguage":"eu","@id":"https:\/\/www.uaga.eus\/#\/schema\/person\/image\/","url":"https:\/\/secure.gravatar.com\/avatar\/0dc91c20648254b1ce84877283f6751b?s=96&d=mm&r=g","contentUrl":"https:\/\/secure.gravatar.com\/avatar\/0dc91c20648254b1ce84877283f6751b?s=96&d=mm&r=g","caption":"Blanca S\u00e1nchez"},"url":"https:\/\/www.uaga.eus\/eu\/author\/bsanchez\/"}]}},"_links":{"self":[{"href":"https:\/\/www.uaga.eus\/eu\/wp-json\/wp\/v2\/posts\/6404"}],"collection":[{"href":"https:\/\/www.uaga.eus\/eu\/wp-json\/wp\/v2\/posts"}],"about":[{"href":"https:\/\/www.uaga.eus\/eu\/wp-json\/wp\/v2\/types\/post"}],"author":[{"embeddable":true,"href":"https:\/\/www.uaga.eus\/eu\/wp-json\/wp\/v2\/users\/4"}],"replies":[{"embeddable":true,"href":"https:\/\/www.uaga.eus\/eu\/wp-json\/wp\/v2\/comments?post=6404"}],"version-history":[{"count":1,"href":"https:\/\/www.uaga.eus\/eu\/wp-json\/wp\/v2\/posts\/6404\/revisions"}],"predecessor-version":[{"id":6406,"href":"https:\/\/www.uaga.eus\/eu\/wp-json\/wp\/v2\/posts\/6404\/revisions\/6406"}],"wp:featuredmedia":[{"embeddable":true,"href":"https:\/\/www.uaga.eus\/eu\/wp-json\/wp\/v2\/media\/6405"}],"wp:attachment":[{"href":"https:\/\/www.uaga.eus\/eu\/wp-json\/wp\/v2\/media?parent=6404"}],"wp:term":[{"taxonomy":"category","embeddable":true,"href":"https:\/\/www.uaga.eus\/eu\/wp-json\/wp\/v2\/categories?post=6404"},{"taxonomy":"post_tag","embeddable":true,"href":"https:\/\/www.uaga.eus\/eu\/wp-json\/wp\/v2\/tags?post=6404"}],"curies":[{"name":"wp","href":"https:\/\/api.w.org\/{rel}","templated":true}]}}