{"id":6397,"date":"2019-08-01T12:13:30","date_gmt":"2019-08-01T12:13:30","guid":{"rendered":"https:\/\/www.uaga.eus\/?p=6397"},"modified":"2019-08-01T12:13:30","modified_gmt":"2019-08-01T12:13:30","slug":"mas-de-200-personas-han-participado-en-las-degustaciones-de-uagalur-un-productor-un-sabor","status":"publish","type":"post","link":"https:\/\/www.uaga.eus\/eu\/mas-de-200-personas-han-participado-en-las-degustaciones-de-uagalur-un-productor-un-sabor\/","title":{"rendered":"M\u00e1s de 200 personas han participado en las degustaciones de Uagalur &#8220;Un productor, un sabor&#8221;"},"content":{"rendered":"<p>Uagalur, la tienda de producto local ublicada en la plaza de Abastos de Vitoria-Gasteiz, en la que la afiliaci\u00f3n de\u00a0UAGA puede vender sus productos, organiza degustaciones mensuales para que la sociedad alavesa pueda conocer de primera mano estos alimentos. En estos\u00a0eventos gastron\u00f3micos, denominados &#8220;Un productor, un sabor&#8221;,\u00a0 han participado desde el mes de marzo m\u00e1s de 200 personas. En total desde esa fecha se han realizado cinco degustaciones y un curso de cocina.<\/p>\n<p>El objetivo de estos encuentros es conocer\u00a0de primera mano los productos de nuestra tierra, disfrutando de la experiencia de degustarlos mientras se conversa con las personas que los producen.\u00a0Las catas est\u00e1n realizada en su totalidad con producto local como peque\u00f1a muestra de los sabores que podr\u00e1s encontrar durante todo el a\u00f1o en Uagalur. Cada evento consta de una degustaci\u00f3n de un men\u00fa en miniatura,\u00a0 que es elaborado en el momento por los cocineros de la Fundaci\u00f3n Abastos.<\/p>\n<p>Estas experiencias continuar\u00e1n en el \u00faltimo trimestre del a\u00f1o. La primera de ellas se realizar\u00e1 el 21 de septiembre, y habr\u00e1 una degustaci\u00f3n mensual hasta diciembre.<\/p>\n<p>+ info BEATRIZ: 688 816 181<\/p>\n","protected":false},"excerpt":{"rendered":"<p>Uagalur, la tienda de producto local ublicada en la plaza de Abastos de Vitoria-Gasteiz, en la que la afiliaci\u00f3n de\u00a0UAGA puede vender sus productos, organiza degustaciones mensuales para que la sociedad alavesa pueda conocer de primera mano estos alimentos. En estos\u00a0eventos gastron\u00f3micos, denominados &#8220;Un productor, un sabor&#8221;,\u00a0 han participado desde el mes de marzo m\u00e1s [&hellip;]<\/p>\n","protected":false},"author":4,"featured_media":6395,"comment_status":"closed","ping_status":"closed","sticky":false,"template":"","format":"standard","meta":{"footnotes":""},"categories":[12],"tags":[],"yoast_head":"<!-- This site is optimized with the Yoast SEO plugin v21.5 - https:\/\/yoast.com\/wordpress\/plugins\/seo\/ -->\n<title>M\u00e1s de 200 personas han participado en las degustaciones de Uagalur &quot;Un productor, un sabor&quot; - UAGA<\/title>\n<meta name=\"robots\" content=\"index, follow, max-snippet:-1, max-image-preview:large, max-video-preview:-1\" \/>\n<link rel=\"canonical\" href=\"https:\/\/www.uaga.eus\/mas-de-200-personas-han-participado-en-las-degustaciones-de-uagalur-un-productor-un-sabor\/\" \/>\n<meta property=\"og:locale\" content=\"en_US\" \/>\n<meta property=\"og:type\" content=\"article\" \/>\n<meta property=\"og:title\" content=\"M\u00e1s de 200 personas han participado en las degustaciones de Uagalur &quot;Un productor, un sabor&quot; - UAGA\" \/>\n<meta property=\"og:description\" content=\"Uagalur, la tienda de producto local ublicada en la plaza de Abastos de Vitoria-Gasteiz, en la que la afiliaci\u00f3n de\u00a0UAGA puede vender sus productos, organiza degustaciones mensuales para que la sociedad alavesa pueda conocer de primera mano estos alimentos. En estos\u00a0eventos gastron\u00f3micos, denominados &#8220;Un productor, un sabor&#8221;,\u00a0 han participado desde el mes de marzo m\u00e1s [&hellip;]\" \/>\n<meta property=\"og:url\" content=\"https:\/\/www.uaga.eus\/mas-de-200-personas-han-participado-en-las-degustaciones-de-uagalur-un-productor-un-sabor\/\" \/>\n<meta property=\"og:site_name\" content=\"UAGA\" \/>\n<meta property=\"article:published_time\" content=\"2019-08-01T12:13:30+00:00\" \/>\n<meta property=\"og:image\" content=\"https:\/\/www.uaga.eus\/wp-content\/uploads\/2019\/08\/Un-productor-un-sabor.jpg\" \/>\n\t<meta property=\"og:image:width\" content=\"650\" \/>\n\t<meta property=\"og:image:height\" content=\"341\" \/>\n\t<meta property=\"og:image:type\" content=\"image\/jpeg\" \/>\n<meta name=\"author\" content=\"Blanca S\u00e1nchez\" \/>\n<meta name=\"twitter:card\" content=\"summary_large_image\" \/>\n<meta name=\"twitter:label1\" content=\"Written by\" \/>\n\t<meta name=\"twitter:data1\" content=\"Blanca S\u00e1nchez\" \/>\n\t<meta name=\"twitter:label2\" content=\"Est. reading time\" \/>\n\t<meta name=\"twitter:data2\" content=\"1 minutua\" \/>\n<script type=\"application\/ld+json\" class=\"yoast-schema-graph\">{\"@context\":\"https:\/\/schema.org\",\"@graph\":[{\"@type\":\"WebPage\",\"@id\":\"https:\/\/www.uaga.eus\/mas-de-200-personas-han-participado-en-las-degustaciones-de-uagalur-un-productor-un-sabor\/\",\"url\":\"https:\/\/www.uaga.eus\/mas-de-200-personas-han-participado-en-las-degustaciones-de-uagalur-un-productor-un-sabor\/\",\"name\":\"M\u00e1s de 200 personas han participado en las degustaciones de Uagalur \\\"Un productor, un sabor\\\" - UAGA\",\"isPartOf\":{\"@id\":\"https:\/\/www.uaga.eus\/#website\"},\"datePublished\":\"2019-08-01T12:13:30+00:00\",\"dateModified\":\"2019-08-01T12:13:30+00:00\",\"author\":{\"@id\":\"https:\/\/www.uaga.eus\/#\/schema\/person\/48c3cbf0f33d1b788226dbb6518689cf\"},\"breadcrumb\":{\"@id\":\"https:\/\/www.uaga.eus\/mas-de-200-personas-han-participado-en-las-degustaciones-de-uagalur-un-productor-un-sabor\/#breadcrumb\"},\"inLanguage\":\"eu\",\"potentialAction\":[{\"@type\":\"ReadAction\",\"target\":[\"https:\/\/www.uaga.eus\/mas-de-200-personas-han-participado-en-las-degustaciones-de-uagalur-un-productor-un-sabor\/\"]}]},{\"@type\":\"BreadcrumbList\",\"@id\":\"https:\/\/www.uaga.eus\/mas-de-200-personas-han-participado-en-las-degustaciones-de-uagalur-un-productor-un-sabor\/#breadcrumb\",\"itemListElement\":[{\"@type\":\"ListItem\",\"position\":1,\"name\":\"Inicio\",\"item\":\"https:\/\/www.uaga.eus\/\"},{\"@type\":\"ListItem\",\"position\":2,\"name\":\"M\u00e1s de 200 personas han participado en las degustaciones de Uagalur \u00abUn productor, un sabor\u00bb\"}]},{\"@type\":\"WebSite\",\"@id\":\"https:\/\/www.uaga.eus\/#website\",\"url\":\"https:\/\/www.uaga.eus\/\",\"name\":\"UAGA\",\"description\":\"Uni\u00f3n Agroganadera de \u00c1lava - Araba Nekazarien Elkartea\",\"potentialAction\":[{\"@type\":\"SearchAction\",\"target\":{\"@type\":\"EntryPoint\",\"urlTemplate\":\"https:\/\/www.uaga.eus\/?s={search_term_string}\"},\"query-input\":\"required name=search_term_string\"}],\"inLanguage\":\"eu\"},{\"@type\":\"Person\",\"@id\":\"https:\/\/www.uaga.eus\/#\/schema\/person\/48c3cbf0f33d1b788226dbb6518689cf\",\"name\":\"Blanca S\u00e1nchez\",\"image\":{\"@type\":\"ImageObject\",\"inLanguage\":\"eu\",\"@id\":\"https:\/\/www.uaga.eus\/#\/schema\/person\/image\/\",\"url\":\"https:\/\/secure.gravatar.com\/avatar\/0dc91c20648254b1ce84877283f6751b?s=96&d=mm&r=g\",\"contentUrl\":\"https:\/\/secure.gravatar.com\/avatar\/0dc91c20648254b1ce84877283f6751b?s=96&d=mm&r=g\",\"caption\":\"Blanca S\u00e1nchez\"},\"url\":\"https:\/\/www.uaga.eus\/eu\/author\/bsanchez\/\"}]}<\/script>\n<!-- \/ Yoast SEO plugin. -->","yoast_head_json":{"title":"M\u00e1s de 200 personas han participado en las degustaciones de Uagalur \"Un productor, un sabor\" - UAGA","robots":{"index":"index","follow":"follow","max-snippet":"max-snippet:-1","max-image-preview":"max-image-preview:large","max-video-preview":"max-video-preview:-1"},"canonical":"https:\/\/www.uaga.eus\/mas-de-200-personas-han-participado-en-las-degustaciones-de-uagalur-un-productor-un-sabor\/","og_locale":"en_US","og_type":"article","og_title":"M\u00e1s de 200 personas han participado en las degustaciones de Uagalur \"Un productor, un sabor\" - UAGA","og_description":"Uagalur, la tienda de producto local ublicada en la plaza de Abastos de Vitoria-Gasteiz, en la que la afiliaci\u00f3n de\u00a0UAGA puede vender sus productos, organiza degustaciones mensuales para que la sociedad alavesa pueda conocer de primera mano estos alimentos. En estos\u00a0eventos gastron\u00f3micos, denominados &#8220;Un productor, un sabor&#8221;,\u00a0 han participado desde el mes de marzo m\u00e1s [&hellip;]","og_url":"https:\/\/www.uaga.eus\/mas-de-200-personas-han-participado-en-las-degustaciones-de-uagalur-un-productor-un-sabor\/","og_site_name":"UAGA","article_published_time":"2019-08-01T12:13:30+00:00","og_image":[{"width":650,"height":341,"url":"https:\/\/www.uaga.eus\/wp-content\/uploads\/2019\/08\/Un-productor-un-sabor.jpg","type":"image\/jpeg"}],"author":"Blanca S\u00e1nchez","twitter_card":"summary_large_image","twitter_misc":{"Written by":"Blanca S\u00e1nchez","Est. reading time":"1 minutua"},"schema":{"@context":"https:\/\/schema.org","@graph":[{"@type":"WebPage","@id":"https:\/\/www.uaga.eus\/mas-de-200-personas-han-participado-en-las-degustaciones-de-uagalur-un-productor-un-sabor\/","url":"https:\/\/www.uaga.eus\/mas-de-200-personas-han-participado-en-las-degustaciones-de-uagalur-un-productor-un-sabor\/","name":"M\u00e1s de 200 personas han participado en las degustaciones de Uagalur \"Un productor, un sabor\" - UAGA","isPartOf":{"@id":"https:\/\/www.uaga.eus\/#website"},"datePublished":"2019-08-01T12:13:30+00:00","dateModified":"2019-08-01T12:13:30+00:00","author":{"@id":"https:\/\/www.uaga.eus\/#\/schema\/person\/48c3cbf0f33d1b788226dbb6518689cf"},"breadcrumb":{"@id":"https:\/\/www.uaga.eus\/mas-de-200-personas-han-participado-en-las-degustaciones-de-uagalur-un-productor-un-sabor\/#breadcrumb"},"inLanguage":"eu","potentialAction":[{"@type":"ReadAction","target":["https:\/\/www.uaga.eus\/mas-de-200-personas-han-participado-en-las-degustaciones-de-uagalur-un-productor-un-sabor\/"]}]},{"@type":"BreadcrumbList","@id":"https:\/\/www.uaga.eus\/mas-de-200-personas-han-participado-en-las-degustaciones-de-uagalur-un-productor-un-sabor\/#breadcrumb","itemListElement":[{"@type":"ListItem","position":1,"name":"Inicio","item":"https:\/\/www.uaga.eus\/"},{"@type":"ListItem","position":2,"name":"M\u00e1s de 200 personas han participado en las degustaciones de Uagalur \u00abUn productor, un sabor\u00bb"}]},{"@type":"WebSite","@id":"https:\/\/www.uaga.eus\/#website","url":"https:\/\/www.uaga.eus\/","name":"UAGA","description":"Uni\u00f3n Agroganadera de \u00c1lava - Araba Nekazarien Elkartea","potentialAction":[{"@type":"SearchAction","target":{"@type":"EntryPoint","urlTemplate":"https:\/\/www.uaga.eus\/?s={search_term_string}"},"query-input":"required name=search_term_string"}],"inLanguage":"eu"},{"@type":"Person","@id":"https:\/\/www.uaga.eus\/#\/schema\/person\/48c3cbf0f33d1b788226dbb6518689cf","name":"Blanca S\u00e1nchez","image":{"@type":"ImageObject","inLanguage":"eu","@id":"https:\/\/www.uaga.eus\/#\/schema\/person\/image\/","url":"https:\/\/secure.gravatar.com\/avatar\/0dc91c20648254b1ce84877283f6751b?s=96&d=mm&r=g","contentUrl":"https:\/\/secure.gravatar.com\/avatar\/0dc91c20648254b1ce84877283f6751b?s=96&d=mm&r=g","caption":"Blanca S\u00e1nchez"},"url":"https:\/\/www.uaga.eus\/eu\/author\/bsanchez\/"}]}},"_links":{"self":[{"href":"https:\/\/www.uaga.eus\/eu\/wp-json\/wp\/v2\/posts\/6397"}],"collection":[{"href":"https:\/\/www.uaga.eus\/eu\/wp-json\/wp\/v2\/posts"}],"about":[{"href":"https:\/\/www.uaga.eus\/eu\/wp-json\/wp\/v2\/types\/post"}],"author":[{"embeddable":true,"href":"https:\/\/www.uaga.eus\/eu\/wp-json\/wp\/v2\/users\/4"}],"replies":[{"embeddable":true,"href":"https:\/\/www.uaga.eus\/eu\/wp-json\/wp\/v2\/comments?post=6397"}],"version-history":[{"count":1,"href":"https:\/\/www.uaga.eus\/eu\/wp-json\/wp\/v2\/posts\/6397\/revisions"}],"predecessor-version":[{"id":6398,"href":"https:\/\/www.uaga.eus\/eu\/wp-json\/wp\/v2\/posts\/6397\/revisions\/6398"}],"wp:featuredmedia":[{"embeddable":true,"href":"https:\/\/www.uaga.eus\/eu\/wp-json\/wp\/v2\/media\/6395"}],"wp:attachment":[{"href":"https:\/\/www.uaga.eus\/eu\/wp-json\/wp\/v2\/media?parent=6397"}],"wp:term":[{"taxonomy":"category","embeddable":true,"href":"https:\/\/www.uaga.eus\/eu\/wp-json\/wp\/v2\/categories?post=6397"},{"taxonomy":"post_tag","embeddable":true,"href":"https:\/\/www.uaga.eus\/eu\/wp-json\/wp\/v2\/tags?post=6397"}],"curies":[{"name":"wp","href":"https:\/\/api.w.org\/{rel}","templated":true}]}}