{"id":6379,"date":"2019-07-19T10:43:07","date_gmt":"2019-07-19T10:43:07","guid":{"rendered":"https:\/\/www.uaga.eus\/?p=6379"},"modified":"2019-07-19T10:43:07","modified_gmt":"2019-07-19T10:43:07","slug":"uaga-apoya-las-observaciones-de-coag-al-proyecto-de-real-decreto-que-regula-el-potencial-de-produccion-viticola","status":"publish","type":"post","link":"https:\/\/www.uaga.eus\/eu\/uaga-apoya-las-observaciones-de-coag-al-proyecto-de-real-decreto-que-regula-el-potencial-de-produccion-viticola\/","title":{"rendered":"UAGA \u00a0apoya las observaciones de COAG al proyecto de Real Decreto que regula el potencial de producci\u00f3n vit\u00edcola\u00a0"},"content":{"rendered":"<p>El Ministerio est\u00e1 trabajando en un borrador de Decreto que regula el potencial de producci\u00f3n vit\u00edcola, en el que se determina el reparto de nuevas plantaciones. UAGA ha apoyado las alegaciones de COAG.<\/p>\n<p>Uno de los aspectos que contempla el borrador es referido a que los \u00f3rganos de decisi\u00f3n de las DOP supraauton\u00f3micas -como es el caso de Rioja- podr\u00edan decidir limitar o no las autorizaciones de plantaciones sin consultar a las Comunidades Auton\u00f3mas que integran la Denominaci\u00f3n. COAG considera necesario que siga siendo el Ministerio quien vele por una buena ejecuci\u00f3n de la normativa en estos caso ya que el sistema actual, sin ser el ideal, est\u00e1 conteniendo la avidez de superficie de determinados actores del sector.<\/p>\n<p>Desde COAG tambi\u00e9n se reclama que el requisito de estar dado de alta en la Seguridad Social de la actividad agraria \u00a0siga consider\u00e1ndose como un elemento esencial para acceder con prioridad al reparto de plantaciones, con el fin de determinar la condici\u00f3n de capacidad profesional y sea un elemento \u00a0de obligado cumplimiento.<\/p>\n<p>Por \u00faltimo se alega que la limitaci\u00f3n de superficie de nuevas plantaciones concedidas a un solicitante durante un periodo determinado de a\u00f1os (cinco) podr\u00eda ser una medida que permitiera un reparto m\u00e1s equitativo para todos.<\/p>\n<p>+ info NURIA: 635 704 866<\/p>\n","protected":false},"excerpt":{"rendered":"<p>El Ministerio est\u00e1 trabajando en un borrador de Decreto que regula el potencial de producci\u00f3n vit\u00edcola, en el que se determina el reparto de nuevas plantaciones. UAGA ha apoyado las alegaciones de COAG. Uno de los aspectos que contempla el borrador es referido a que los \u00f3rganos de decisi\u00f3n de las DOP supraauton\u00f3micas -como es [&hellip;]<\/p>\n","protected":false},"author":4,"featured_media":6372,"comment_status":"closed","ping_status":"closed","sticky":false,"template":"","format":"standard","meta":{"footnotes":""},"categories":[7,4],"tags":[],"yoast_head":"<!-- This site is optimized with the Yoast SEO plugin v21.5 - https:\/\/yoast.com\/wordpress\/plugins\/seo\/ -->\n<title>UAGA \u00a0apoya las observaciones de COAG al proyecto de Real Decreto que regula el potencial de producci\u00f3n vit\u00edcola\u00a0 - UAGA<\/title>\n<meta name=\"robots\" content=\"index, follow, max-snippet:-1, max-image-preview:large, max-video-preview:-1\" \/>\n<link rel=\"canonical\" href=\"https:\/\/www.uaga.eus\/uaga-apoya-las-observaciones-de-coag-al-proyecto-de-real-decreto-que-regula-el-potencial-de-produccion-viticola\/\" \/>\n<meta property=\"og:locale\" content=\"en_US\" \/>\n<meta property=\"og:type\" content=\"article\" \/>\n<meta property=\"og:title\" content=\"UAGA \u00a0apoya las observaciones de COAG al proyecto de Real Decreto que regula el potencial de producci\u00f3n vit\u00edcola\u00a0 - UAGA\" \/>\n<meta property=\"og:description\" content=\"El Ministerio est\u00e1 trabajando en un borrador de Decreto que regula el potencial de producci\u00f3n vit\u00edcola, en el que se determina el reparto de nuevas plantaciones. UAGA ha apoyado las alegaciones de COAG. Uno de los aspectos que contempla el borrador es referido a que los \u00f3rganos de decisi\u00f3n de las DOP supraauton\u00f3micas -como es [&hellip;]\" \/>\n<meta property=\"og:url\" content=\"https:\/\/www.uaga.eus\/uaga-apoya-las-observaciones-de-coag-al-proyecto-de-real-decreto-que-regula-el-potencial-de-produccion-viticola\/\" \/>\n<meta property=\"og:site_name\" content=\"UAGA\" \/>\n<meta property=\"article:published_time\" content=\"2019-07-19T10:43:07+00:00\" \/>\n<meta property=\"og:image\" content=\"https:\/\/www.uaga.eus\/wp-content\/uploads\/2019\/07\/vi\u00f1edo.jpg\" \/>\n\t<meta property=\"og:image:width\" content=\"650\" \/>\n\t<meta property=\"og:image:height\" content=\"366\" \/>\n\t<meta property=\"og:image:type\" content=\"image\/jpeg\" \/>\n<meta name=\"author\" content=\"Blanca S\u00e1nchez\" \/>\n<meta name=\"twitter:card\" content=\"summary_large_image\" \/>\n<meta name=\"twitter:label1\" content=\"Written by\" \/>\n\t<meta name=\"twitter:data1\" content=\"Blanca S\u00e1nchez\" \/>\n\t<meta name=\"twitter:label2\" content=\"Est. reading time\" \/>\n\t<meta name=\"twitter:data2\" content=\"1 minutua\" \/>\n<script type=\"application\/ld+json\" class=\"yoast-schema-graph\">{\"@context\":\"https:\/\/schema.org\",\"@graph\":[{\"@type\":\"WebPage\",\"@id\":\"https:\/\/www.uaga.eus\/uaga-apoya-las-observaciones-de-coag-al-proyecto-de-real-decreto-que-regula-el-potencial-de-produccion-viticola\/\",\"url\":\"https:\/\/www.uaga.eus\/uaga-apoya-las-observaciones-de-coag-al-proyecto-de-real-decreto-que-regula-el-potencial-de-produccion-viticola\/\",\"name\":\"UAGA \u00a0apoya las observaciones de COAG al proyecto de Real Decreto que regula el potencial de producci\u00f3n vit\u00edcola\u00a0 - UAGA\",\"isPartOf\":{\"@id\":\"https:\/\/www.uaga.eus\/#website\"},\"datePublished\":\"2019-07-19T10:43:07+00:00\",\"dateModified\":\"2019-07-19T10:43:07+00:00\",\"author\":{\"@id\":\"https:\/\/www.uaga.eus\/#\/schema\/person\/48c3cbf0f33d1b788226dbb6518689cf\"},\"breadcrumb\":{\"@id\":\"https:\/\/www.uaga.eus\/uaga-apoya-las-observaciones-de-coag-al-proyecto-de-real-decreto-que-regula-el-potencial-de-produccion-viticola\/#breadcrumb\"},\"inLanguage\":\"eu\",\"potentialAction\":[{\"@type\":\"ReadAction\",\"target\":[\"https:\/\/www.uaga.eus\/uaga-apoya-las-observaciones-de-coag-al-proyecto-de-real-decreto-que-regula-el-potencial-de-produccion-viticola\/\"]}]},{\"@type\":\"BreadcrumbList\",\"@id\":\"https:\/\/www.uaga.eus\/uaga-apoya-las-observaciones-de-coag-al-proyecto-de-real-decreto-que-regula-el-potencial-de-produccion-viticola\/#breadcrumb\",\"itemListElement\":[{\"@type\":\"ListItem\",\"position\":1,\"name\":\"Inicio\",\"item\":\"https:\/\/www.uaga.eus\/\"},{\"@type\":\"ListItem\",\"position\":2,\"name\":\"UAGA \u00a0apoya las observaciones de COAG al proyecto de Real Decreto que regula el potencial de producci\u00f3n vit\u00edcola\u00a0\"}]},{\"@type\":\"WebSite\",\"@id\":\"https:\/\/www.uaga.eus\/#website\",\"url\":\"https:\/\/www.uaga.eus\/\",\"name\":\"UAGA\",\"description\":\"Uni\u00f3n Agroganadera de \u00c1lava - Araba Nekazarien Elkartea\",\"potentialAction\":[{\"@type\":\"SearchAction\",\"target\":{\"@type\":\"EntryPoint\",\"urlTemplate\":\"https:\/\/www.uaga.eus\/?s={search_term_string}\"},\"query-input\":\"required name=search_term_string\"}],\"inLanguage\":\"eu\"},{\"@type\":\"Person\",\"@id\":\"https:\/\/www.uaga.eus\/#\/schema\/person\/48c3cbf0f33d1b788226dbb6518689cf\",\"name\":\"Blanca S\u00e1nchez\",\"image\":{\"@type\":\"ImageObject\",\"inLanguage\":\"eu\",\"@id\":\"https:\/\/www.uaga.eus\/#\/schema\/person\/image\/\",\"url\":\"https:\/\/secure.gravatar.com\/avatar\/0dc91c20648254b1ce84877283f6751b?s=96&d=mm&r=g\",\"contentUrl\":\"https:\/\/secure.gravatar.com\/avatar\/0dc91c20648254b1ce84877283f6751b?s=96&d=mm&r=g\",\"caption\":\"Blanca S\u00e1nchez\"},\"url\":\"https:\/\/www.uaga.eus\/eu\/author\/bsanchez\/\"}]}<\/script>\n<!-- \/ Yoast SEO plugin. -->","yoast_head_json":{"title":"UAGA \u00a0apoya las observaciones de COAG al proyecto de Real Decreto que regula el potencial de producci\u00f3n vit\u00edcola\u00a0 - UAGA","robots":{"index":"index","follow":"follow","max-snippet":"max-snippet:-1","max-image-preview":"max-image-preview:large","max-video-preview":"max-video-preview:-1"},"canonical":"https:\/\/www.uaga.eus\/uaga-apoya-las-observaciones-de-coag-al-proyecto-de-real-decreto-que-regula-el-potencial-de-produccion-viticola\/","og_locale":"en_US","og_type":"article","og_title":"UAGA \u00a0apoya las observaciones de COAG al proyecto de Real Decreto que regula el potencial de producci\u00f3n vit\u00edcola\u00a0 - UAGA","og_description":"El Ministerio est\u00e1 trabajando en un borrador de Decreto que regula el potencial de producci\u00f3n vit\u00edcola, en el que se determina el reparto de nuevas plantaciones. UAGA ha apoyado las alegaciones de COAG. Uno de los aspectos que contempla el borrador es referido a que los \u00f3rganos de decisi\u00f3n de las DOP supraauton\u00f3micas -como es [&hellip;]","og_url":"https:\/\/www.uaga.eus\/uaga-apoya-las-observaciones-de-coag-al-proyecto-de-real-decreto-que-regula-el-potencial-de-produccion-viticola\/","og_site_name":"UAGA","article_published_time":"2019-07-19T10:43:07+00:00","og_image":[{"width":650,"height":366,"url":"https:\/\/www.uaga.eus\/wp-content\/uploads\/2019\/07\/vi\u00f1edo.jpg","type":"image\/jpeg"}],"author":"Blanca S\u00e1nchez","twitter_card":"summary_large_image","twitter_misc":{"Written by":"Blanca S\u00e1nchez","Est. reading time":"1 minutua"},"schema":{"@context":"https:\/\/schema.org","@graph":[{"@type":"WebPage","@id":"https:\/\/www.uaga.eus\/uaga-apoya-las-observaciones-de-coag-al-proyecto-de-real-decreto-que-regula-el-potencial-de-produccion-viticola\/","url":"https:\/\/www.uaga.eus\/uaga-apoya-las-observaciones-de-coag-al-proyecto-de-real-decreto-que-regula-el-potencial-de-produccion-viticola\/","name":"UAGA \u00a0apoya las observaciones de COAG al proyecto de Real Decreto que regula el potencial de producci\u00f3n vit\u00edcola\u00a0 - UAGA","isPartOf":{"@id":"https:\/\/www.uaga.eus\/#website"},"datePublished":"2019-07-19T10:43:07+00:00","dateModified":"2019-07-19T10:43:07+00:00","author":{"@id":"https:\/\/www.uaga.eus\/#\/schema\/person\/48c3cbf0f33d1b788226dbb6518689cf"},"breadcrumb":{"@id":"https:\/\/www.uaga.eus\/uaga-apoya-las-observaciones-de-coag-al-proyecto-de-real-decreto-que-regula-el-potencial-de-produccion-viticola\/#breadcrumb"},"inLanguage":"eu","potentialAction":[{"@type":"ReadAction","target":["https:\/\/www.uaga.eus\/uaga-apoya-las-observaciones-de-coag-al-proyecto-de-real-decreto-que-regula-el-potencial-de-produccion-viticola\/"]}]},{"@type":"BreadcrumbList","@id":"https:\/\/www.uaga.eus\/uaga-apoya-las-observaciones-de-coag-al-proyecto-de-real-decreto-que-regula-el-potencial-de-produccion-viticola\/#breadcrumb","itemListElement":[{"@type":"ListItem","position":1,"name":"Inicio","item":"https:\/\/www.uaga.eus\/"},{"@type":"ListItem","position":2,"name":"UAGA \u00a0apoya las observaciones de COAG al proyecto de Real Decreto que regula el potencial de producci\u00f3n vit\u00edcola\u00a0"}]},{"@type":"WebSite","@id":"https:\/\/www.uaga.eus\/#website","url":"https:\/\/www.uaga.eus\/","name":"UAGA","description":"Uni\u00f3n Agroganadera de \u00c1lava - Araba Nekazarien Elkartea","potentialAction":[{"@type":"SearchAction","target":{"@type":"EntryPoint","urlTemplate":"https:\/\/www.uaga.eus\/?s={search_term_string}"},"query-input":"required name=search_term_string"}],"inLanguage":"eu"},{"@type":"Person","@id":"https:\/\/www.uaga.eus\/#\/schema\/person\/48c3cbf0f33d1b788226dbb6518689cf","name":"Blanca S\u00e1nchez","image":{"@type":"ImageObject","inLanguage":"eu","@id":"https:\/\/www.uaga.eus\/#\/schema\/person\/image\/","url":"https:\/\/secure.gravatar.com\/avatar\/0dc91c20648254b1ce84877283f6751b?s=96&d=mm&r=g","contentUrl":"https:\/\/secure.gravatar.com\/avatar\/0dc91c20648254b1ce84877283f6751b?s=96&d=mm&r=g","caption":"Blanca S\u00e1nchez"},"url":"https:\/\/www.uaga.eus\/eu\/author\/bsanchez\/"}]}},"_links":{"self":[{"href":"https:\/\/www.uaga.eus\/eu\/wp-json\/wp\/v2\/posts\/6379"}],"collection":[{"href":"https:\/\/www.uaga.eus\/eu\/wp-json\/wp\/v2\/posts"}],"about":[{"href":"https:\/\/www.uaga.eus\/eu\/wp-json\/wp\/v2\/types\/post"}],"author":[{"embeddable":true,"href":"https:\/\/www.uaga.eus\/eu\/wp-json\/wp\/v2\/users\/4"}],"replies":[{"embeddable":true,"href":"https:\/\/www.uaga.eus\/eu\/wp-json\/wp\/v2\/comments?post=6379"}],"version-history":[{"count":1,"href":"https:\/\/www.uaga.eus\/eu\/wp-json\/wp\/v2\/posts\/6379\/revisions"}],"predecessor-version":[{"id":6380,"href":"https:\/\/www.uaga.eus\/eu\/wp-json\/wp\/v2\/posts\/6379\/revisions\/6380"}],"wp:featuredmedia":[{"embeddable":true,"href":"https:\/\/www.uaga.eus\/eu\/wp-json\/wp\/v2\/media\/6372"}],"wp:attachment":[{"href":"https:\/\/www.uaga.eus\/eu\/wp-json\/wp\/v2\/media?parent=6379"}],"wp:term":[{"taxonomy":"category","embeddable":true,"href":"https:\/\/www.uaga.eus\/eu\/wp-json\/wp\/v2\/categories?post=6379"},{"taxonomy":"post_tag","embeddable":true,"href":"https:\/\/www.uaga.eus\/eu\/wp-json\/wp\/v2\/tags?post=6379"}],"curies":[{"name":"wp","href":"https:\/\/api.w.org\/{rel}","templated":true}]}}