{"id":6362,"date":"2019-07-19T10:27:49","date_gmt":"2019-07-19T10:27:49","guid":{"rendered":"https:\/\/www.uaga.eus\/?p=6362"},"modified":"2019-07-19T10:35:10","modified_gmt":"2019-07-19T10:35:10","slug":"nace-la-federacion-de-cooperativas-de-euskadi-erkide","status":"publish","type":"post","link":"https:\/\/www.uaga.eus\/eu\/nace-la-federacion-de-cooperativas-de-euskadi-erkide\/","title":{"rendered":"Nace la Federaci\u00f3n de Cooperativas de Euskadi, ERKIDE"},"content":{"rendered":"<p>Este mes de julio se ha hecho efectiva la Fusi\u00f3n de la Federaci\u00f3n de Cooperativas Agrarias de Euskadi con la Federaci\u00f3n de Cooperativas de Trabajo Asociado, Consumo, Ense\u00f1anza y Cr\u00e9dito de Euskadi, dando lugar a la Federaci\u00f3n de Cooperativas de Euskadi \u2013 ERKIDE. Esta fusi\u00f3n se ha hecho efectiva tras la aprobaci\u00f3n de la fusi\u00f3n por las Asambleas de ambas federaciones en el mes de mayo.<\/p>\n<p>Erkide ha informado de que las direcciones y tel\u00e9fonos se mantienen invariables.<\/p>\n<p>Los objetivos de la fusi\u00f3n son:<\/p>\n<ul>\n<li>Generar una \u00fanica organizaci\u00f3n de representaci\u00f3n y lobby del movimiento cooperativo de Euskadi, con una \u00fanica marca f\u00e1cilmente identificable en las Administraciones P\u00fablicas, socios, proveedores, clientes y otras partes interesadas.<\/li>\n<li>Optimizar los recursos econ\u00f3micos y personales de las organizaciones, generando econom\u00edas de escala y alcance.<\/li>\n<li>Acceso por parte de las cooperativas a nuevas herramientas, actividades y eventos dirigidos a la intercooperaci\u00f3n, formaci\u00f3n, informaci\u00f3n y mejora de la gesti\u00f3n, de la financiaci\u00f3n, de la estructura societaria y de la adecuaci\u00f3n al mercado.<\/li>\n<\/ul>\n","protected":false},"excerpt":{"rendered":"<p>Este mes de julio se ha hecho efectiva la Fusi\u00f3n de la Federaci\u00f3n de Cooperativas Agrarias de Euskadi con la Federaci\u00f3n de Cooperativas de Trabajo Asociado, Consumo, Ense\u00f1anza y Cr\u00e9dito de Euskadi, dando lugar a la Federaci\u00f3n de Cooperativas de Euskadi \u2013 ERKIDE. Esta fusi\u00f3n se ha hecho efectiva tras la aprobaci\u00f3n de la fusi\u00f3n [&hellip;]<\/p>\n","protected":false},"author":4,"featured_media":6363,"comment_status":"closed","ping_status":"closed","sticky":false,"template":"","format":"standard","meta":{"footnotes":""},"categories":[7,12,8],"tags":[],"yoast_head":"<!-- This site is optimized with the Yoast SEO plugin v21.5 - https:\/\/yoast.com\/wordpress\/plugins\/seo\/ -->\n<title>Nace la Federaci\u00f3n de Cooperativas de Euskadi, ERKIDE - UAGA<\/title>\n<meta name=\"robots\" content=\"index, follow, max-snippet:-1, max-image-preview:large, max-video-preview:-1\" \/>\n<link rel=\"canonical\" href=\"https:\/\/www.uaga.eus\/nace-la-federacion-de-cooperativas-de-euskadi-erkide\/\" \/>\n<meta property=\"og:locale\" content=\"en_US\" \/>\n<meta property=\"og:type\" content=\"article\" \/>\n<meta property=\"og:title\" content=\"Nace la Federaci\u00f3n de Cooperativas de Euskadi, ERKIDE - UAGA\" \/>\n<meta property=\"og:description\" content=\"Este mes de julio se ha hecho efectiva la Fusi\u00f3n de la Federaci\u00f3n de Cooperativas Agrarias de Euskadi con la Federaci\u00f3n de Cooperativas de Trabajo Asociado, Consumo, Ense\u00f1anza y Cr\u00e9dito de Euskadi, dando lugar a la Federaci\u00f3n de Cooperativas de Euskadi \u2013 ERKIDE. Esta fusi\u00f3n se ha hecho efectiva tras la aprobaci\u00f3n de la fusi\u00f3n [&hellip;]\" \/>\n<meta property=\"og:url\" content=\"https:\/\/www.uaga.eus\/nace-la-federacion-de-cooperativas-de-euskadi-erkide\/\" \/>\n<meta property=\"og:site_name\" content=\"UAGA\" \/>\n<meta property=\"article:published_time\" content=\"2019-07-19T10:27:49+00:00\" \/>\n<meta property=\"article:modified_time\" content=\"2019-07-19T10:35:10+00:00\" \/>\n<meta property=\"og:image\" content=\"https:\/\/www.uaga.eus\/wp-content\/uploads\/2019\/07\/Erkide.jpg\" \/>\n\t<meta property=\"og:image:width\" content=\"427\" \/>\n\t<meta property=\"og:image:height\" content=\"102\" \/>\n\t<meta property=\"og:image:type\" content=\"image\/jpeg\" \/>\n<meta name=\"author\" content=\"Blanca S\u00e1nchez\" \/>\n<meta name=\"twitter:card\" content=\"summary_large_image\" \/>\n<meta name=\"twitter:label1\" content=\"Written by\" \/>\n\t<meta name=\"twitter:data1\" content=\"Blanca S\u00e1nchez\" \/>\n\t<meta name=\"twitter:label2\" content=\"Est. reading time\" \/>\n\t<meta name=\"twitter:data2\" content=\"1 minutua\" \/>\n<script type=\"application\/ld+json\" class=\"yoast-schema-graph\">{\"@context\":\"https:\/\/schema.org\",\"@graph\":[{\"@type\":\"WebPage\",\"@id\":\"https:\/\/www.uaga.eus\/nace-la-federacion-de-cooperativas-de-euskadi-erkide\/\",\"url\":\"https:\/\/www.uaga.eus\/nace-la-federacion-de-cooperativas-de-euskadi-erkide\/\",\"name\":\"Nace la Federaci\u00f3n de Cooperativas de Euskadi, ERKIDE - UAGA\",\"isPartOf\":{\"@id\":\"https:\/\/www.uaga.eus\/#website\"},\"datePublished\":\"2019-07-19T10:27:49+00:00\",\"dateModified\":\"2019-07-19T10:35:10+00:00\",\"author\":{\"@id\":\"https:\/\/www.uaga.eus\/#\/schema\/person\/48c3cbf0f33d1b788226dbb6518689cf\"},\"breadcrumb\":{\"@id\":\"https:\/\/www.uaga.eus\/nace-la-federacion-de-cooperativas-de-euskadi-erkide\/#breadcrumb\"},\"inLanguage\":\"eu\",\"potentialAction\":[{\"@type\":\"ReadAction\",\"target\":[\"https:\/\/www.uaga.eus\/nace-la-federacion-de-cooperativas-de-euskadi-erkide\/\"]}]},{\"@type\":\"BreadcrumbList\",\"@id\":\"https:\/\/www.uaga.eus\/nace-la-federacion-de-cooperativas-de-euskadi-erkide\/#breadcrumb\",\"itemListElement\":[{\"@type\":\"ListItem\",\"position\":1,\"name\":\"Inicio\",\"item\":\"https:\/\/www.uaga.eus\/\"},{\"@type\":\"ListItem\",\"position\":2,\"name\":\"Nace la Federaci\u00f3n de Cooperativas de Euskadi, ERKIDE\"}]},{\"@type\":\"WebSite\",\"@id\":\"https:\/\/www.uaga.eus\/#website\",\"url\":\"https:\/\/www.uaga.eus\/\",\"name\":\"UAGA\",\"description\":\"Uni\u00f3n Agroganadera de \u00c1lava - Araba Nekazarien Elkartea\",\"potentialAction\":[{\"@type\":\"SearchAction\",\"target\":{\"@type\":\"EntryPoint\",\"urlTemplate\":\"https:\/\/www.uaga.eus\/?s={search_term_string}\"},\"query-input\":\"required name=search_term_string\"}],\"inLanguage\":\"eu\"},{\"@type\":\"Person\",\"@id\":\"https:\/\/www.uaga.eus\/#\/schema\/person\/48c3cbf0f33d1b788226dbb6518689cf\",\"name\":\"Blanca S\u00e1nchez\",\"image\":{\"@type\":\"ImageObject\",\"inLanguage\":\"eu\",\"@id\":\"https:\/\/www.uaga.eus\/#\/schema\/person\/image\/\",\"url\":\"https:\/\/secure.gravatar.com\/avatar\/0dc91c20648254b1ce84877283f6751b?s=96&d=mm&r=g\",\"contentUrl\":\"https:\/\/secure.gravatar.com\/avatar\/0dc91c20648254b1ce84877283f6751b?s=96&d=mm&r=g\",\"caption\":\"Blanca S\u00e1nchez\"},\"url\":\"https:\/\/www.uaga.eus\/eu\/author\/bsanchez\/\"}]}<\/script>\n<!-- \/ Yoast SEO plugin. -->","yoast_head_json":{"title":"Nace la Federaci\u00f3n de Cooperativas de Euskadi, ERKIDE - UAGA","robots":{"index":"index","follow":"follow","max-snippet":"max-snippet:-1","max-image-preview":"max-image-preview:large","max-video-preview":"max-video-preview:-1"},"canonical":"https:\/\/www.uaga.eus\/nace-la-federacion-de-cooperativas-de-euskadi-erkide\/","og_locale":"en_US","og_type":"article","og_title":"Nace la Federaci\u00f3n de Cooperativas de Euskadi, ERKIDE - UAGA","og_description":"Este mes de julio se ha hecho efectiva la Fusi\u00f3n de la Federaci\u00f3n de Cooperativas Agrarias de Euskadi con la Federaci\u00f3n de Cooperativas de Trabajo Asociado, Consumo, Ense\u00f1anza y Cr\u00e9dito de Euskadi, dando lugar a la Federaci\u00f3n de Cooperativas de Euskadi \u2013 ERKIDE. Esta fusi\u00f3n se ha hecho efectiva tras la aprobaci\u00f3n de la fusi\u00f3n [&hellip;]","og_url":"https:\/\/www.uaga.eus\/nace-la-federacion-de-cooperativas-de-euskadi-erkide\/","og_site_name":"UAGA","article_published_time":"2019-07-19T10:27:49+00:00","article_modified_time":"2019-07-19T10:35:10+00:00","og_image":[{"width":427,"height":102,"url":"https:\/\/www.uaga.eus\/wp-content\/uploads\/2019\/07\/Erkide.jpg","type":"image\/jpeg"}],"author":"Blanca S\u00e1nchez","twitter_card":"summary_large_image","twitter_misc":{"Written by":"Blanca S\u00e1nchez","Est. reading time":"1 minutua"},"schema":{"@context":"https:\/\/schema.org","@graph":[{"@type":"WebPage","@id":"https:\/\/www.uaga.eus\/nace-la-federacion-de-cooperativas-de-euskadi-erkide\/","url":"https:\/\/www.uaga.eus\/nace-la-federacion-de-cooperativas-de-euskadi-erkide\/","name":"Nace la Federaci\u00f3n de Cooperativas de Euskadi, ERKIDE - UAGA","isPartOf":{"@id":"https:\/\/www.uaga.eus\/#website"},"datePublished":"2019-07-19T10:27:49+00:00","dateModified":"2019-07-19T10:35:10+00:00","author":{"@id":"https:\/\/www.uaga.eus\/#\/schema\/person\/48c3cbf0f33d1b788226dbb6518689cf"},"breadcrumb":{"@id":"https:\/\/www.uaga.eus\/nace-la-federacion-de-cooperativas-de-euskadi-erkide\/#breadcrumb"},"inLanguage":"eu","potentialAction":[{"@type":"ReadAction","target":["https:\/\/www.uaga.eus\/nace-la-federacion-de-cooperativas-de-euskadi-erkide\/"]}]},{"@type":"BreadcrumbList","@id":"https:\/\/www.uaga.eus\/nace-la-federacion-de-cooperativas-de-euskadi-erkide\/#breadcrumb","itemListElement":[{"@type":"ListItem","position":1,"name":"Inicio","item":"https:\/\/www.uaga.eus\/"},{"@type":"ListItem","position":2,"name":"Nace la Federaci\u00f3n de Cooperativas de Euskadi, ERKIDE"}]},{"@type":"WebSite","@id":"https:\/\/www.uaga.eus\/#website","url":"https:\/\/www.uaga.eus\/","name":"UAGA","description":"Uni\u00f3n Agroganadera de \u00c1lava - Araba Nekazarien Elkartea","potentialAction":[{"@type":"SearchAction","target":{"@type":"EntryPoint","urlTemplate":"https:\/\/www.uaga.eus\/?s={search_term_string}"},"query-input":"required name=search_term_string"}],"inLanguage":"eu"},{"@type":"Person","@id":"https:\/\/www.uaga.eus\/#\/schema\/person\/48c3cbf0f33d1b788226dbb6518689cf","name":"Blanca S\u00e1nchez","image":{"@type":"ImageObject","inLanguage":"eu","@id":"https:\/\/www.uaga.eus\/#\/schema\/person\/image\/","url":"https:\/\/secure.gravatar.com\/avatar\/0dc91c20648254b1ce84877283f6751b?s=96&d=mm&r=g","contentUrl":"https:\/\/secure.gravatar.com\/avatar\/0dc91c20648254b1ce84877283f6751b?s=96&d=mm&r=g","caption":"Blanca S\u00e1nchez"},"url":"https:\/\/www.uaga.eus\/eu\/author\/bsanchez\/"}]}},"_links":{"self":[{"href":"https:\/\/www.uaga.eus\/eu\/wp-json\/wp\/v2\/posts\/6362"}],"collection":[{"href":"https:\/\/www.uaga.eus\/eu\/wp-json\/wp\/v2\/posts"}],"about":[{"href":"https:\/\/www.uaga.eus\/eu\/wp-json\/wp\/v2\/types\/post"}],"author":[{"embeddable":true,"href":"https:\/\/www.uaga.eus\/eu\/wp-json\/wp\/v2\/users\/4"}],"replies":[{"embeddable":true,"href":"https:\/\/www.uaga.eus\/eu\/wp-json\/wp\/v2\/comments?post=6362"}],"version-history":[{"count":1,"href":"https:\/\/www.uaga.eus\/eu\/wp-json\/wp\/v2\/posts\/6362\/revisions"}],"predecessor-version":[{"id":6364,"href":"https:\/\/www.uaga.eus\/eu\/wp-json\/wp\/v2\/posts\/6362\/revisions\/6364"}],"wp:featuredmedia":[{"embeddable":true,"href":"https:\/\/www.uaga.eus\/eu\/wp-json\/wp\/v2\/media\/6363"}],"wp:attachment":[{"href":"https:\/\/www.uaga.eus\/eu\/wp-json\/wp\/v2\/media?parent=6362"}],"wp:term":[{"taxonomy":"category","embeddable":true,"href":"https:\/\/www.uaga.eus\/eu\/wp-json\/wp\/v2\/categories?post=6362"},{"taxonomy":"post_tag","embeddable":true,"href":"https:\/\/www.uaga.eus\/eu\/wp-json\/wp\/v2\/tags?post=6362"}],"curies":[{"name":"wp","href":"https:\/\/api.w.org\/{rel}","templated":true}]}}