{"id":6351,"date":"2019-07-11T12:37:38","date_gmt":"2019-07-11T12:37:38","guid":{"rendered":"https:\/\/www.uaga.eus\/?p=6351"},"modified":"2019-07-12T07:33:15","modified_gmt":"2019-07-12T07:33:15","slug":"la-junta-del-sector-de-remolacha-de-uaga-se-reune-tras-los-ultimos-contactos-con-la-azucarera","status":"publish","type":"post","link":"https:\/\/www.uaga.eus\/eu\/la-junta-del-sector-de-remolacha-de-uaga-se-reune-tras-los-ultimos-contactos-con-la-azucarera\/","title":{"rendered":"La Junta del Sector de Remolacha de UAGA se re\u00fane tras los \u00faltimos contactos con la Azucarera"},"content":{"rendered":"<p>Esta semana se ha reunido la junta del sector de remolacha, en la que se ha informado de los contactos mantenidos con Diputaci\u00f3n y COAG para analizar las posibles condiciones de contrataci\u00f3n para la pr\u00f3xima campa\u00f1a 2019-2020.<\/p>\n<p>La Diputaci\u00f3n, reunida con los responsables de la f\u00e1brica Azucarera de Miranda de Ebro, ha trasladado la necesidad de que se oferten precios rentables a los agricultores para que se siga sembrando remolacha en el Territorio.<\/p>\n<p>Est\u00e1 previsto que la industria env\u00ede a primeros de septiembre la primera oferta para la contrataci\u00f3n de remolacha de la campa\u00f1a 2019-2020, sobre la que podr\u00edan comenzar las negociaciones.<\/p>\n<p>UAGA tambi\u00e9n est\u00e1 manteniendo contactos con COAG para definir cu\u00e1les son las condiciones de contrataci\u00f3n que debe cumplir el futuro Acuerdo Marco Interprofesional (AMI), dado que en esta campa\u00f1a finaliza la vigencia del AMI actual.<\/p>\n<p>+ info: YOLANDA \u00a0615 779 584<\/p>\n","protected":false},"excerpt":{"rendered":"<p>Esta semana se ha reunido la junta del sector de remolacha, en la que se ha informado de los contactos mantenidos con Diputaci\u00f3n y COAG para analizar las posibles condiciones de contrataci\u00f3n para la pr\u00f3xima campa\u00f1a 2019-2020. La Diputaci\u00f3n, reunida con los responsables de la f\u00e1brica Azucarera de Miranda de Ebro, ha trasladado la necesidad [&hellip;]<\/p>\n","protected":false},"author":4,"featured_media":2509,"comment_status":"closed","ping_status":"closed","sticky":false,"template":"","format":"standard","meta":{"footnotes":""},"categories":[7],"tags":[],"yoast_head":"<!-- This site is optimized with the Yoast SEO plugin v21.5 - https:\/\/yoast.com\/wordpress\/plugins\/seo\/ -->\n<title>La Junta del Sector de Remolacha de UAGA se re\u00fane tras los \u00faltimos contactos con la Azucarera - UAGA<\/title>\n<meta name=\"robots\" content=\"index, follow, max-snippet:-1, max-image-preview:large, max-video-preview:-1\" \/>\n<link rel=\"canonical\" href=\"https:\/\/www.uaga.eus\/la-junta-del-sector-de-remolacha-de-uaga-se-reune-tras-los-ultimos-contactos-con-la-azucarera\/\" \/>\n<meta property=\"og:locale\" content=\"en_US\" \/>\n<meta property=\"og:type\" content=\"article\" \/>\n<meta property=\"og:title\" content=\"La Junta del Sector de Remolacha de UAGA se re\u00fane tras los \u00faltimos contactos con la Azucarera - UAGA\" \/>\n<meta property=\"og:description\" content=\"Esta semana se ha reunido la junta del sector de remolacha, en la que se ha informado de los contactos mantenidos con Diputaci\u00f3n y COAG para analizar las posibles condiciones de contrataci\u00f3n para la pr\u00f3xima campa\u00f1a 2019-2020. La Diputaci\u00f3n, reunida con los responsables de la f\u00e1brica Azucarera de Miranda de Ebro, ha trasladado la necesidad [&hellip;]\" \/>\n<meta property=\"og:url\" content=\"https:\/\/www.uaga.eus\/la-junta-del-sector-de-remolacha-de-uaga-se-reune-tras-los-ultimos-contactos-con-la-azucarera\/\" \/>\n<meta property=\"og:site_name\" content=\"UAGA\" \/>\n<meta property=\"article:published_time\" content=\"2019-07-11T12:37:38+00:00\" \/>\n<meta property=\"article:modified_time\" content=\"2019-07-12T07:33:15+00:00\" \/>\n<meta property=\"og:image\" content=\"https:\/\/www.uaga.eus\/wp-content\/uploads\/2018\/03\/finca-de-remolacha.jpg\" \/>\n\t<meta property=\"og:image:width\" content=\"700\" \/>\n\t<meta property=\"og:image:height\" content=\"437\" \/>\n\t<meta property=\"og:image:type\" content=\"image\/jpeg\" \/>\n<meta name=\"author\" content=\"Blanca S\u00e1nchez\" \/>\n<meta name=\"twitter:card\" content=\"summary_large_image\" \/>\n<meta name=\"twitter:label1\" content=\"Written by\" \/>\n\t<meta name=\"twitter:data1\" content=\"Blanca S\u00e1nchez\" \/>\n\t<meta name=\"twitter:label2\" content=\"Est. reading time\" \/>\n\t<meta name=\"twitter:data2\" content=\"1 minutua\" \/>\n<script type=\"application\/ld+json\" class=\"yoast-schema-graph\">{\"@context\":\"https:\/\/schema.org\",\"@graph\":[{\"@type\":\"WebPage\",\"@id\":\"https:\/\/www.uaga.eus\/la-junta-del-sector-de-remolacha-de-uaga-se-reune-tras-los-ultimos-contactos-con-la-azucarera\/\",\"url\":\"https:\/\/www.uaga.eus\/la-junta-del-sector-de-remolacha-de-uaga-se-reune-tras-los-ultimos-contactos-con-la-azucarera\/\",\"name\":\"La Junta del Sector de Remolacha de UAGA se re\u00fane tras los \u00faltimos contactos con la Azucarera - UAGA\",\"isPartOf\":{\"@id\":\"https:\/\/www.uaga.eus\/#website\"},\"datePublished\":\"2019-07-11T12:37:38+00:00\",\"dateModified\":\"2019-07-12T07:33:15+00:00\",\"author\":{\"@id\":\"https:\/\/www.uaga.eus\/#\/schema\/person\/48c3cbf0f33d1b788226dbb6518689cf\"},\"breadcrumb\":{\"@id\":\"https:\/\/www.uaga.eus\/la-junta-del-sector-de-remolacha-de-uaga-se-reune-tras-los-ultimos-contactos-con-la-azucarera\/#breadcrumb\"},\"inLanguage\":\"eu\",\"potentialAction\":[{\"@type\":\"ReadAction\",\"target\":[\"https:\/\/www.uaga.eus\/la-junta-del-sector-de-remolacha-de-uaga-se-reune-tras-los-ultimos-contactos-con-la-azucarera\/\"]}]},{\"@type\":\"BreadcrumbList\",\"@id\":\"https:\/\/www.uaga.eus\/la-junta-del-sector-de-remolacha-de-uaga-se-reune-tras-los-ultimos-contactos-con-la-azucarera\/#breadcrumb\",\"itemListElement\":[{\"@type\":\"ListItem\",\"position\":1,\"name\":\"Inicio\",\"item\":\"https:\/\/www.uaga.eus\/\"},{\"@type\":\"ListItem\",\"position\":2,\"name\":\"La Junta del Sector de Remolacha de UAGA se re\u00fane tras los \u00faltimos contactos con la Azucarera\"}]},{\"@type\":\"WebSite\",\"@id\":\"https:\/\/www.uaga.eus\/#website\",\"url\":\"https:\/\/www.uaga.eus\/\",\"name\":\"UAGA\",\"description\":\"Uni\u00f3n Agroganadera de \u00c1lava - Araba Nekazarien Elkartea\",\"potentialAction\":[{\"@type\":\"SearchAction\",\"target\":{\"@type\":\"EntryPoint\",\"urlTemplate\":\"https:\/\/www.uaga.eus\/?s={search_term_string}\"},\"query-input\":\"required name=search_term_string\"}],\"inLanguage\":\"eu\"},{\"@type\":\"Person\",\"@id\":\"https:\/\/www.uaga.eus\/#\/schema\/person\/48c3cbf0f33d1b788226dbb6518689cf\",\"name\":\"Blanca S\u00e1nchez\",\"image\":{\"@type\":\"ImageObject\",\"inLanguage\":\"eu\",\"@id\":\"https:\/\/www.uaga.eus\/#\/schema\/person\/image\/\",\"url\":\"https:\/\/secure.gravatar.com\/avatar\/0dc91c20648254b1ce84877283f6751b?s=96&d=mm&r=g\",\"contentUrl\":\"https:\/\/secure.gravatar.com\/avatar\/0dc91c20648254b1ce84877283f6751b?s=96&d=mm&r=g\",\"caption\":\"Blanca S\u00e1nchez\"},\"url\":\"https:\/\/www.uaga.eus\/eu\/author\/bsanchez\/\"}]}<\/script>\n<!-- \/ Yoast SEO plugin. -->","yoast_head_json":{"title":"La Junta del Sector de Remolacha de UAGA se re\u00fane tras los \u00faltimos contactos con la Azucarera - UAGA","robots":{"index":"index","follow":"follow","max-snippet":"max-snippet:-1","max-image-preview":"max-image-preview:large","max-video-preview":"max-video-preview:-1"},"canonical":"https:\/\/www.uaga.eus\/la-junta-del-sector-de-remolacha-de-uaga-se-reune-tras-los-ultimos-contactos-con-la-azucarera\/","og_locale":"en_US","og_type":"article","og_title":"La Junta del Sector de Remolacha de UAGA se re\u00fane tras los \u00faltimos contactos con la Azucarera - UAGA","og_description":"Esta semana se ha reunido la junta del sector de remolacha, en la que se ha informado de los contactos mantenidos con Diputaci\u00f3n y COAG para analizar las posibles condiciones de contrataci\u00f3n para la pr\u00f3xima campa\u00f1a 2019-2020. La Diputaci\u00f3n, reunida con los responsables de la f\u00e1brica Azucarera de Miranda de Ebro, ha trasladado la necesidad [&hellip;]","og_url":"https:\/\/www.uaga.eus\/la-junta-del-sector-de-remolacha-de-uaga-se-reune-tras-los-ultimos-contactos-con-la-azucarera\/","og_site_name":"UAGA","article_published_time":"2019-07-11T12:37:38+00:00","article_modified_time":"2019-07-12T07:33:15+00:00","og_image":[{"width":700,"height":437,"url":"https:\/\/www.uaga.eus\/wp-content\/uploads\/2018\/03\/finca-de-remolacha.jpg","type":"image\/jpeg"}],"author":"Blanca S\u00e1nchez","twitter_card":"summary_large_image","twitter_misc":{"Written by":"Blanca S\u00e1nchez","Est. reading time":"1 minutua"},"schema":{"@context":"https:\/\/schema.org","@graph":[{"@type":"WebPage","@id":"https:\/\/www.uaga.eus\/la-junta-del-sector-de-remolacha-de-uaga-se-reune-tras-los-ultimos-contactos-con-la-azucarera\/","url":"https:\/\/www.uaga.eus\/la-junta-del-sector-de-remolacha-de-uaga-se-reune-tras-los-ultimos-contactos-con-la-azucarera\/","name":"La Junta del Sector de Remolacha de UAGA se re\u00fane tras los \u00faltimos contactos con la Azucarera - UAGA","isPartOf":{"@id":"https:\/\/www.uaga.eus\/#website"},"datePublished":"2019-07-11T12:37:38+00:00","dateModified":"2019-07-12T07:33:15+00:00","author":{"@id":"https:\/\/www.uaga.eus\/#\/schema\/person\/48c3cbf0f33d1b788226dbb6518689cf"},"breadcrumb":{"@id":"https:\/\/www.uaga.eus\/la-junta-del-sector-de-remolacha-de-uaga-se-reune-tras-los-ultimos-contactos-con-la-azucarera\/#breadcrumb"},"inLanguage":"eu","potentialAction":[{"@type":"ReadAction","target":["https:\/\/www.uaga.eus\/la-junta-del-sector-de-remolacha-de-uaga-se-reune-tras-los-ultimos-contactos-con-la-azucarera\/"]}]},{"@type":"BreadcrumbList","@id":"https:\/\/www.uaga.eus\/la-junta-del-sector-de-remolacha-de-uaga-se-reune-tras-los-ultimos-contactos-con-la-azucarera\/#breadcrumb","itemListElement":[{"@type":"ListItem","position":1,"name":"Inicio","item":"https:\/\/www.uaga.eus\/"},{"@type":"ListItem","position":2,"name":"La Junta del Sector de Remolacha de UAGA se re\u00fane tras los \u00faltimos contactos con la Azucarera"}]},{"@type":"WebSite","@id":"https:\/\/www.uaga.eus\/#website","url":"https:\/\/www.uaga.eus\/","name":"UAGA","description":"Uni\u00f3n Agroganadera de \u00c1lava - Araba Nekazarien Elkartea","potentialAction":[{"@type":"SearchAction","target":{"@type":"EntryPoint","urlTemplate":"https:\/\/www.uaga.eus\/?s={search_term_string}"},"query-input":"required name=search_term_string"}],"inLanguage":"eu"},{"@type":"Person","@id":"https:\/\/www.uaga.eus\/#\/schema\/person\/48c3cbf0f33d1b788226dbb6518689cf","name":"Blanca S\u00e1nchez","image":{"@type":"ImageObject","inLanguage":"eu","@id":"https:\/\/www.uaga.eus\/#\/schema\/person\/image\/","url":"https:\/\/secure.gravatar.com\/avatar\/0dc91c20648254b1ce84877283f6751b?s=96&d=mm&r=g","contentUrl":"https:\/\/secure.gravatar.com\/avatar\/0dc91c20648254b1ce84877283f6751b?s=96&d=mm&r=g","caption":"Blanca S\u00e1nchez"},"url":"https:\/\/www.uaga.eus\/eu\/author\/bsanchez\/"}]}},"_links":{"self":[{"href":"https:\/\/www.uaga.eus\/eu\/wp-json\/wp\/v2\/posts\/6351"}],"collection":[{"href":"https:\/\/www.uaga.eus\/eu\/wp-json\/wp\/v2\/posts"}],"about":[{"href":"https:\/\/www.uaga.eus\/eu\/wp-json\/wp\/v2\/types\/post"}],"author":[{"embeddable":true,"href":"https:\/\/www.uaga.eus\/eu\/wp-json\/wp\/v2\/users\/4"}],"replies":[{"embeddable":true,"href":"https:\/\/www.uaga.eus\/eu\/wp-json\/wp\/v2\/comments?post=6351"}],"version-history":[{"count":2,"href":"https:\/\/www.uaga.eus\/eu\/wp-json\/wp\/v2\/posts\/6351\/revisions"}],"predecessor-version":[{"id":6353,"href":"https:\/\/www.uaga.eus\/eu\/wp-json\/wp\/v2\/posts\/6351\/revisions\/6353"}],"wp:featuredmedia":[{"embeddable":true,"href":"https:\/\/www.uaga.eus\/eu\/wp-json\/wp\/v2\/media\/2509"}],"wp:attachment":[{"href":"https:\/\/www.uaga.eus\/eu\/wp-json\/wp\/v2\/media?parent=6351"}],"wp:term":[{"taxonomy":"category","embeddable":true,"href":"https:\/\/www.uaga.eus\/eu\/wp-json\/wp\/v2\/categories?post=6351"},{"taxonomy":"post_tag","embeddable":true,"href":"https:\/\/www.uaga.eus\/eu\/wp-json\/wp\/v2\/tags?post=6351"}],"curies":[{"name":"wp","href":"https:\/\/api.w.org\/{rel}","templated":true}]}}