{"id":6348,"date":"2019-07-11T12:37:58","date_gmt":"2019-07-11T12:37:58","guid":{"rendered":"https:\/\/www.uaga.eus\/?p=6348"},"modified":"2019-07-12T07:32:50","modified_gmt":"2019-07-12T07:32:50","slug":"uaga-asiste-a-la-investidura-del-nuevo-gobierno-foral","status":"publish","type":"post","link":"https:\/\/www.uaga.eus\/eu\/uaga-asiste-a-la-investidura-del-nuevo-gobierno-foral\/","title":{"rendered":"UAGA asiste a la investidura del nuevo gobierno foral"},"content":{"rendered":"<p>UAGA ha asistido esta semana a la investidura del nuevo equipo de la Diputaci\u00f3n Foral de \u00c1lava,\u00a0 con Ramiro Gonz\u00e1lez como Diputado General, Eduardo Aguinaco como Diputado de Agricultura, Inma Basterra como Diputada de Equilibrio Territorial, Javier Hurtado como Diputado de Infraestructuras y Josean Galera como Diputado de Medio Ambiente y Urbanismo.<\/p>\n<p>Apoyar, impulsar y contribuir a la mejora competitiva de las explotaciones agrarias y ganaderas de \u00c1lava, colaborando con ello a la sostenibilidad del medio rural y agrario, al mantenimiento de los pueblos, defendiendo unas rentas dignas y contribuyendo a la mejora de la calidad de vida de las personas en general, ha sido y sigue siendo la raz\u00f3n de ser de UAGA.<\/p>\n<p>Para ello, necesitamos <strong>mantener relaciones lo m\u00e1s fluidas posibles con las Administraciones<\/strong> con quienes la colaboraci\u00f3n es fundamental, d\u00e1ndoles a conocer las prioridades del sector.<\/p>\n<p>A trav\u00e9s de la cooperaci\u00f3n entre UAGA y el resto de agentes del sector, adem\u00e1s de la implicaci\u00f3n de las Administraciones, es como podremos seguir avanzando y garantizar el futuro de nuestro sector.<\/p>\n<p>Felicitamos a los miembros del nuevo equipo y les deseamos los mayores logros para \u00c1lava y en concreto tambi\u00e9n para el sector agrario alav\u00e9s.<\/p>\n","protected":false},"excerpt":{"rendered":"<p>UAGA ha asistido esta semana a la investidura del nuevo equipo de la Diputaci\u00f3n Foral de \u00c1lava,\u00a0 con Ramiro Gonz\u00e1lez como Diputado General, Eduardo Aguinaco como Diputado de Agricultura, Inma Basterra como Diputada de Equilibrio Territorial, Javier Hurtado como Diputado de Infraestructuras y Josean Galera como Diputado de Medio Ambiente y Urbanismo. Apoyar, impulsar y [&hellip;]<\/p>\n","protected":false},"author":4,"featured_media":6349,"comment_status":"closed","ping_status":"closed","sticky":false,"template":"","format":"standard","meta":{"footnotes":""},"categories":[3],"tags":[],"yoast_head":"<!-- This site is optimized with the Yoast SEO plugin v21.5 - https:\/\/yoast.com\/wordpress\/plugins\/seo\/ -->\n<title>UAGA asiste a la investidura del nuevo gobierno foral - UAGA<\/title>\n<meta name=\"robots\" content=\"index, follow, max-snippet:-1, max-image-preview:large, max-video-preview:-1\" \/>\n<link rel=\"canonical\" href=\"https:\/\/www.uaga.eus\/uaga-asiste-a-la-investidura-del-nuevo-gobierno-foral\/\" \/>\n<meta property=\"og:locale\" content=\"en_US\" \/>\n<meta property=\"og:type\" content=\"article\" \/>\n<meta property=\"og:title\" content=\"UAGA asiste a la investidura del nuevo gobierno foral - UAGA\" \/>\n<meta property=\"og:description\" content=\"UAGA ha asistido esta semana a la investidura del nuevo equipo de la Diputaci\u00f3n Foral de \u00c1lava,\u00a0 con Ramiro Gonz\u00e1lez como Diputado General, Eduardo Aguinaco como Diputado de Agricultura, Inma Basterra como Diputada de Equilibrio Territorial, Javier Hurtado como Diputado de Infraestructuras y Josean Galera como Diputado de Medio Ambiente y Urbanismo. Apoyar, impulsar y [&hellip;]\" \/>\n<meta property=\"og:url\" content=\"https:\/\/www.uaga.eus\/uaga-asiste-a-la-investidura-del-nuevo-gobierno-foral\/\" \/>\n<meta property=\"og:site_name\" content=\"UAGA\" \/>\n<meta property=\"article:published_time\" content=\"2019-07-11T12:37:58+00:00\" \/>\n<meta property=\"article:modified_time\" content=\"2019-07-12T07:32:50+00:00\" \/>\n<meta property=\"og:image\" content=\"https:\/\/www.uaga.eus\/wp-content\/uploads\/2019\/07\/EDUARDO-Y-EJECUTIVA-UAGA.jpg\" \/>\n\t<meta property=\"og:image:width\" content=\"650\" \/>\n\t<meta property=\"og:image:height\" content=\"357\" \/>\n\t<meta property=\"og:image:type\" content=\"image\/jpeg\" \/>\n<meta name=\"author\" content=\"Blanca S\u00e1nchez\" \/>\n<meta name=\"twitter:card\" content=\"summary_large_image\" \/>\n<meta name=\"twitter:label1\" content=\"Written by\" \/>\n\t<meta name=\"twitter:data1\" content=\"Blanca S\u00e1nchez\" \/>\n\t<meta name=\"twitter:label2\" content=\"Est. reading time\" \/>\n\t<meta name=\"twitter:data2\" content=\"1 minutua\" \/>\n<script type=\"application\/ld+json\" class=\"yoast-schema-graph\">{\"@context\":\"https:\/\/schema.org\",\"@graph\":[{\"@type\":\"WebPage\",\"@id\":\"https:\/\/www.uaga.eus\/uaga-asiste-a-la-investidura-del-nuevo-gobierno-foral\/\",\"url\":\"https:\/\/www.uaga.eus\/uaga-asiste-a-la-investidura-del-nuevo-gobierno-foral\/\",\"name\":\"UAGA asiste a la investidura del nuevo gobierno foral - UAGA\",\"isPartOf\":{\"@id\":\"https:\/\/www.uaga.eus\/#website\"},\"datePublished\":\"2019-07-11T12:37:58+00:00\",\"dateModified\":\"2019-07-12T07:32:50+00:00\",\"author\":{\"@id\":\"https:\/\/www.uaga.eus\/#\/schema\/person\/48c3cbf0f33d1b788226dbb6518689cf\"},\"breadcrumb\":{\"@id\":\"https:\/\/www.uaga.eus\/uaga-asiste-a-la-investidura-del-nuevo-gobierno-foral\/#breadcrumb\"},\"inLanguage\":\"eu\",\"potentialAction\":[{\"@type\":\"ReadAction\",\"target\":[\"https:\/\/www.uaga.eus\/uaga-asiste-a-la-investidura-del-nuevo-gobierno-foral\/\"]}]},{\"@type\":\"BreadcrumbList\",\"@id\":\"https:\/\/www.uaga.eus\/uaga-asiste-a-la-investidura-del-nuevo-gobierno-foral\/#breadcrumb\",\"itemListElement\":[{\"@type\":\"ListItem\",\"position\":1,\"name\":\"Inicio\",\"item\":\"https:\/\/www.uaga.eus\/\"},{\"@type\":\"ListItem\",\"position\":2,\"name\":\"UAGA asiste a la investidura del nuevo gobierno foral\"}]},{\"@type\":\"WebSite\",\"@id\":\"https:\/\/www.uaga.eus\/#website\",\"url\":\"https:\/\/www.uaga.eus\/\",\"name\":\"UAGA\",\"description\":\"Uni\u00f3n Agroganadera de \u00c1lava - Araba Nekazarien Elkartea\",\"potentialAction\":[{\"@type\":\"SearchAction\",\"target\":{\"@type\":\"EntryPoint\",\"urlTemplate\":\"https:\/\/www.uaga.eus\/?s={search_term_string}\"},\"query-input\":\"required name=search_term_string\"}],\"inLanguage\":\"eu\"},{\"@type\":\"Person\",\"@id\":\"https:\/\/www.uaga.eus\/#\/schema\/person\/48c3cbf0f33d1b788226dbb6518689cf\",\"name\":\"Blanca S\u00e1nchez\",\"image\":{\"@type\":\"ImageObject\",\"inLanguage\":\"eu\",\"@id\":\"https:\/\/www.uaga.eus\/#\/schema\/person\/image\/\",\"url\":\"https:\/\/secure.gravatar.com\/avatar\/0dc91c20648254b1ce84877283f6751b?s=96&d=mm&r=g\",\"contentUrl\":\"https:\/\/secure.gravatar.com\/avatar\/0dc91c20648254b1ce84877283f6751b?s=96&d=mm&r=g\",\"caption\":\"Blanca S\u00e1nchez\"},\"url\":\"https:\/\/www.uaga.eus\/eu\/author\/bsanchez\/\"}]}<\/script>\n<!-- \/ Yoast SEO plugin. -->","yoast_head_json":{"title":"UAGA asiste a la investidura del nuevo gobierno foral - UAGA","robots":{"index":"index","follow":"follow","max-snippet":"max-snippet:-1","max-image-preview":"max-image-preview:large","max-video-preview":"max-video-preview:-1"},"canonical":"https:\/\/www.uaga.eus\/uaga-asiste-a-la-investidura-del-nuevo-gobierno-foral\/","og_locale":"en_US","og_type":"article","og_title":"UAGA asiste a la investidura del nuevo gobierno foral - UAGA","og_description":"UAGA ha asistido esta semana a la investidura del nuevo equipo de la Diputaci\u00f3n Foral de \u00c1lava,\u00a0 con Ramiro Gonz\u00e1lez como Diputado General, Eduardo Aguinaco como Diputado de Agricultura, Inma Basterra como Diputada de Equilibrio Territorial, Javier Hurtado como Diputado de Infraestructuras y Josean Galera como Diputado de Medio Ambiente y Urbanismo. Apoyar, impulsar y [&hellip;]","og_url":"https:\/\/www.uaga.eus\/uaga-asiste-a-la-investidura-del-nuevo-gobierno-foral\/","og_site_name":"UAGA","article_published_time":"2019-07-11T12:37:58+00:00","article_modified_time":"2019-07-12T07:32:50+00:00","og_image":[{"width":650,"height":357,"url":"https:\/\/www.uaga.eus\/wp-content\/uploads\/2019\/07\/EDUARDO-Y-EJECUTIVA-UAGA.jpg","type":"image\/jpeg"}],"author":"Blanca S\u00e1nchez","twitter_card":"summary_large_image","twitter_misc":{"Written by":"Blanca S\u00e1nchez","Est. reading time":"1 minutua"},"schema":{"@context":"https:\/\/schema.org","@graph":[{"@type":"WebPage","@id":"https:\/\/www.uaga.eus\/uaga-asiste-a-la-investidura-del-nuevo-gobierno-foral\/","url":"https:\/\/www.uaga.eus\/uaga-asiste-a-la-investidura-del-nuevo-gobierno-foral\/","name":"UAGA asiste a la investidura del nuevo gobierno foral - UAGA","isPartOf":{"@id":"https:\/\/www.uaga.eus\/#website"},"datePublished":"2019-07-11T12:37:58+00:00","dateModified":"2019-07-12T07:32:50+00:00","author":{"@id":"https:\/\/www.uaga.eus\/#\/schema\/person\/48c3cbf0f33d1b788226dbb6518689cf"},"breadcrumb":{"@id":"https:\/\/www.uaga.eus\/uaga-asiste-a-la-investidura-del-nuevo-gobierno-foral\/#breadcrumb"},"inLanguage":"eu","potentialAction":[{"@type":"ReadAction","target":["https:\/\/www.uaga.eus\/uaga-asiste-a-la-investidura-del-nuevo-gobierno-foral\/"]}]},{"@type":"BreadcrumbList","@id":"https:\/\/www.uaga.eus\/uaga-asiste-a-la-investidura-del-nuevo-gobierno-foral\/#breadcrumb","itemListElement":[{"@type":"ListItem","position":1,"name":"Inicio","item":"https:\/\/www.uaga.eus\/"},{"@type":"ListItem","position":2,"name":"UAGA asiste a la investidura del nuevo gobierno foral"}]},{"@type":"WebSite","@id":"https:\/\/www.uaga.eus\/#website","url":"https:\/\/www.uaga.eus\/","name":"UAGA","description":"Uni\u00f3n Agroganadera de \u00c1lava - Araba Nekazarien Elkartea","potentialAction":[{"@type":"SearchAction","target":{"@type":"EntryPoint","urlTemplate":"https:\/\/www.uaga.eus\/?s={search_term_string}"},"query-input":"required name=search_term_string"}],"inLanguage":"eu"},{"@type":"Person","@id":"https:\/\/www.uaga.eus\/#\/schema\/person\/48c3cbf0f33d1b788226dbb6518689cf","name":"Blanca S\u00e1nchez","image":{"@type":"ImageObject","inLanguage":"eu","@id":"https:\/\/www.uaga.eus\/#\/schema\/person\/image\/","url":"https:\/\/secure.gravatar.com\/avatar\/0dc91c20648254b1ce84877283f6751b?s=96&d=mm&r=g","contentUrl":"https:\/\/secure.gravatar.com\/avatar\/0dc91c20648254b1ce84877283f6751b?s=96&d=mm&r=g","caption":"Blanca S\u00e1nchez"},"url":"https:\/\/www.uaga.eus\/eu\/author\/bsanchez\/"}]}},"_links":{"self":[{"href":"https:\/\/www.uaga.eus\/eu\/wp-json\/wp\/v2\/posts\/6348"}],"collection":[{"href":"https:\/\/www.uaga.eus\/eu\/wp-json\/wp\/v2\/posts"}],"about":[{"href":"https:\/\/www.uaga.eus\/eu\/wp-json\/wp\/v2\/types\/post"}],"author":[{"embeddable":true,"href":"https:\/\/www.uaga.eus\/eu\/wp-json\/wp\/v2\/users\/4"}],"replies":[{"embeddable":true,"href":"https:\/\/www.uaga.eus\/eu\/wp-json\/wp\/v2\/comments?post=6348"}],"version-history":[{"count":1,"href":"https:\/\/www.uaga.eus\/eu\/wp-json\/wp\/v2\/posts\/6348\/revisions"}],"predecessor-version":[{"id":6350,"href":"https:\/\/www.uaga.eus\/eu\/wp-json\/wp\/v2\/posts\/6348\/revisions\/6350"}],"wp:featuredmedia":[{"embeddable":true,"href":"https:\/\/www.uaga.eus\/eu\/wp-json\/wp\/v2\/media\/6349"}],"wp:attachment":[{"href":"https:\/\/www.uaga.eus\/eu\/wp-json\/wp\/v2\/media?parent=6348"}],"wp:term":[{"taxonomy":"category","embeddable":true,"href":"https:\/\/www.uaga.eus\/eu\/wp-json\/wp\/v2\/categories?post=6348"},{"taxonomy":"post_tag","embeddable":true,"href":"https:\/\/www.uaga.eus\/eu\/wp-json\/wp\/v2\/tags?post=6348"}],"curies":[{"name":"wp","href":"https:\/\/api.w.org\/{rel}","templated":true}]}}