{"id":6346,"date":"2019-07-11T12:37:25","date_gmt":"2019-07-11T12:37:25","guid":{"rendered":"https:\/\/www.uaga.eus\/?p=6346"},"modified":"2019-07-12T07:33:36","modified_gmt":"2019-07-12T07:33:36","slug":"uaga-celebra-una-reunion-de-la-junta-del-sector-vitivinicola-para-tratar-asuntos-del-consejo-regulador","status":"publish","type":"post","link":"https:\/\/www.uaga.eus\/eu\/uaga-celebra-una-reunion-de-la-junta-del-sector-vitivinicola-para-tratar-asuntos-del-consejo-regulador\/","title":{"rendered":"UAGA celebra una reuni\u00f3n de la Junta del sector vitivin\u00edcola para tratar asuntos del Consejo Regulador"},"content":{"rendered":"<p>La semana pasada celebramos una reuni\u00f3n de la Junta del sector vitivin\u00edcola de UAGA para informar de los \u00faltimos temas tratados en el Consejo Regulador.<\/p>\n<p>Destaca la dificultad que est\u00e1 suponiendo para peque\u00f1as bodegas y cosecheros la nueva aplicaci\u00f3n inform\u00e1tica que el Consejo Regulador exige para el control del vino en las bodegas.<\/p>\n<p>En UAGA analizaremos distintas opciones para solucionar este problema.<\/p>\n<p>+ info NURIA: 635 704 866<\/p>\n<p>&nbsp;<\/p>\n","protected":false},"excerpt":{"rendered":"<p>La semana pasada celebramos una reuni\u00f3n de la Junta del sector vitivin\u00edcola de UAGA para informar de los \u00faltimos temas tratados en el Consejo Regulador. Destaca la dificultad que est\u00e1 suponiendo para peque\u00f1as bodegas y cosecheros la nueva aplicaci\u00f3n inform\u00e1tica que el Consejo Regulador exige para el control del vino en las bodegas. En UAGA [&hellip;]<\/p>\n","protected":false},"author":4,"featured_media":5845,"comment_status":"closed","ping_status":"closed","sticky":false,"template":"","format":"standard","meta":{"footnotes":""},"categories":[7],"tags":[],"yoast_head":"<!-- This site is optimized with the Yoast SEO plugin v21.5 - https:\/\/yoast.com\/wordpress\/plugins\/seo\/ -->\n<title>UAGA celebra una reuni\u00f3n de la Junta del sector vitivin\u00edcola para tratar asuntos del Consejo Regulador - UAGA<\/title>\n<meta name=\"robots\" content=\"index, follow, max-snippet:-1, max-image-preview:large, max-video-preview:-1\" \/>\n<link rel=\"canonical\" href=\"https:\/\/www.uaga.eus\/uaga-celebra-una-reunion-de-la-junta-del-sector-vitivinicola-para-tratar-asuntos-del-consejo-regulador\/\" \/>\n<meta property=\"og:locale\" content=\"en_US\" \/>\n<meta property=\"og:type\" content=\"article\" \/>\n<meta property=\"og:title\" content=\"UAGA celebra una reuni\u00f3n de la Junta del sector vitivin\u00edcola para tratar asuntos del Consejo Regulador - UAGA\" \/>\n<meta property=\"og:description\" content=\"La semana pasada celebramos una reuni\u00f3n de la Junta del sector vitivin\u00edcola de UAGA para informar de los \u00faltimos temas tratados en el Consejo Regulador. Destaca la dificultad que est\u00e1 suponiendo para peque\u00f1as bodegas y cosecheros la nueva aplicaci\u00f3n inform\u00e1tica que el Consejo Regulador exige para el control del vino en las bodegas. En UAGA [&hellip;]\" \/>\n<meta property=\"og:url\" content=\"https:\/\/www.uaga.eus\/uaga-celebra-una-reunion-de-la-junta-del-sector-vitivinicola-para-tratar-asuntos-del-consejo-regulador\/\" \/>\n<meta property=\"og:site_name\" content=\"UAGA\" \/>\n<meta property=\"article:published_time\" content=\"2019-07-11T12:37:25+00:00\" \/>\n<meta property=\"article:modified_time\" content=\"2019-07-12T07:33:36+00:00\" \/>\n<meta property=\"og:image\" content=\"https:\/\/www.uaga.eus\/wp-content\/uploads\/2019\/03\/vi\u00f1a.jpg\" \/>\n\t<meta property=\"og:image:width\" content=\"650\" \/>\n\t<meta property=\"og:image:height\" content=\"330\" \/>\n\t<meta property=\"og:image:type\" content=\"image\/jpeg\" \/>\n<meta name=\"author\" content=\"Blanca S\u00e1nchez\" \/>\n<meta name=\"twitter:card\" content=\"summary_large_image\" \/>\n<meta name=\"twitter:label1\" content=\"Written by\" \/>\n\t<meta name=\"twitter:data1\" content=\"Blanca S\u00e1nchez\" \/>\n<script type=\"application\/ld+json\" class=\"yoast-schema-graph\">{\"@context\":\"https:\/\/schema.org\",\"@graph\":[{\"@type\":\"WebPage\",\"@id\":\"https:\/\/www.uaga.eus\/uaga-celebra-una-reunion-de-la-junta-del-sector-vitivinicola-para-tratar-asuntos-del-consejo-regulador\/\",\"url\":\"https:\/\/www.uaga.eus\/uaga-celebra-una-reunion-de-la-junta-del-sector-vitivinicola-para-tratar-asuntos-del-consejo-regulador\/\",\"name\":\"UAGA celebra una reuni\u00f3n de la Junta del sector vitivin\u00edcola para tratar asuntos del Consejo Regulador - UAGA\",\"isPartOf\":{\"@id\":\"https:\/\/www.uaga.eus\/#website\"},\"datePublished\":\"2019-07-11T12:37:25+00:00\",\"dateModified\":\"2019-07-12T07:33:36+00:00\",\"author\":{\"@id\":\"https:\/\/www.uaga.eus\/#\/schema\/person\/48c3cbf0f33d1b788226dbb6518689cf\"},\"breadcrumb\":{\"@id\":\"https:\/\/www.uaga.eus\/uaga-celebra-una-reunion-de-la-junta-del-sector-vitivinicola-para-tratar-asuntos-del-consejo-regulador\/#breadcrumb\"},\"inLanguage\":\"eu\",\"potentialAction\":[{\"@type\":\"ReadAction\",\"target\":[\"https:\/\/www.uaga.eus\/uaga-celebra-una-reunion-de-la-junta-del-sector-vitivinicola-para-tratar-asuntos-del-consejo-regulador\/\"]}]},{\"@type\":\"BreadcrumbList\",\"@id\":\"https:\/\/www.uaga.eus\/uaga-celebra-una-reunion-de-la-junta-del-sector-vitivinicola-para-tratar-asuntos-del-consejo-regulador\/#breadcrumb\",\"itemListElement\":[{\"@type\":\"ListItem\",\"position\":1,\"name\":\"Inicio\",\"item\":\"https:\/\/www.uaga.eus\/\"},{\"@type\":\"ListItem\",\"position\":2,\"name\":\"UAGA celebra una reuni\u00f3n de la Junta del sector vitivin\u00edcola para tratar asuntos del Consejo Regulador\"}]},{\"@type\":\"WebSite\",\"@id\":\"https:\/\/www.uaga.eus\/#website\",\"url\":\"https:\/\/www.uaga.eus\/\",\"name\":\"UAGA\",\"description\":\"Uni\u00f3n Agroganadera de \u00c1lava - Araba Nekazarien Elkartea\",\"potentialAction\":[{\"@type\":\"SearchAction\",\"target\":{\"@type\":\"EntryPoint\",\"urlTemplate\":\"https:\/\/www.uaga.eus\/?s={search_term_string}\"},\"query-input\":\"required name=search_term_string\"}],\"inLanguage\":\"eu\"},{\"@type\":\"Person\",\"@id\":\"https:\/\/www.uaga.eus\/#\/schema\/person\/48c3cbf0f33d1b788226dbb6518689cf\",\"name\":\"Blanca S\u00e1nchez\",\"image\":{\"@type\":\"ImageObject\",\"inLanguage\":\"eu\",\"@id\":\"https:\/\/www.uaga.eus\/#\/schema\/person\/image\/\",\"url\":\"https:\/\/secure.gravatar.com\/avatar\/0dc91c20648254b1ce84877283f6751b?s=96&d=mm&r=g\",\"contentUrl\":\"https:\/\/secure.gravatar.com\/avatar\/0dc91c20648254b1ce84877283f6751b?s=96&d=mm&r=g\",\"caption\":\"Blanca S\u00e1nchez\"},\"url\":\"https:\/\/www.uaga.eus\/eu\/author\/bsanchez\/\"}]}<\/script>\n<!-- \/ Yoast SEO plugin. -->","yoast_head_json":{"title":"UAGA celebra una reuni\u00f3n de la Junta del sector vitivin\u00edcola para tratar asuntos del Consejo Regulador - UAGA","robots":{"index":"index","follow":"follow","max-snippet":"max-snippet:-1","max-image-preview":"max-image-preview:large","max-video-preview":"max-video-preview:-1"},"canonical":"https:\/\/www.uaga.eus\/uaga-celebra-una-reunion-de-la-junta-del-sector-vitivinicola-para-tratar-asuntos-del-consejo-regulador\/","og_locale":"en_US","og_type":"article","og_title":"UAGA celebra una reuni\u00f3n de la Junta del sector vitivin\u00edcola para tratar asuntos del Consejo Regulador - UAGA","og_description":"La semana pasada celebramos una reuni\u00f3n de la Junta del sector vitivin\u00edcola de UAGA para informar de los \u00faltimos temas tratados en el Consejo Regulador. Destaca la dificultad que est\u00e1 suponiendo para peque\u00f1as bodegas y cosecheros la nueva aplicaci\u00f3n inform\u00e1tica que el Consejo Regulador exige para el control del vino en las bodegas. En UAGA [&hellip;]","og_url":"https:\/\/www.uaga.eus\/uaga-celebra-una-reunion-de-la-junta-del-sector-vitivinicola-para-tratar-asuntos-del-consejo-regulador\/","og_site_name":"UAGA","article_published_time":"2019-07-11T12:37:25+00:00","article_modified_time":"2019-07-12T07:33:36+00:00","og_image":[{"width":650,"height":330,"url":"https:\/\/www.uaga.eus\/wp-content\/uploads\/2019\/03\/vi\u00f1a.jpg","type":"image\/jpeg"}],"author":"Blanca S\u00e1nchez","twitter_card":"summary_large_image","twitter_misc":{"Written by":"Blanca S\u00e1nchez"},"schema":{"@context":"https:\/\/schema.org","@graph":[{"@type":"WebPage","@id":"https:\/\/www.uaga.eus\/uaga-celebra-una-reunion-de-la-junta-del-sector-vitivinicola-para-tratar-asuntos-del-consejo-regulador\/","url":"https:\/\/www.uaga.eus\/uaga-celebra-una-reunion-de-la-junta-del-sector-vitivinicola-para-tratar-asuntos-del-consejo-regulador\/","name":"UAGA celebra una reuni\u00f3n de la Junta del sector vitivin\u00edcola para tratar asuntos del Consejo Regulador - UAGA","isPartOf":{"@id":"https:\/\/www.uaga.eus\/#website"},"datePublished":"2019-07-11T12:37:25+00:00","dateModified":"2019-07-12T07:33:36+00:00","author":{"@id":"https:\/\/www.uaga.eus\/#\/schema\/person\/48c3cbf0f33d1b788226dbb6518689cf"},"breadcrumb":{"@id":"https:\/\/www.uaga.eus\/uaga-celebra-una-reunion-de-la-junta-del-sector-vitivinicola-para-tratar-asuntos-del-consejo-regulador\/#breadcrumb"},"inLanguage":"eu","potentialAction":[{"@type":"ReadAction","target":["https:\/\/www.uaga.eus\/uaga-celebra-una-reunion-de-la-junta-del-sector-vitivinicola-para-tratar-asuntos-del-consejo-regulador\/"]}]},{"@type":"BreadcrumbList","@id":"https:\/\/www.uaga.eus\/uaga-celebra-una-reunion-de-la-junta-del-sector-vitivinicola-para-tratar-asuntos-del-consejo-regulador\/#breadcrumb","itemListElement":[{"@type":"ListItem","position":1,"name":"Inicio","item":"https:\/\/www.uaga.eus\/"},{"@type":"ListItem","position":2,"name":"UAGA celebra una reuni\u00f3n de la Junta del sector vitivin\u00edcola para tratar asuntos del Consejo Regulador"}]},{"@type":"WebSite","@id":"https:\/\/www.uaga.eus\/#website","url":"https:\/\/www.uaga.eus\/","name":"UAGA","description":"Uni\u00f3n Agroganadera de \u00c1lava - Araba Nekazarien Elkartea","potentialAction":[{"@type":"SearchAction","target":{"@type":"EntryPoint","urlTemplate":"https:\/\/www.uaga.eus\/?s={search_term_string}"},"query-input":"required name=search_term_string"}],"inLanguage":"eu"},{"@type":"Person","@id":"https:\/\/www.uaga.eus\/#\/schema\/person\/48c3cbf0f33d1b788226dbb6518689cf","name":"Blanca S\u00e1nchez","image":{"@type":"ImageObject","inLanguage":"eu","@id":"https:\/\/www.uaga.eus\/#\/schema\/person\/image\/","url":"https:\/\/secure.gravatar.com\/avatar\/0dc91c20648254b1ce84877283f6751b?s=96&d=mm&r=g","contentUrl":"https:\/\/secure.gravatar.com\/avatar\/0dc91c20648254b1ce84877283f6751b?s=96&d=mm&r=g","caption":"Blanca S\u00e1nchez"},"url":"https:\/\/www.uaga.eus\/eu\/author\/bsanchez\/"}]}},"_links":{"self":[{"href":"https:\/\/www.uaga.eus\/eu\/wp-json\/wp\/v2\/posts\/6346"}],"collection":[{"href":"https:\/\/www.uaga.eus\/eu\/wp-json\/wp\/v2\/posts"}],"about":[{"href":"https:\/\/www.uaga.eus\/eu\/wp-json\/wp\/v2\/types\/post"}],"author":[{"embeddable":true,"href":"https:\/\/www.uaga.eus\/eu\/wp-json\/wp\/v2\/users\/4"}],"replies":[{"embeddable":true,"href":"https:\/\/www.uaga.eus\/eu\/wp-json\/wp\/v2\/comments?post=6346"}],"version-history":[{"count":1,"href":"https:\/\/www.uaga.eus\/eu\/wp-json\/wp\/v2\/posts\/6346\/revisions"}],"predecessor-version":[{"id":6347,"href":"https:\/\/www.uaga.eus\/eu\/wp-json\/wp\/v2\/posts\/6346\/revisions\/6347"}],"wp:featuredmedia":[{"embeddable":true,"href":"https:\/\/www.uaga.eus\/eu\/wp-json\/wp\/v2\/media\/5845"}],"wp:attachment":[{"href":"https:\/\/www.uaga.eus\/eu\/wp-json\/wp\/v2\/media?parent=6346"}],"wp:term":[{"taxonomy":"category","embeddable":true,"href":"https:\/\/www.uaga.eus\/eu\/wp-json\/wp\/v2\/categories?post=6346"},{"taxonomy":"post_tag","embeddable":true,"href":"https:\/\/www.uaga.eus\/eu\/wp-json\/wp\/v2\/tags?post=6346"}],"curies":[{"name":"wp","href":"https:\/\/api.w.org\/{rel}","templated":true}]}}