{"id":6340,"date":"2019-07-11T12:36:47","date_gmt":"2019-07-11T12:36:47","guid":{"rendered":"https:\/\/www.uaga.eus\/?p=6340"},"modified":"2019-07-12T07:35:02","modified_gmt":"2019-07-12T07:35:02","slug":"uaga-comparte-experiencias-con-gran-canaria-sobre-el-proyecto-de-innovacion-red-de-forrajes","status":"publish","type":"post","link":"https:\/\/www.uaga.eus\/eu\/uaga-comparte-experiencias-con-gran-canaria-sobre-el-proyecto-de-innovacion-red-de-forrajes\/","title":{"rendered":"UAGA comparte experiencias con Gran Canaria sobre el proyecto de innovaci\u00f3n Red de Forrajes\u00a0"},"content":{"rendered":"<p>Neiker y UAGA, como socios del proyecto de innovaci\u00f3n para la creaci\u00f3n de una red de forrajes, se han reunido con un Grupo Operativo de Canarias que desarrolla un proyecto similar para el fomento de la producci\u00f3n de forrajes en la isla de Gran Canaria.<\/p>\n<p>El Grupo Operativo PFORCA (Plan de Forraje de Canarias) se interes\u00f3 en conocer nuestro proyecto para conocer su desarrollo, compartir experiencias de los trabajos realizados en ambos territorios y poder crear sinergias en base a una correcta gesti\u00f3n de la producci\u00f3n de forrajes.<\/p>\n<p>El proyecto canario pretende profundizar en las acciones para la producci\u00f3n de forrajes en las islas, orientadas a conseguir una disminuci\u00f3n de la importaci\u00f3n de estos productos, mejorar la rentabilidad de las explotaciones ganaderas y fijar poblaci\u00f3n en las zonas rurales.<\/p>\n<p>Puedes consultar toda la informaci\u00f3n sobre el proyecto de Gran Canaria en el siguiente <a href=\"http:\/\/asociacionpaca.com\/\" target=\"_blank\" rel=\"noopener\" data-cke-saved-href=\"http:\/\/asociacionpaca.com\/\">enlace<\/a>.<\/p>\n<p>+ info\u00a0SUGOI: 675 707 696<\/p>\n","protected":false},"excerpt":{"rendered":"<p>Neiker y UAGA, como socios del proyecto de innovaci\u00f3n para la creaci\u00f3n de una red de forrajes, se han reunido con un Grupo Operativo de Canarias que desarrolla un proyecto similar para el fomento de la producci\u00f3n de forrajes en la isla de Gran Canaria. El Grupo Operativo PFORCA (Plan de Forraje de Canarias) se [&hellip;]<\/p>\n","protected":false},"author":4,"featured_media":6341,"comment_status":"closed","ping_status":"closed","sticky":false,"template":"","format":"standard","meta":{"footnotes":""},"categories":[7,8,31],"tags":[],"yoast_head":"<!-- This site is optimized with the Yoast SEO plugin v21.5 - https:\/\/yoast.com\/wordpress\/plugins\/seo\/ -->\n<title>UAGA comparte experiencias con Gran Canaria sobre el proyecto de innovaci\u00f3n Red de Forrajes\u00a0 - UAGA<\/title>\n<meta name=\"robots\" content=\"index, follow, max-snippet:-1, max-image-preview:large, max-video-preview:-1\" \/>\n<link rel=\"canonical\" href=\"https:\/\/www.uaga.eus\/uaga-comparte-experiencias-con-gran-canaria-sobre-el-proyecto-de-innovacion-red-de-forrajes\/\" \/>\n<meta property=\"og:locale\" content=\"en_US\" \/>\n<meta property=\"og:type\" content=\"article\" \/>\n<meta property=\"og:title\" content=\"UAGA comparte experiencias con Gran Canaria sobre el proyecto de innovaci\u00f3n Red de Forrajes\u00a0 - UAGA\" \/>\n<meta property=\"og:description\" content=\"Neiker y UAGA, como socios del proyecto de innovaci\u00f3n para la creaci\u00f3n de una red de forrajes, se han reunido con un Grupo Operativo de Canarias que desarrolla un proyecto similar para el fomento de la producci\u00f3n de forrajes en la isla de Gran Canaria. El Grupo Operativo PFORCA (Plan de Forraje de Canarias) se [&hellip;]\" \/>\n<meta property=\"og:url\" content=\"https:\/\/www.uaga.eus\/uaga-comparte-experiencias-con-gran-canaria-sobre-el-proyecto-de-innovacion-red-de-forrajes\/\" \/>\n<meta property=\"og:site_name\" content=\"UAGA\" \/>\n<meta property=\"article:published_time\" content=\"2019-07-11T12:36:47+00:00\" \/>\n<meta property=\"article:modified_time\" content=\"2019-07-12T07:35:02+00:00\" \/>\n<meta property=\"og:image\" content=\"https:\/\/www.uaga.eus\/wp-content\/uploads\/2019\/07\/finca-forrajera.jpg\" \/>\n\t<meta property=\"og:image:width\" content=\"650\" \/>\n\t<meta property=\"og:image:height\" content=\"366\" \/>\n\t<meta property=\"og:image:type\" content=\"image\/jpeg\" \/>\n<meta name=\"author\" content=\"Blanca S\u00e1nchez\" \/>\n<meta name=\"twitter:card\" content=\"summary_large_image\" \/>\n<meta name=\"twitter:label1\" content=\"Written by\" \/>\n\t<meta name=\"twitter:data1\" content=\"Blanca S\u00e1nchez\" \/>\n\t<meta name=\"twitter:label2\" content=\"Est. reading time\" \/>\n\t<meta name=\"twitter:data2\" content=\"1 minutua\" \/>\n<script type=\"application\/ld+json\" class=\"yoast-schema-graph\">{\"@context\":\"https:\/\/schema.org\",\"@graph\":[{\"@type\":\"WebPage\",\"@id\":\"https:\/\/www.uaga.eus\/uaga-comparte-experiencias-con-gran-canaria-sobre-el-proyecto-de-innovacion-red-de-forrajes\/\",\"url\":\"https:\/\/www.uaga.eus\/uaga-comparte-experiencias-con-gran-canaria-sobre-el-proyecto-de-innovacion-red-de-forrajes\/\",\"name\":\"UAGA comparte experiencias con Gran Canaria sobre el proyecto de innovaci\u00f3n Red de Forrajes\u00a0 - UAGA\",\"isPartOf\":{\"@id\":\"https:\/\/www.uaga.eus\/#website\"},\"datePublished\":\"2019-07-11T12:36:47+00:00\",\"dateModified\":\"2019-07-12T07:35:02+00:00\",\"author\":{\"@id\":\"https:\/\/www.uaga.eus\/#\/schema\/person\/48c3cbf0f33d1b788226dbb6518689cf\"},\"breadcrumb\":{\"@id\":\"https:\/\/www.uaga.eus\/uaga-comparte-experiencias-con-gran-canaria-sobre-el-proyecto-de-innovacion-red-de-forrajes\/#breadcrumb\"},\"inLanguage\":\"eu\",\"potentialAction\":[{\"@type\":\"ReadAction\",\"target\":[\"https:\/\/www.uaga.eus\/uaga-comparte-experiencias-con-gran-canaria-sobre-el-proyecto-de-innovacion-red-de-forrajes\/\"]}]},{\"@type\":\"BreadcrumbList\",\"@id\":\"https:\/\/www.uaga.eus\/uaga-comparte-experiencias-con-gran-canaria-sobre-el-proyecto-de-innovacion-red-de-forrajes\/#breadcrumb\",\"itemListElement\":[{\"@type\":\"ListItem\",\"position\":1,\"name\":\"Inicio\",\"item\":\"https:\/\/www.uaga.eus\/\"},{\"@type\":\"ListItem\",\"position\":2,\"name\":\"UAGA comparte experiencias con Gran Canaria sobre el proyecto de innovaci\u00f3n Red de Forrajes\u00a0\"}]},{\"@type\":\"WebSite\",\"@id\":\"https:\/\/www.uaga.eus\/#website\",\"url\":\"https:\/\/www.uaga.eus\/\",\"name\":\"UAGA\",\"description\":\"Uni\u00f3n Agroganadera de \u00c1lava - Araba Nekazarien Elkartea\",\"potentialAction\":[{\"@type\":\"SearchAction\",\"target\":{\"@type\":\"EntryPoint\",\"urlTemplate\":\"https:\/\/www.uaga.eus\/?s={search_term_string}\"},\"query-input\":\"required name=search_term_string\"}],\"inLanguage\":\"eu\"},{\"@type\":\"Person\",\"@id\":\"https:\/\/www.uaga.eus\/#\/schema\/person\/48c3cbf0f33d1b788226dbb6518689cf\",\"name\":\"Blanca S\u00e1nchez\",\"image\":{\"@type\":\"ImageObject\",\"inLanguage\":\"eu\",\"@id\":\"https:\/\/www.uaga.eus\/#\/schema\/person\/image\/\",\"url\":\"https:\/\/secure.gravatar.com\/avatar\/0dc91c20648254b1ce84877283f6751b?s=96&d=mm&r=g\",\"contentUrl\":\"https:\/\/secure.gravatar.com\/avatar\/0dc91c20648254b1ce84877283f6751b?s=96&d=mm&r=g\",\"caption\":\"Blanca S\u00e1nchez\"},\"url\":\"https:\/\/www.uaga.eus\/eu\/author\/bsanchez\/\"}]}<\/script>\n<!-- \/ Yoast SEO plugin. -->","yoast_head_json":{"title":"UAGA comparte experiencias con Gran Canaria sobre el proyecto de innovaci\u00f3n Red de Forrajes\u00a0 - UAGA","robots":{"index":"index","follow":"follow","max-snippet":"max-snippet:-1","max-image-preview":"max-image-preview:large","max-video-preview":"max-video-preview:-1"},"canonical":"https:\/\/www.uaga.eus\/uaga-comparte-experiencias-con-gran-canaria-sobre-el-proyecto-de-innovacion-red-de-forrajes\/","og_locale":"en_US","og_type":"article","og_title":"UAGA comparte experiencias con Gran Canaria sobre el proyecto de innovaci\u00f3n Red de Forrajes\u00a0 - UAGA","og_description":"Neiker y UAGA, como socios del proyecto de innovaci\u00f3n para la creaci\u00f3n de una red de forrajes, se han reunido con un Grupo Operativo de Canarias que desarrolla un proyecto similar para el fomento de la producci\u00f3n de forrajes en la isla de Gran Canaria. El Grupo Operativo PFORCA (Plan de Forraje de Canarias) se [&hellip;]","og_url":"https:\/\/www.uaga.eus\/uaga-comparte-experiencias-con-gran-canaria-sobre-el-proyecto-de-innovacion-red-de-forrajes\/","og_site_name":"UAGA","article_published_time":"2019-07-11T12:36:47+00:00","article_modified_time":"2019-07-12T07:35:02+00:00","og_image":[{"width":650,"height":366,"url":"https:\/\/www.uaga.eus\/wp-content\/uploads\/2019\/07\/finca-forrajera.jpg","type":"image\/jpeg"}],"author":"Blanca S\u00e1nchez","twitter_card":"summary_large_image","twitter_misc":{"Written by":"Blanca S\u00e1nchez","Est. reading time":"1 minutua"},"schema":{"@context":"https:\/\/schema.org","@graph":[{"@type":"WebPage","@id":"https:\/\/www.uaga.eus\/uaga-comparte-experiencias-con-gran-canaria-sobre-el-proyecto-de-innovacion-red-de-forrajes\/","url":"https:\/\/www.uaga.eus\/uaga-comparte-experiencias-con-gran-canaria-sobre-el-proyecto-de-innovacion-red-de-forrajes\/","name":"UAGA comparte experiencias con Gran Canaria sobre el proyecto de innovaci\u00f3n Red de Forrajes\u00a0 - UAGA","isPartOf":{"@id":"https:\/\/www.uaga.eus\/#website"},"datePublished":"2019-07-11T12:36:47+00:00","dateModified":"2019-07-12T07:35:02+00:00","author":{"@id":"https:\/\/www.uaga.eus\/#\/schema\/person\/48c3cbf0f33d1b788226dbb6518689cf"},"breadcrumb":{"@id":"https:\/\/www.uaga.eus\/uaga-comparte-experiencias-con-gran-canaria-sobre-el-proyecto-de-innovacion-red-de-forrajes\/#breadcrumb"},"inLanguage":"eu","potentialAction":[{"@type":"ReadAction","target":["https:\/\/www.uaga.eus\/uaga-comparte-experiencias-con-gran-canaria-sobre-el-proyecto-de-innovacion-red-de-forrajes\/"]}]},{"@type":"BreadcrumbList","@id":"https:\/\/www.uaga.eus\/uaga-comparte-experiencias-con-gran-canaria-sobre-el-proyecto-de-innovacion-red-de-forrajes\/#breadcrumb","itemListElement":[{"@type":"ListItem","position":1,"name":"Inicio","item":"https:\/\/www.uaga.eus\/"},{"@type":"ListItem","position":2,"name":"UAGA comparte experiencias con Gran Canaria sobre el proyecto de innovaci\u00f3n Red de Forrajes\u00a0"}]},{"@type":"WebSite","@id":"https:\/\/www.uaga.eus\/#website","url":"https:\/\/www.uaga.eus\/","name":"UAGA","description":"Uni\u00f3n Agroganadera de \u00c1lava - Araba Nekazarien Elkartea","potentialAction":[{"@type":"SearchAction","target":{"@type":"EntryPoint","urlTemplate":"https:\/\/www.uaga.eus\/?s={search_term_string}"},"query-input":"required name=search_term_string"}],"inLanguage":"eu"},{"@type":"Person","@id":"https:\/\/www.uaga.eus\/#\/schema\/person\/48c3cbf0f33d1b788226dbb6518689cf","name":"Blanca S\u00e1nchez","image":{"@type":"ImageObject","inLanguage":"eu","@id":"https:\/\/www.uaga.eus\/#\/schema\/person\/image\/","url":"https:\/\/secure.gravatar.com\/avatar\/0dc91c20648254b1ce84877283f6751b?s=96&d=mm&r=g","contentUrl":"https:\/\/secure.gravatar.com\/avatar\/0dc91c20648254b1ce84877283f6751b?s=96&d=mm&r=g","caption":"Blanca S\u00e1nchez"},"url":"https:\/\/www.uaga.eus\/eu\/author\/bsanchez\/"}]}},"_links":{"self":[{"href":"https:\/\/www.uaga.eus\/eu\/wp-json\/wp\/v2\/posts\/6340"}],"collection":[{"href":"https:\/\/www.uaga.eus\/eu\/wp-json\/wp\/v2\/posts"}],"about":[{"href":"https:\/\/www.uaga.eus\/eu\/wp-json\/wp\/v2\/types\/post"}],"author":[{"embeddable":true,"href":"https:\/\/www.uaga.eus\/eu\/wp-json\/wp\/v2\/users\/4"}],"replies":[{"embeddable":true,"href":"https:\/\/www.uaga.eus\/eu\/wp-json\/wp\/v2\/comments?post=6340"}],"version-history":[{"count":1,"href":"https:\/\/www.uaga.eus\/eu\/wp-json\/wp\/v2\/posts\/6340\/revisions"}],"predecessor-version":[{"id":6342,"href":"https:\/\/www.uaga.eus\/eu\/wp-json\/wp\/v2\/posts\/6340\/revisions\/6342"}],"wp:featuredmedia":[{"embeddable":true,"href":"https:\/\/www.uaga.eus\/eu\/wp-json\/wp\/v2\/media\/6341"}],"wp:attachment":[{"href":"https:\/\/www.uaga.eus\/eu\/wp-json\/wp\/v2\/media?parent=6340"}],"wp:term":[{"taxonomy":"category","embeddable":true,"href":"https:\/\/www.uaga.eus\/eu\/wp-json\/wp\/v2\/categories?post=6340"},{"taxonomy":"post_tag","embeddable":true,"href":"https:\/\/www.uaga.eus\/eu\/wp-json\/wp\/v2\/tags?post=6340"}],"curies":[{"name":"wp","href":"https:\/\/api.w.org\/{rel}","templated":true}]}}