{"id":6337,"date":"2019-07-11T11:34:13","date_gmt":"2019-07-11T11:34:13","guid":{"rendered":"https:\/\/www.uaga.eus\/?p=6337"},"modified":"2019-07-11T12:34:56","modified_gmt":"2019-07-11T12:34:56","slug":"abierto-el-plazo-de-solicitud-de-ayudas-lehiatu-promocion-hasta-el-9-de-agosto","status":"publish","type":"post","link":"https:\/\/www.uaga.eus\/eu\/abierto-el-plazo-de-solicitud-de-ayudas-lehiatu-promocion-hasta-el-9-de-agosto\/","title":{"rendered":"Abierto el plazo de solicitud de ayudas Lehiatu Promoci\u00f3n hasta el 9 de agosto"},"content":{"rendered":"<p>El Gobierno Vasco ha abierto el plazo de solicitud para las ayudas del Programa Lehiatu Promoci\u00f3n, destinadas a la promoci\u00f3n de los productos agrarios, alimentarios, pesqueros y forestales en mercados exteriores a la Comunidad Aut\u00f3noma del Pa\u00eds Vasco.<\/p>\n<p>Se subvencionar\u00e1n acciones individuales como la participaci\u00f3n en ferias o cert\u00e1menes comerciales de car\u00e1cter profesional e internacional; la asistencia a ferias para realizar visitas de car\u00e1cter profesional e internacional, las misiones directas y la presentaci\u00f3n de productos en mercados exteriores, las misiones inversas invitando a compradores o prescriptores extranjeros a visitar las empresas en sus establecimientos productivos, las acciones puntuales y espec\u00edficas de promoci\u00f3n en punto de venta exclusivamente en mercados exteriores o los cat\u00e1logos y materiales audiovisuales divulgativos sobre la imagen y los productos de la empresa realizadas al menos en un idioma extranjero.<\/p>\n<p>As\u00ed mismo, son subvencionables los Programas de Promoci\u00f3n consistentes en la elaboraci\u00f3n de un plan o programa integral en el que contemple un total de seis actividades en tres pa\u00edses como m\u00ednimo, dentro de las acciones individuales previstas en el p\u00e1rrafo anterior.<\/p>\n<p>El plazo de solicitud de las ayudas est\u00e1 abierto hasta el 9 de agosto.<\/p>\n<p>Puedes consultar la normativa en el siguiente <a href=\"https:\/\/www.euskadi.eus\/y22-bopv\/es\/bopv2\/datos\/2019\/07\/1903334a.pdf\" target=\"_blank\" rel=\"noopener\" data-cke-saved-href=\"https:\/\/www.euskadi.eus\/y22-bopv\/es\/bopv2\/datos\/2019\/07\/1903334a.pdf\">enlace<\/a>.<\/p>\n<p>+ info\u00a0SUGOI: 675 707 696<\/p>\n","protected":false},"excerpt":{"rendered":"<p>El Gobierno Vasco ha abierto el plazo de solicitud para las ayudas del Programa Lehiatu Promoci\u00f3n, destinadas a la promoci\u00f3n de los productos agrarios, alimentarios, pesqueros y forestales en mercados exteriores a la Comunidad Aut\u00f3noma del Pa\u00eds Vasco. Se subvencionar\u00e1n acciones individuales como la participaci\u00f3n en ferias o cert\u00e1menes comerciales de car\u00e1cter profesional e internacional; [&hellip;]<\/p>\n","protected":false},"author":4,"featured_media":6338,"comment_status":"closed","ping_status":"closed","sticky":false,"template":"","format":"standard","meta":{"footnotes":""},"categories":[5,12],"tags":[],"yoast_head":"<!-- This site is optimized with the Yoast SEO plugin v21.5 - https:\/\/yoast.com\/wordpress\/plugins\/seo\/ -->\n<title>Abierto el plazo de solicitud de ayudas Lehiatu Promoci\u00f3n hasta el 9 de agosto - UAGA<\/title>\n<meta name=\"robots\" content=\"index, follow, max-snippet:-1, max-image-preview:large, max-video-preview:-1\" \/>\n<link rel=\"canonical\" href=\"https:\/\/www.uaga.eus\/eu\/abierto-el-plazo-de-solicitud-de-ayudas-lehiatu-promocion-hasta-el-9-de-agosto\/\" \/>\n<meta property=\"og:locale\" content=\"en_US\" \/>\n<meta property=\"og:type\" content=\"article\" \/>\n<meta property=\"og:title\" content=\"Abierto el plazo de solicitud de ayudas Lehiatu Promoci\u00f3n hasta el 9 de agosto - UAGA\" \/>\n<meta property=\"og:description\" content=\"El Gobierno Vasco ha abierto el plazo de solicitud para las ayudas del Programa Lehiatu Promoci\u00f3n, destinadas a la promoci\u00f3n de los productos agrarios, alimentarios, pesqueros y forestales en mercados exteriores a la Comunidad Aut\u00f3noma del Pa\u00eds Vasco. Se subvencionar\u00e1n acciones individuales como la participaci\u00f3n en ferias o cert\u00e1menes comerciales de car\u00e1cter profesional e internacional; [&hellip;]\" \/>\n<meta property=\"og:url\" content=\"https:\/\/www.uaga.eus\/eu\/abierto-el-plazo-de-solicitud-de-ayudas-lehiatu-promocion-hasta-el-9-de-agosto\/\" \/>\n<meta property=\"og:site_name\" content=\"UAGA\" \/>\n<meta property=\"article:published_time\" content=\"2019-07-11T11:34:13+00:00\" \/>\n<meta property=\"article:modified_time\" content=\"2019-07-11T12:34:56+00:00\" \/>\n<meta property=\"og:image\" content=\"https:\/\/www.uaga.eus\/wp-content\/uploads\/2019\/07\/botellas-vino.jpg\" \/>\n\t<meta property=\"og:image:width\" content=\"650\" \/>\n\t<meta property=\"og:image:height\" content=\"366\" \/>\n\t<meta property=\"og:image:type\" content=\"image\/jpeg\" \/>\n<meta name=\"author\" content=\"Blanca S\u00e1nchez\" \/>\n<meta name=\"twitter:card\" content=\"summary_large_image\" \/>\n<meta name=\"twitter:label1\" content=\"Written by\" \/>\n\t<meta name=\"twitter:data1\" content=\"Blanca S\u00e1nchez\" \/>\n\t<meta name=\"twitter:label2\" content=\"Est. reading time\" \/>\n\t<meta name=\"twitter:data2\" content=\"1 minutua\" \/>\n<script type=\"application\/ld+json\" class=\"yoast-schema-graph\">{\"@context\":\"https:\/\/schema.org\",\"@graph\":[{\"@type\":\"WebPage\",\"@id\":\"https:\/\/www.uaga.eus\/eu\/abierto-el-plazo-de-solicitud-de-ayudas-lehiatu-promocion-hasta-el-9-de-agosto\/\",\"url\":\"https:\/\/www.uaga.eus\/eu\/abierto-el-plazo-de-solicitud-de-ayudas-lehiatu-promocion-hasta-el-9-de-agosto\/\",\"name\":\"Abierto el plazo de solicitud de ayudas Lehiatu Promoci\u00f3n hasta el 9 de agosto - UAGA\",\"isPartOf\":{\"@id\":\"https:\/\/www.uaga.eus\/#website\"},\"datePublished\":\"2019-07-11T11:34:13+00:00\",\"dateModified\":\"2019-07-11T12:34:56+00:00\",\"author\":{\"@id\":\"https:\/\/www.uaga.eus\/#\/schema\/person\/48c3cbf0f33d1b788226dbb6518689cf\"},\"breadcrumb\":{\"@id\":\"https:\/\/www.uaga.eus\/eu\/abierto-el-plazo-de-solicitud-de-ayudas-lehiatu-promocion-hasta-el-9-de-agosto\/#breadcrumb\"},\"inLanguage\":\"eu\",\"potentialAction\":[{\"@type\":\"ReadAction\",\"target\":[\"https:\/\/www.uaga.eus\/eu\/abierto-el-plazo-de-solicitud-de-ayudas-lehiatu-promocion-hasta-el-9-de-agosto\/\"]}]},{\"@type\":\"BreadcrumbList\",\"@id\":\"https:\/\/www.uaga.eus\/eu\/abierto-el-plazo-de-solicitud-de-ayudas-lehiatu-promocion-hasta-el-9-de-agosto\/#breadcrumb\",\"itemListElement\":[{\"@type\":\"ListItem\",\"position\":1,\"name\":\"Inicio\",\"item\":\"https:\/\/www.uaga.eus\/\"},{\"@type\":\"ListItem\",\"position\":2,\"name\":\"Abierto el plazo de solicitud de ayudas Lehiatu Promoci\u00f3n hasta el 9 de agosto\"}]},{\"@type\":\"WebSite\",\"@id\":\"https:\/\/www.uaga.eus\/#website\",\"url\":\"https:\/\/www.uaga.eus\/\",\"name\":\"UAGA\",\"description\":\"Uni\u00f3n Agroganadera de \u00c1lava - Araba Nekazarien Elkartea\",\"potentialAction\":[{\"@type\":\"SearchAction\",\"target\":{\"@type\":\"EntryPoint\",\"urlTemplate\":\"https:\/\/www.uaga.eus\/?s={search_term_string}\"},\"query-input\":\"required name=search_term_string\"}],\"inLanguage\":\"eu\"},{\"@type\":\"Person\",\"@id\":\"https:\/\/www.uaga.eus\/#\/schema\/person\/48c3cbf0f33d1b788226dbb6518689cf\",\"name\":\"Blanca S\u00e1nchez\",\"image\":{\"@type\":\"ImageObject\",\"inLanguage\":\"eu\",\"@id\":\"https:\/\/www.uaga.eus\/#\/schema\/person\/image\/\",\"url\":\"https:\/\/secure.gravatar.com\/avatar\/0dc91c20648254b1ce84877283f6751b?s=96&d=mm&r=g\",\"contentUrl\":\"https:\/\/secure.gravatar.com\/avatar\/0dc91c20648254b1ce84877283f6751b?s=96&d=mm&r=g\",\"caption\":\"Blanca S\u00e1nchez\"},\"url\":\"https:\/\/www.uaga.eus\/eu\/author\/bsanchez\/\"}]}<\/script>\n<!-- \/ Yoast SEO plugin. -->","yoast_head_json":{"title":"Abierto el plazo de solicitud de ayudas Lehiatu Promoci\u00f3n hasta el 9 de agosto - UAGA","robots":{"index":"index","follow":"follow","max-snippet":"max-snippet:-1","max-image-preview":"max-image-preview:large","max-video-preview":"max-video-preview:-1"},"canonical":"https:\/\/www.uaga.eus\/eu\/abierto-el-plazo-de-solicitud-de-ayudas-lehiatu-promocion-hasta-el-9-de-agosto\/","og_locale":"en_US","og_type":"article","og_title":"Abierto el plazo de solicitud de ayudas Lehiatu Promoci\u00f3n hasta el 9 de agosto - UAGA","og_description":"El Gobierno Vasco ha abierto el plazo de solicitud para las ayudas del Programa Lehiatu Promoci\u00f3n, destinadas a la promoci\u00f3n de los productos agrarios, alimentarios, pesqueros y forestales en mercados exteriores a la Comunidad Aut\u00f3noma del Pa\u00eds Vasco. Se subvencionar\u00e1n acciones individuales como la participaci\u00f3n en ferias o cert\u00e1menes comerciales de car\u00e1cter profesional e internacional; [&hellip;]","og_url":"https:\/\/www.uaga.eus\/eu\/abierto-el-plazo-de-solicitud-de-ayudas-lehiatu-promocion-hasta-el-9-de-agosto\/","og_site_name":"UAGA","article_published_time":"2019-07-11T11:34:13+00:00","article_modified_time":"2019-07-11T12:34:56+00:00","og_image":[{"width":650,"height":366,"url":"https:\/\/www.uaga.eus\/wp-content\/uploads\/2019\/07\/botellas-vino.jpg","type":"image\/jpeg"}],"author":"Blanca S\u00e1nchez","twitter_card":"summary_large_image","twitter_misc":{"Written by":"Blanca S\u00e1nchez","Est. reading time":"1 minutua"},"schema":{"@context":"https:\/\/schema.org","@graph":[{"@type":"WebPage","@id":"https:\/\/www.uaga.eus\/eu\/abierto-el-plazo-de-solicitud-de-ayudas-lehiatu-promocion-hasta-el-9-de-agosto\/","url":"https:\/\/www.uaga.eus\/eu\/abierto-el-plazo-de-solicitud-de-ayudas-lehiatu-promocion-hasta-el-9-de-agosto\/","name":"Abierto el plazo de solicitud de ayudas Lehiatu Promoci\u00f3n hasta el 9 de agosto - UAGA","isPartOf":{"@id":"https:\/\/www.uaga.eus\/#website"},"datePublished":"2019-07-11T11:34:13+00:00","dateModified":"2019-07-11T12:34:56+00:00","author":{"@id":"https:\/\/www.uaga.eus\/#\/schema\/person\/48c3cbf0f33d1b788226dbb6518689cf"},"breadcrumb":{"@id":"https:\/\/www.uaga.eus\/eu\/abierto-el-plazo-de-solicitud-de-ayudas-lehiatu-promocion-hasta-el-9-de-agosto\/#breadcrumb"},"inLanguage":"eu","potentialAction":[{"@type":"ReadAction","target":["https:\/\/www.uaga.eus\/eu\/abierto-el-plazo-de-solicitud-de-ayudas-lehiatu-promocion-hasta-el-9-de-agosto\/"]}]},{"@type":"BreadcrumbList","@id":"https:\/\/www.uaga.eus\/eu\/abierto-el-plazo-de-solicitud-de-ayudas-lehiatu-promocion-hasta-el-9-de-agosto\/#breadcrumb","itemListElement":[{"@type":"ListItem","position":1,"name":"Inicio","item":"https:\/\/www.uaga.eus\/"},{"@type":"ListItem","position":2,"name":"Abierto el plazo de solicitud de ayudas Lehiatu Promoci\u00f3n hasta el 9 de agosto"}]},{"@type":"WebSite","@id":"https:\/\/www.uaga.eus\/#website","url":"https:\/\/www.uaga.eus\/","name":"UAGA","description":"Uni\u00f3n Agroganadera de \u00c1lava - Araba Nekazarien Elkartea","potentialAction":[{"@type":"SearchAction","target":{"@type":"EntryPoint","urlTemplate":"https:\/\/www.uaga.eus\/?s={search_term_string}"},"query-input":"required name=search_term_string"}],"inLanguage":"eu"},{"@type":"Person","@id":"https:\/\/www.uaga.eus\/#\/schema\/person\/48c3cbf0f33d1b788226dbb6518689cf","name":"Blanca S\u00e1nchez","image":{"@type":"ImageObject","inLanguage":"eu","@id":"https:\/\/www.uaga.eus\/#\/schema\/person\/image\/","url":"https:\/\/secure.gravatar.com\/avatar\/0dc91c20648254b1ce84877283f6751b?s=96&d=mm&r=g","contentUrl":"https:\/\/secure.gravatar.com\/avatar\/0dc91c20648254b1ce84877283f6751b?s=96&d=mm&r=g","caption":"Blanca S\u00e1nchez"},"url":"https:\/\/www.uaga.eus\/eu\/author\/bsanchez\/"}]}},"_links":{"self":[{"href":"https:\/\/www.uaga.eus\/eu\/wp-json\/wp\/v2\/posts\/6337"}],"collection":[{"href":"https:\/\/www.uaga.eus\/eu\/wp-json\/wp\/v2\/posts"}],"about":[{"href":"https:\/\/www.uaga.eus\/eu\/wp-json\/wp\/v2\/types\/post"}],"author":[{"embeddable":true,"href":"https:\/\/www.uaga.eus\/eu\/wp-json\/wp\/v2\/users\/4"}],"replies":[{"embeddable":true,"href":"https:\/\/www.uaga.eus\/eu\/wp-json\/wp\/v2\/comments?post=6337"}],"version-history":[{"count":1,"href":"https:\/\/www.uaga.eus\/eu\/wp-json\/wp\/v2\/posts\/6337\/revisions"}],"predecessor-version":[{"id":6339,"href":"https:\/\/www.uaga.eus\/eu\/wp-json\/wp\/v2\/posts\/6337\/revisions\/6339"}],"wp:featuredmedia":[{"embeddable":true,"href":"https:\/\/www.uaga.eus\/eu\/wp-json\/wp\/v2\/media\/6338"}],"wp:attachment":[{"href":"https:\/\/www.uaga.eus\/eu\/wp-json\/wp\/v2\/media?parent=6337"}],"wp:term":[{"taxonomy":"category","embeddable":true,"href":"https:\/\/www.uaga.eus\/eu\/wp-json\/wp\/v2\/categories?post=6337"},{"taxonomy":"post_tag","embeddable":true,"href":"https:\/\/www.uaga.eus\/eu\/wp-json\/wp\/v2\/tags?post=6337"}],"curies":[{"name":"wp","href":"https:\/\/api.w.org\/{rel}","templated":true}]}}