{"id":6333,"date":"2019-07-11T12:33:33","date_gmt":"2019-07-11T12:33:33","guid":{"rendered":"https:\/\/www.uaga.eus\/?p=6333"},"modified":"2019-07-11T12:33:33","modified_gmt":"2019-07-11T12:33:33","slug":"se-pone-en-marcha-un-programa-para-el-uso-razonable-de-antibioticos-en-ovino-y-caprino","status":"publish","type":"post","link":"https:\/\/www.uaga.eus\/eu\/se-pone-en-marcha-un-programa-para-el-uso-razonable-de-antibioticos-en-ovino-y-caprino\/","title":{"rendered":"Se pone en marcha un Programa para el Uso Razonable de Antibi\u00f3ticos en ovino y caprino"},"content":{"rendered":"<p>Los representantes de las asociaciones nacionales de veterinarios y profesionales del sector de ovino y caprino han firmado, junto al Plan Nacional de Resistencia a los Antibi\u00f3ticos (PRAN), un acuerdo para el desarrollo del Programa para el Uso Razonable de Antibi\u00f3ticos en Ovino y Caprino.<\/p>\n<p>El objetivo es promocionar el uso prudente de los antibi\u00f3ticos y desarrollar e implantar nuevas medidas preventivas que contribuyan a la reducci\u00f3n de su uso.<\/p>\n<p>Los objetivos son:<\/p>\n<ul>\n<li>Reducir el consumo total de antibi\u00f3ticos en el sector ovino y caprino.<\/li>\n<li>Definir e implantar pautas de manejo y tratamiento con base cient\u00edfica para lograr un uso m\u00e1s racional de los antibi\u00f3ticos y evitar la proliferaci\u00f3n de la resistencia.<\/li>\n<li>Mejorar las herramientas terap\u00e9uticas para ovino y caprino.<\/li>\n<\/ul>\n<p>El programa incluye la creaci\u00f3n de un distintivo de reconocimiento para quienes cumplan el acuerdo.<\/p>\n<p>La adhesi\u00f3n al programa es voluntaria y la pueden formalizar entidades, cooperativas, veterinarios y explotaciones de ovino o caprino. Para ello se debe cumplimentar el formulario correspondiente envi\u00e1ndolo a reduce@aemps.es.<\/p>\n<p>En <a href=\"http:\/\/www.resistenciaantibioticos.es\/es\/programa-para-el-uso-razonable-de-antibioticos-en-ovino-y-caprino\" target=\"_blank\" rel=\"noopener\" data-cke-saved-href=\"http:\/\/www.resistenciaantibioticos.es\/es\/programa-para-el-uso-razonable-de-antibioticos-en-ovino-y-caprino\">este enlace<\/a> puedes consultar la p\u00e1gina web del programa y <a href=\"http:\/\/www.resistenciaantibioticos.es\/es\/system\/files\/content_images\/hoja_de_adhesion_ovi_y_cap_explotacion_empresa_cooperativa_0.pdf\" target=\"_blank\" rel=\"noopener\" data-cke-saved-href=\"http:\/\/www.resistenciaantibioticos.es\/es\/system\/files\/content_images\/hoja_de_adhesion_ovi_y_cap_explotacion_empresa_cooperativa_0.pdf\">aqu\u00ed<\/a> puedes descargarte la hoja de adhesi\u00f3n para explotaciones ganaderas.<\/p>\n<p>+ info\u00a0GUSTAVO: 635 704\u00a0865<\/p>\n","protected":false},"excerpt":{"rendered":"<p>Los representantes de las asociaciones nacionales de veterinarios y profesionales del sector de ovino y caprino han firmado, junto al Plan Nacional de Resistencia a los Antibi\u00f3ticos (PRAN), un acuerdo para el desarrollo del Programa para el Uso Razonable de Antibi\u00f3ticos en Ovino y Caprino. El objetivo es promocionar el uso prudente de los antibi\u00f3ticos [&hellip;]<\/p>\n","protected":false},"author":4,"featured_media":3807,"comment_status":"closed","ping_status":"closed","sticky":false,"template":"","format":"standard","meta":{"footnotes":""},"categories":[8],"tags":[],"yoast_head":"<!-- This site is optimized with the Yoast SEO plugin v21.5 - https:\/\/yoast.com\/wordpress\/plugins\/seo\/ -->\n<title>Se pone en marcha un Programa para el Uso Razonable de Antibi\u00f3ticos en ovino y caprino - UAGA<\/title>\n<meta name=\"robots\" content=\"index, follow, max-snippet:-1, max-image-preview:large, max-video-preview:-1\" \/>\n<link rel=\"canonical\" href=\"https:\/\/www.uaga.eus\/se-pone-en-marcha-un-programa-para-el-uso-razonable-de-antibioticos-en-ovino-y-caprino\/\" \/>\n<meta property=\"og:locale\" content=\"en_US\" \/>\n<meta property=\"og:type\" content=\"article\" \/>\n<meta property=\"og:title\" content=\"Se pone en marcha un Programa para el Uso Razonable de Antibi\u00f3ticos en ovino y caprino - UAGA\" \/>\n<meta property=\"og:description\" content=\"Los representantes de las asociaciones nacionales de veterinarios y profesionales del sector de ovino y caprino han firmado, junto al Plan Nacional de Resistencia a los Antibi\u00f3ticos (PRAN), un acuerdo para el desarrollo del Programa para el Uso Razonable de Antibi\u00f3ticos en Ovino y Caprino. El objetivo es promocionar el uso prudente de los antibi\u00f3ticos [&hellip;]\" \/>\n<meta property=\"og:url\" content=\"https:\/\/www.uaga.eus\/se-pone-en-marcha-un-programa-para-el-uso-razonable-de-antibioticos-en-ovino-y-caprino\/\" \/>\n<meta property=\"og:site_name\" content=\"UAGA\" \/>\n<meta property=\"article:published_time\" content=\"2019-07-11T12:33:33+00:00\" \/>\n<meta property=\"og:image\" content=\"https:\/\/www.uaga.eus\/wp-content\/uploads\/2018\/07\/ovejas.jpg\" \/>\n\t<meta property=\"og:image:width\" content=\"650\" \/>\n\t<meta property=\"og:image:height\" content=\"330\" \/>\n\t<meta property=\"og:image:type\" content=\"image\/jpeg\" \/>\n<meta name=\"author\" content=\"Blanca S\u00e1nchez\" \/>\n<meta name=\"twitter:card\" content=\"summary_large_image\" \/>\n<meta name=\"twitter:label1\" content=\"Written by\" \/>\n\t<meta name=\"twitter:data1\" content=\"Blanca S\u00e1nchez\" \/>\n\t<meta name=\"twitter:label2\" content=\"Est. reading time\" \/>\n\t<meta name=\"twitter:data2\" content=\"1 minutua\" \/>\n<script type=\"application\/ld+json\" class=\"yoast-schema-graph\">{\"@context\":\"https:\/\/schema.org\",\"@graph\":[{\"@type\":\"WebPage\",\"@id\":\"https:\/\/www.uaga.eus\/se-pone-en-marcha-un-programa-para-el-uso-razonable-de-antibioticos-en-ovino-y-caprino\/\",\"url\":\"https:\/\/www.uaga.eus\/se-pone-en-marcha-un-programa-para-el-uso-razonable-de-antibioticos-en-ovino-y-caprino\/\",\"name\":\"Se pone en marcha un Programa para el Uso Razonable de Antibi\u00f3ticos en ovino y caprino - UAGA\",\"isPartOf\":{\"@id\":\"https:\/\/www.uaga.eus\/#website\"},\"datePublished\":\"2019-07-11T12:33:33+00:00\",\"dateModified\":\"2019-07-11T12:33:33+00:00\",\"author\":{\"@id\":\"https:\/\/www.uaga.eus\/#\/schema\/person\/48c3cbf0f33d1b788226dbb6518689cf\"},\"breadcrumb\":{\"@id\":\"https:\/\/www.uaga.eus\/se-pone-en-marcha-un-programa-para-el-uso-razonable-de-antibioticos-en-ovino-y-caprino\/#breadcrumb\"},\"inLanguage\":\"eu\",\"potentialAction\":[{\"@type\":\"ReadAction\",\"target\":[\"https:\/\/www.uaga.eus\/se-pone-en-marcha-un-programa-para-el-uso-razonable-de-antibioticos-en-ovino-y-caprino\/\"]}]},{\"@type\":\"BreadcrumbList\",\"@id\":\"https:\/\/www.uaga.eus\/se-pone-en-marcha-un-programa-para-el-uso-razonable-de-antibioticos-en-ovino-y-caprino\/#breadcrumb\",\"itemListElement\":[{\"@type\":\"ListItem\",\"position\":1,\"name\":\"Inicio\",\"item\":\"https:\/\/www.uaga.eus\/\"},{\"@type\":\"ListItem\",\"position\":2,\"name\":\"Se pone en marcha un Programa para el Uso Razonable de Antibi\u00f3ticos en ovino y caprino\"}]},{\"@type\":\"WebSite\",\"@id\":\"https:\/\/www.uaga.eus\/#website\",\"url\":\"https:\/\/www.uaga.eus\/\",\"name\":\"UAGA\",\"description\":\"Uni\u00f3n Agroganadera de \u00c1lava - Araba Nekazarien Elkartea\",\"potentialAction\":[{\"@type\":\"SearchAction\",\"target\":{\"@type\":\"EntryPoint\",\"urlTemplate\":\"https:\/\/www.uaga.eus\/?s={search_term_string}\"},\"query-input\":\"required name=search_term_string\"}],\"inLanguage\":\"eu\"},{\"@type\":\"Person\",\"@id\":\"https:\/\/www.uaga.eus\/#\/schema\/person\/48c3cbf0f33d1b788226dbb6518689cf\",\"name\":\"Blanca S\u00e1nchez\",\"image\":{\"@type\":\"ImageObject\",\"inLanguage\":\"eu\",\"@id\":\"https:\/\/www.uaga.eus\/#\/schema\/person\/image\/\",\"url\":\"https:\/\/secure.gravatar.com\/avatar\/0dc91c20648254b1ce84877283f6751b?s=96&d=mm&r=g\",\"contentUrl\":\"https:\/\/secure.gravatar.com\/avatar\/0dc91c20648254b1ce84877283f6751b?s=96&d=mm&r=g\",\"caption\":\"Blanca S\u00e1nchez\"},\"url\":\"https:\/\/www.uaga.eus\/eu\/author\/bsanchez\/\"}]}<\/script>\n<!-- \/ Yoast SEO plugin. -->","yoast_head_json":{"title":"Se pone en marcha un Programa para el Uso Razonable de Antibi\u00f3ticos en ovino y caprino - UAGA","robots":{"index":"index","follow":"follow","max-snippet":"max-snippet:-1","max-image-preview":"max-image-preview:large","max-video-preview":"max-video-preview:-1"},"canonical":"https:\/\/www.uaga.eus\/se-pone-en-marcha-un-programa-para-el-uso-razonable-de-antibioticos-en-ovino-y-caprino\/","og_locale":"en_US","og_type":"article","og_title":"Se pone en marcha un Programa para el Uso Razonable de Antibi\u00f3ticos en ovino y caprino - UAGA","og_description":"Los representantes de las asociaciones nacionales de veterinarios y profesionales del sector de ovino y caprino han firmado, junto al Plan Nacional de Resistencia a los Antibi\u00f3ticos (PRAN), un acuerdo para el desarrollo del Programa para el Uso Razonable de Antibi\u00f3ticos en Ovino y Caprino. El objetivo es promocionar el uso prudente de los antibi\u00f3ticos [&hellip;]","og_url":"https:\/\/www.uaga.eus\/se-pone-en-marcha-un-programa-para-el-uso-razonable-de-antibioticos-en-ovino-y-caprino\/","og_site_name":"UAGA","article_published_time":"2019-07-11T12:33:33+00:00","og_image":[{"width":650,"height":330,"url":"https:\/\/www.uaga.eus\/wp-content\/uploads\/2018\/07\/ovejas.jpg","type":"image\/jpeg"}],"author":"Blanca S\u00e1nchez","twitter_card":"summary_large_image","twitter_misc":{"Written by":"Blanca S\u00e1nchez","Est. reading time":"1 minutua"},"schema":{"@context":"https:\/\/schema.org","@graph":[{"@type":"WebPage","@id":"https:\/\/www.uaga.eus\/se-pone-en-marcha-un-programa-para-el-uso-razonable-de-antibioticos-en-ovino-y-caprino\/","url":"https:\/\/www.uaga.eus\/se-pone-en-marcha-un-programa-para-el-uso-razonable-de-antibioticos-en-ovino-y-caprino\/","name":"Se pone en marcha un Programa para el Uso Razonable de Antibi\u00f3ticos en ovino y caprino - UAGA","isPartOf":{"@id":"https:\/\/www.uaga.eus\/#website"},"datePublished":"2019-07-11T12:33:33+00:00","dateModified":"2019-07-11T12:33:33+00:00","author":{"@id":"https:\/\/www.uaga.eus\/#\/schema\/person\/48c3cbf0f33d1b788226dbb6518689cf"},"breadcrumb":{"@id":"https:\/\/www.uaga.eus\/se-pone-en-marcha-un-programa-para-el-uso-razonable-de-antibioticos-en-ovino-y-caprino\/#breadcrumb"},"inLanguage":"eu","potentialAction":[{"@type":"ReadAction","target":["https:\/\/www.uaga.eus\/se-pone-en-marcha-un-programa-para-el-uso-razonable-de-antibioticos-en-ovino-y-caprino\/"]}]},{"@type":"BreadcrumbList","@id":"https:\/\/www.uaga.eus\/se-pone-en-marcha-un-programa-para-el-uso-razonable-de-antibioticos-en-ovino-y-caprino\/#breadcrumb","itemListElement":[{"@type":"ListItem","position":1,"name":"Inicio","item":"https:\/\/www.uaga.eus\/"},{"@type":"ListItem","position":2,"name":"Se pone en marcha un Programa para el Uso Razonable de Antibi\u00f3ticos en ovino y caprino"}]},{"@type":"WebSite","@id":"https:\/\/www.uaga.eus\/#website","url":"https:\/\/www.uaga.eus\/","name":"UAGA","description":"Uni\u00f3n Agroganadera de \u00c1lava - Araba Nekazarien Elkartea","potentialAction":[{"@type":"SearchAction","target":{"@type":"EntryPoint","urlTemplate":"https:\/\/www.uaga.eus\/?s={search_term_string}"},"query-input":"required name=search_term_string"}],"inLanguage":"eu"},{"@type":"Person","@id":"https:\/\/www.uaga.eus\/#\/schema\/person\/48c3cbf0f33d1b788226dbb6518689cf","name":"Blanca S\u00e1nchez","image":{"@type":"ImageObject","inLanguage":"eu","@id":"https:\/\/www.uaga.eus\/#\/schema\/person\/image\/","url":"https:\/\/secure.gravatar.com\/avatar\/0dc91c20648254b1ce84877283f6751b?s=96&d=mm&r=g","contentUrl":"https:\/\/secure.gravatar.com\/avatar\/0dc91c20648254b1ce84877283f6751b?s=96&d=mm&r=g","caption":"Blanca S\u00e1nchez"},"url":"https:\/\/www.uaga.eus\/eu\/author\/bsanchez\/"}]}},"_links":{"self":[{"href":"https:\/\/www.uaga.eus\/eu\/wp-json\/wp\/v2\/posts\/6333"}],"collection":[{"href":"https:\/\/www.uaga.eus\/eu\/wp-json\/wp\/v2\/posts"}],"about":[{"href":"https:\/\/www.uaga.eus\/eu\/wp-json\/wp\/v2\/types\/post"}],"author":[{"embeddable":true,"href":"https:\/\/www.uaga.eus\/eu\/wp-json\/wp\/v2\/users\/4"}],"replies":[{"embeddable":true,"href":"https:\/\/www.uaga.eus\/eu\/wp-json\/wp\/v2\/comments?post=6333"}],"version-history":[{"count":1,"href":"https:\/\/www.uaga.eus\/eu\/wp-json\/wp\/v2\/posts\/6333\/revisions"}],"predecessor-version":[{"id":6334,"href":"https:\/\/www.uaga.eus\/eu\/wp-json\/wp\/v2\/posts\/6333\/revisions\/6334"}],"wp:featuredmedia":[{"embeddable":true,"href":"https:\/\/www.uaga.eus\/eu\/wp-json\/wp\/v2\/media\/3807"}],"wp:attachment":[{"href":"https:\/\/www.uaga.eus\/eu\/wp-json\/wp\/v2\/media?parent=6333"}],"wp:term":[{"taxonomy":"category","embeddable":true,"href":"https:\/\/www.uaga.eus\/eu\/wp-json\/wp\/v2\/categories?post=6333"},{"taxonomy":"post_tag","embeddable":true,"href":"https:\/\/www.uaga.eus\/eu\/wp-json\/wp\/v2\/tags?post=6333"}],"curies":[{"name":"wp","href":"https:\/\/api.w.org\/{rel}","templated":true}]}}