{"id":6304,"date":"2019-07-05T11:15:15","date_gmt":"2019-07-05T11:15:15","guid":{"rendered":"https:\/\/www.uaga.eus\/?p=6304"},"modified":"2019-07-05T11:15:15","modified_gmt":"2019-07-05T11:15:15","slug":"uaga-participa-en-el-foro-de-debate-del-anteproyecto-de-ley-de-cambio-climatico-del-pais-vasco","status":"publish","type":"post","link":"https:\/\/www.uaga.eus\/eu\/uaga-participa-en-el-foro-de-debate-del-anteproyecto-de-ley-de-cambio-climatico-del-pais-vasco\/","title":{"rendered":"UAGA participa en el foro de debate del Anteproyecto de Ley de cambio Clim\u00e1tico del Pa\u00eds Vasco"},"content":{"rendered":"<p>El Departamento de Medio Ambiente, Planificaci\u00f3n Territorial y Vivienda de Gobierno Vasco ha organizado una jornada de informaci\u00f3n y debate sobre el Anteproyecto de Ley de cambio Clim\u00e1tico del Pa\u00eds Vasco, en el que han tomado parte entidades del \u00e1mbito empresarial de sectores diversos como el primer sector, el industrial, el energ\u00e9tico, el de la construcci\u00f3n o el de administraci\u00f3n.<\/p>\n<p>El foro de debate ha servido para conocer de primera mano el Anteproyecto de Ley de cambio Clim\u00e1tico y debatir sobre los elementos clave de la propuesta.<\/p>\n<p>El Anteproyecto de Ley de cambio Clim\u00e1tico se enmarca dentro de la Estrategia de Cambio Clim\u00e1tico 2050 del Gobierno Vasco, con el objetivo de conseguir reducir las emisiones de gases de efecto invernadero hacia una econom\u00eda neutra en carbono en el horizonte 2050, donde el primer sector tiene un papel fundamental como sumidero de carbono.<\/p>\n<p>Puedes consultar toda la informaci\u00f3n del Anteproyecto en el siguiente <a href=\"http:\/\/www.legegunea.euskadi.eus\/documentacion-relevancia-juridica\/consulta-publica-previa-a-la-elaboracion-del-anteproyecto-de-ley-de-cambio-climatico-del-pais-vasco\/x59-contfich\/es\/\" target=\"_blank\" rel=\"noopener\" data-cke-saved-href=\"http:\/\/www.legegunea.euskadi.eus\/documentacion-relevancia-juridica\/consulta-publica-previa-a-la-elaboracion-del-anteproyecto-de-ley-de-cambio-climatico-del-pais-vasco\/x59-contfich\/es\/\">enlace<\/a>.<\/p>\n<p>+ info SUGOI: 675 707\u00a0696<\/p>\n","protected":false},"excerpt":{"rendered":"<p>El Departamento de Medio Ambiente, Planificaci\u00f3n Territorial y Vivienda de Gobierno Vasco ha organizado una jornada de informaci\u00f3n y debate sobre el Anteproyecto de Ley de cambio Clim\u00e1tico del Pa\u00eds Vasco, en el que han tomado parte entidades del \u00e1mbito empresarial de sectores diversos como el primer sector, el industrial, el energ\u00e9tico, el de la [&hellip;]<\/p>\n","protected":false},"author":4,"featured_media":6299,"comment_status":"closed","ping_status":"closed","sticky":false,"template":"","format":"standard","meta":{"footnotes":""},"categories":[11],"tags":[],"yoast_head":"<!-- This site is optimized with the Yoast SEO plugin v21.5 - https:\/\/yoast.com\/wordpress\/plugins\/seo\/ -->\n<title>UAGA participa en el foro de debate del Anteproyecto de Ley de cambio Clim\u00e1tico del Pa\u00eds Vasco - UAGA<\/title>\n<meta name=\"robots\" content=\"index, follow, max-snippet:-1, max-image-preview:large, max-video-preview:-1\" \/>\n<link rel=\"canonical\" href=\"https:\/\/www.uaga.eus\/uaga-participa-en-el-foro-de-debate-del-anteproyecto-de-ley-de-cambio-climatico-del-pais-vasco\/\" \/>\n<meta property=\"og:locale\" content=\"en_US\" \/>\n<meta property=\"og:type\" content=\"article\" \/>\n<meta property=\"og:title\" content=\"UAGA participa en el foro de debate del Anteproyecto de Ley de cambio Clim\u00e1tico del Pa\u00eds Vasco - UAGA\" \/>\n<meta property=\"og:description\" content=\"El Departamento de Medio Ambiente, Planificaci\u00f3n Territorial y Vivienda de Gobierno Vasco ha organizado una jornada de informaci\u00f3n y debate sobre el Anteproyecto de Ley de cambio Clim\u00e1tico del Pa\u00eds Vasco, en el que han tomado parte entidades del \u00e1mbito empresarial de sectores diversos como el primer sector, el industrial, el energ\u00e9tico, el de la [&hellip;]\" \/>\n<meta property=\"og:url\" content=\"https:\/\/www.uaga.eus\/uaga-participa-en-el-foro-de-debate-del-anteproyecto-de-ley-de-cambio-climatico-del-pais-vasco\/\" \/>\n<meta property=\"og:site_name\" content=\"UAGA\" \/>\n<meta property=\"article:published_time\" content=\"2019-07-05T11:15:15+00:00\" \/>\n<meta property=\"og:image\" content=\"https:\/\/www.uaga.eus\/wp-content\/uploads\/2019\/07\/SEQUIA-CAMBIO-CLIMATICO-e1562325297532.jpg\" \/>\n\t<meta property=\"og:image:width\" content=\"700\" \/>\n\t<meta property=\"og:image:height\" content=\"371\" \/>\n\t<meta property=\"og:image:type\" content=\"image\/jpeg\" \/>\n<meta name=\"author\" content=\"Blanca S\u00e1nchez\" \/>\n<meta name=\"twitter:card\" content=\"summary_large_image\" \/>\n<meta name=\"twitter:label1\" content=\"Written by\" \/>\n\t<meta name=\"twitter:data1\" content=\"Blanca S\u00e1nchez\" \/>\n\t<meta name=\"twitter:label2\" content=\"Est. reading time\" \/>\n\t<meta name=\"twitter:data2\" content=\"1 minutua\" \/>\n<script type=\"application\/ld+json\" class=\"yoast-schema-graph\">{\"@context\":\"https:\/\/schema.org\",\"@graph\":[{\"@type\":\"WebPage\",\"@id\":\"https:\/\/www.uaga.eus\/uaga-participa-en-el-foro-de-debate-del-anteproyecto-de-ley-de-cambio-climatico-del-pais-vasco\/\",\"url\":\"https:\/\/www.uaga.eus\/uaga-participa-en-el-foro-de-debate-del-anteproyecto-de-ley-de-cambio-climatico-del-pais-vasco\/\",\"name\":\"UAGA participa en el foro de debate del Anteproyecto de Ley de cambio Clim\u00e1tico del Pa\u00eds Vasco - UAGA\",\"isPartOf\":{\"@id\":\"https:\/\/www.uaga.eus\/#website\"},\"datePublished\":\"2019-07-05T11:15:15+00:00\",\"dateModified\":\"2019-07-05T11:15:15+00:00\",\"author\":{\"@id\":\"https:\/\/www.uaga.eus\/#\/schema\/person\/48c3cbf0f33d1b788226dbb6518689cf\"},\"breadcrumb\":{\"@id\":\"https:\/\/www.uaga.eus\/uaga-participa-en-el-foro-de-debate-del-anteproyecto-de-ley-de-cambio-climatico-del-pais-vasco\/#breadcrumb\"},\"inLanguage\":\"eu\",\"potentialAction\":[{\"@type\":\"ReadAction\",\"target\":[\"https:\/\/www.uaga.eus\/uaga-participa-en-el-foro-de-debate-del-anteproyecto-de-ley-de-cambio-climatico-del-pais-vasco\/\"]}]},{\"@type\":\"BreadcrumbList\",\"@id\":\"https:\/\/www.uaga.eus\/uaga-participa-en-el-foro-de-debate-del-anteproyecto-de-ley-de-cambio-climatico-del-pais-vasco\/#breadcrumb\",\"itemListElement\":[{\"@type\":\"ListItem\",\"position\":1,\"name\":\"Inicio\",\"item\":\"https:\/\/www.uaga.eus\/\"},{\"@type\":\"ListItem\",\"position\":2,\"name\":\"UAGA participa en el foro de debate del Anteproyecto de Ley de cambio Clim\u00e1tico del Pa\u00eds Vasco\"}]},{\"@type\":\"WebSite\",\"@id\":\"https:\/\/www.uaga.eus\/#website\",\"url\":\"https:\/\/www.uaga.eus\/\",\"name\":\"UAGA\",\"description\":\"Uni\u00f3n Agroganadera de \u00c1lava - Araba Nekazarien Elkartea\",\"potentialAction\":[{\"@type\":\"SearchAction\",\"target\":{\"@type\":\"EntryPoint\",\"urlTemplate\":\"https:\/\/www.uaga.eus\/?s={search_term_string}\"},\"query-input\":\"required name=search_term_string\"}],\"inLanguage\":\"eu\"},{\"@type\":\"Person\",\"@id\":\"https:\/\/www.uaga.eus\/#\/schema\/person\/48c3cbf0f33d1b788226dbb6518689cf\",\"name\":\"Blanca S\u00e1nchez\",\"image\":{\"@type\":\"ImageObject\",\"inLanguage\":\"eu\",\"@id\":\"https:\/\/www.uaga.eus\/#\/schema\/person\/image\/\",\"url\":\"https:\/\/secure.gravatar.com\/avatar\/0dc91c20648254b1ce84877283f6751b?s=96&d=mm&r=g\",\"contentUrl\":\"https:\/\/secure.gravatar.com\/avatar\/0dc91c20648254b1ce84877283f6751b?s=96&d=mm&r=g\",\"caption\":\"Blanca S\u00e1nchez\"},\"url\":\"https:\/\/www.uaga.eus\/eu\/author\/bsanchez\/\"}]}<\/script>\n<!-- \/ Yoast SEO plugin. -->","yoast_head_json":{"title":"UAGA participa en el foro de debate del Anteproyecto de Ley de cambio Clim\u00e1tico del Pa\u00eds Vasco - UAGA","robots":{"index":"index","follow":"follow","max-snippet":"max-snippet:-1","max-image-preview":"max-image-preview:large","max-video-preview":"max-video-preview:-1"},"canonical":"https:\/\/www.uaga.eus\/uaga-participa-en-el-foro-de-debate-del-anteproyecto-de-ley-de-cambio-climatico-del-pais-vasco\/","og_locale":"en_US","og_type":"article","og_title":"UAGA participa en el foro de debate del Anteproyecto de Ley de cambio Clim\u00e1tico del Pa\u00eds Vasco - UAGA","og_description":"El Departamento de Medio Ambiente, Planificaci\u00f3n Territorial y Vivienda de Gobierno Vasco ha organizado una jornada de informaci\u00f3n y debate sobre el Anteproyecto de Ley de cambio Clim\u00e1tico del Pa\u00eds Vasco, en el que han tomado parte entidades del \u00e1mbito empresarial de sectores diversos como el primer sector, el industrial, el energ\u00e9tico, el de la [&hellip;]","og_url":"https:\/\/www.uaga.eus\/uaga-participa-en-el-foro-de-debate-del-anteproyecto-de-ley-de-cambio-climatico-del-pais-vasco\/","og_site_name":"UAGA","article_published_time":"2019-07-05T11:15:15+00:00","og_image":[{"width":700,"height":371,"url":"https:\/\/www.uaga.eus\/wp-content\/uploads\/2019\/07\/SEQUIA-CAMBIO-CLIMATICO-e1562325297532.jpg","type":"image\/jpeg"}],"author":"Blanca S\u00e1nchez","twitter_card":"summary_large_image","twitter_misc":{"Written by":"Blanca S\u00e1nchez","Est. reading time":"1 minutua"},"schema":{"@context":"https:\/\/schema.org","@graph":[{"@type":"WebPage","@id":"https:\/\/www.uaga.eus\/uaga-participa-en-el-foro-de-debate-del-anteproyecto-de-ley-de-cambio-climatico-del-pais-vasco\/","url":"https:\/\/www.uaga.eus\/uaga-participa-en-el-foro-de-debate-del-anteproyecto-de-ley-de-cambio-climatico-del-pais-vasco\/","name":"UAGA participa en el foro de debate del Anteproyecto de Ley de cambio Clim\u00e1tico del Pa\u00eds Vasco - UAGA","isPartOf":{"@id":"https:\/\/www.uaga.eus\/#website"},"datePublished":"2019-07-05T11:15:15+00:00","dateModified":"2019-07-05T11:15:15+00:00","author":{"@id":"https:\/\/www.uaga.eus\/#\/schema\/person\/48c3cbf0f33d1b788226dbb6518689cf"},"breadcrumb":{"@id":"https:\/\/www.uaga.eus\/uaga-participa-en-el-foro-de-debate-del-anteproyecto-de-ley-de-cambio-climatico-del-pais-vasco\/#breadcrumb"},"inLanguage":"eu","potentialAction":[{"@type":"ReadAction","target":["https:\/\/www.uaga.eus\/uaga-participa-en-el-foro-de-debate-del-anteproyecto-de-ley-de-cambio-climatico-del-pais-vasco\/"]}]},{"@type":"BreadcrumbList","@id":"https:\/\/www.uaga.eus\/uaga-participa-en-el-foro-de-debate-del-anteproyecto-de-ley-de-cambio-climatico-del-pais-vasco\/#breadcrumb","itemListElement":[{"@type":"ListItem","position":1,"name":"Inicio","item":"https:\/\/www.uaga.eus\/"},{"@type":"ListItem","position":2,"name":"UAGA participa en el foro de debate del Anteproyecto de Ley de cambio Clim\u00e1tico del Pa\u00eds Vasco"}]},{"@type":"WebSite","@id":"https:\/\/www.uaga.eus\/#website","url":"https:\/\/www.uaga.eus\/","name":"UAGA","description":"Uni\u00f3n Agroganadera de \u00c1lava - Araba Nekazarien Elkartea","potentialAction":[{"@type":"SearchAction","target":{"@type":"EntryPoint","urlTemplate":"https:\/\/www.uaga.eus\/?s={search_term_string}"},"query-input":"required name=search_term_string"}],"inLanguage":"eu"},{"@type":"Person","@id":"https:\/\/www.uaga.eus\/#\/schema\/person\/48c3cbf0f33d1b788226dbb6518689cf","name":"Blanca S\u00e1nchez","image":{"@type":"ImageObject","inLanguage":"eu","@id":"https:\/\/www.uaga.eus\/#\/schema\/person\/image\/","url":"https:\/\/secure.gravatar.com\/avatar\/0dc91c20648254b1ce84877283f6751b?s=96&d=mm&r=g","contentUrl":"https:\/\/secure.gravatar.com\/avatar\/0dc91c20648254b1ce84877283f6751b?s=96&d=mm&r=g","caption":"Blanca S\u00e1nchez"},"url":"https:\/\/www.uaga.eus\/eu\/author\/bsanchez\/"}]}},"_links":{"self":[{"href":"https:\/\/www.uaga.eus\/eu\/wp-json\/wp\/v2\/posts\/6304"}],"collection":[{"href":"https:\/\/www.uaga.eus\/eu\/wp-json\/wp\/v2\/posts"}],"about":[{"href":"https:\/\/www.uaga.eus\/eu\/wp-json\/wp\/v2\/types\/post"}],"author":[{"embeddable":true,"href":"https:\/\/www.uaga.eus\/eu\/wp-json\/wp\/v2\/users\/4"}],"replies":[{"embeddable":true,"href":"https:\/\/www.uaga.eus\/eu\/wp-json\/wp\/v2\/comments?post=6304"}],"version-history":[{"count":1,"href":"https:\/\/www.uaga.eus\/eu\/wp-json\/wp\/v2\/posts\/6304\/revisions"}],"predecessor-version":[{"id":6305,"href":"https:\/\/www.uaga.eus\/eu\/wp-json\/wp\/v2\/posts\/6304\/revisions\/6305"}],"wp:featuredmedia":[{"embeddable":true,"href":"https:\/\/www.uaga.eus\/eu\/wp-json\/wp\/v2\/media\/6299"}],"wp:attachment":[{"href":"https:\/\/www.uaga.eus\/eu\/wp-json\/wp\/v2\/media?parent=6304"}],"wp:term":[{"taxonomy":"category","embeddable":true,"href":"https:\/\/www.uaga.eus\/eu\/wp-json\/wp\/v2\/categories?post=6304"},{"taxonomy":"post_tag","embeddable":true,"href":"https:\/\/www.uaga.eus\/eu\/wp-json\/wp\/v2\/tags?post=6304"}],"curies":[{"name":"wp","href":"https:\/\/api.w.org\/{rel}","templated":true}]}}