{"id":6278,"date":"2019-06-28T11:02:47","date_gmt":"2019-06-28T11:02:47","guid":{"rendered":"https:\/\/www.uaga.eus\/?p=6278"},"modified":"2019-06-28T13:27:47","modified_gmt":"2019-06-28T13:27:47","slug":"reunion-del-comite-de-jovenes-de-uaga","status":"publish","type":"post","link":"https:\/\/www.uaga.eus\/eu\/reunion-del-comite-de-jovenes-de-uaga\/","title":{"rendered":"Reuni\u00f3n del Comit\u00e9 de J\u00f3venes de UAGA"},"content":{"rendered":"<p>Esta semana hemos celebrado la segunda reuni\u00f3n del Comit\u00e9 de J\u00f3venes de UAGA desde su constituci\u00f3n.<\/p>\n<p>El Comit\u00e9 ha empezado por analizar el funcionamiento del <strong>Encuentro Anual de J\u00f3venes de COAG 2019<\/strong> organizado por UAGA y celebrado en \u00c1lava el primer fin de semana de junio.<\/p>\n<p>Se han acordado las pr\u00f3ximas acciones a desarrollar por el \u00c1rea de J\u00f3venes de UAGA, enmarcadas en distintas \u00e1reas: fomentar la relaci\u00f3n con otros profesionales del sector, favorecer la formaci\u00f3n y aprendizaje mediante otras experiencias innovadoras, valorizar las personas profesionales del sector y conseguir la transformaci\u00f3n digital del sector.<\/p>\n<p>Adem\u00e1s, se han recogido las propuestas de los j\u00f3venes sobre formaci\u00f3n, ayudas o gesti\u00f3n de residuos, entre otras.<\/p>\n<p>El Comit\u00e9 de J\u00f3venes de UAGA est\u00e1 integrado inicialmente por nueve j\u00f3venes y est\u00e1 permanentemente abierto a nuevas incorporaciones. El equipo ser\u00e1 lo m\u00e1s heterogeneo posible, estando integrado por j\u00f3venes, chicos y chicas, de todas las comarcas y sectores.<\/p>\n<p>Su objetivo principal es disponer de un \u00e1mbito espec\u00edfico que represente a los j\u00f3venes del sector y que facilite su comunicaci\u00f3n con UAGA, de manera que participen en la estrategia a futuro del sector, incorporando sus necesidades y propuestas.<\/p>\n<p>El fomento de la incorporaci\u00f3n de j\u00f3venes en UAGA es vital para la sostenibilidad del sector agrario alav\u00e9s y conseguir incorporar las necesidades de las nuevas generaciones a la estrategia de UAGA y de las administraciones, en contacto directo y habitual con el sector a trav\u00e9s de UAGA.<\/p>\n<p>+ info: GUSTAVO 635 704 865 \/ SUGOI: 675 707 696<\/p>\n","protected":false},"excerpt":{"rendered":"<p>Esta semana hemos celebrado la segunda reuni\u00f3n del Comit\u00e9 de J\u00f3venes de UAGA desde su constituci\u00f3n. El Comit\u00e9 ha empezado por analizar el funcionamiento del Encuentro Anual de J\u00f3venes de COAG 2019 organizado por UAGA y celebrado en \u00c1lava el primer fin de semana de junio. Se han acordado las pr\u00f3ximas acciones a desarrollar por [&hellip;]<\/p>\n","protected":false},"author":4,"featured_media":6274,"comment_status":"closed","ping_status":"closed","sticky":false,"template":"","format":"standard","meta":{"footnotes":""},"categories":[37,3],"tags":[],"yoast_head":"<!-- This site is optimized with the Yoast SEO plugin v21.5 - https:\/\/yoast.com\/wordpress\/plugins\/seo\/ -->\n<title>Reuni\u00f3n del Comit\u00e9 de J\u00f3venes de UAGA - UAGA<\/title>\n<meta name=\"robots\" content=\"index, follow, max-snippet:-1, max-image-preview:large, max-video-preview:-1\" \/>\n<link rel=\"canonical\" href=\"https:\/\/www.uaga.eus\/reunion-del-comite-de-jovenes-de-uaga\/\" \/>\n<meta property=\"og:locale\" content=\"en_US\" \/>\n<meta property=\"og:type\" content=\"article\" \/>\n<meta property=\"og:title\" content=\"Reuni\u00f3n del Comit\u00e9 de J\u00f3venes de UAGA - UAGA\" \/>\n<meta property=\"og:description\" content=\"Esta semana hemos celebrado la segunda reuni\u00f3n del Comit\u00e9 de J\u00f3venes de UAGA desde su constituci\u00f3n. El Comit\u00e9 ha empezado por analizar el funcionamiento del Encuentro Anual de J\u00f3venes de COAG 2019 organizado por UAGA y celebrado en \u00c1lava el primer fin de semana de junio. Se han acordado las pr\u00f3ximas acciones a desarrollar por [&hellip;]\" \/>\n<meta property=\"og:url\" content=\"https:\/\/www.uaga.eus\/reunion-del-comite-de-jovenes-de-uaga\/\" \/>\n<meta property=\"og:site_name\" content=\"UAGA\" \/>\n<meta property=\"article:published_time\" content=\"2019-06-28T11:02:47+00:00\" \/>\n<meta property=\"article:modified_time\" content=\"2019-06-28T13:27:47+00:00\" \/>\n<meta property=\"og:image\" content=\"https:\/\/www.uaga.eus\/wp-content\/uploads\/2019\/06\/IMG_20190627_131209_1-e1561719757165.jpg\" \/>\n\t<meta property=\"og:image:width\" content=\"650\" \/>\n\t<meta property=\"og:image:height\" content=\"362\" \/>\n\t<meta property=\"og:image:type\" content=\"image\/jpeg\" \/>\n<meta name=\"author\" content=\"Blanca S\u00e1nchez\" \/>\n<meta name=\"twitter:card\" content=\"summary_large_image\" \/>\n<meta name=\"twitter:label1\" content=\"Written by\" \/>\n\t<meta name=\"twitter:data1\" content=\"Blanca S\u00e1nchez\" \/>\n\t<meta name=\"twitter:label2\" content=\"Est. reading time\" \/>\n\t<meta name=\"twitter:data2\" content=\"1 minutua\" \/>\n<script type=\"application\/ld+json\" class=\"yoast-schema-graph\">{\"@context\":\"https:\/\/schema.org\",\"@graph\":[{\"@type\":\"WebPage\",\"@id\":\"https:\/\/www.uaga.eus\/reunion-del-comite-de-jovenes-de-uaga\/\",\"url\":\"https:\/\/www.uaga.eus\/reunion-del-comite-de-jovenes-de-uaga\/\",\"name\":\"Reuni\u00f3n del Comit\u00e9 de J\u00f3venes de UAGA - UAGA\",\"isPartOf\":{\"@id\":\"https:\/\/www.uaga.eus\/#website\"},\"datePublished\":\"2019-06-28T11:02:47+00:00\",\"dateModified\":\"2019-06-28T13:27:47+00:00\",\"author\":{\"@id\":\"https:\/\/www.uaga.eus\/#\/schema\/person\/48c3cbf0f33d1b788226dbb6518689cf\"},\"breadcrumb\":{\"@id\":\"https:\/\/www.uaga.eus\/reunion-del-comite-de-jovenes-de-uaga\/#breadcrumb\"},\"inLanguage\":\"eu\",\"potentialAction\":[{\"@type\":\"ReadAction\",\"target\":[\"https:\/\/www.uaga.eus\/reunion-del-comite-de-jovenes-de-uaga\/\"]}]},{\"@type\":\"BreadcrumbList\",\"@id\":\"https:\/\/www.uaga.eus\/reunion-del-comite-de-jovenes-de-uaga\/#breadcrumb\",\"itemListElement\":[{\"@type\":\"ListItem\",\"position\":1,\"name\":\"Inicio\",\"item\":\"https:\/\/www.uaga.eus\/\"},{\"@type\":\"ListItem\",\"position\":2,\"name\":\"Reuni\u00f3n del Comit\u00e9 de J\u00f3venes de UAGA\"}]},{\"@type\":\"WebSite\",\"@id\":\"https:\/\/www.uaga.eus\/#website\",\"url\":\"https:\/\/www.uaga.eus\/\",\"name\":\"UAGA\",\"description\":\"Uni\u00f3n Agroganadera de \u00c1lava - Araba Nekazarien Elkartea\",\"potentialAction\":[{\"@type\":\"SearchAction\",\"target\":{\"@type\":\"EntryPoint\",\"urlTemplate\":\"https:\/\/www.uaga.eus\/?s={search_term_string}\"},\"query-input\":\"required name=search_term_string\"}],\"inLanguage\":\"eu\"},{\"@type\":\"Person\",\"@id\":\"https:\/\/www.uaga.eus\/#\/schema\/person\/48c3cbf0f33d1b788226dbb6518689cf\",\"name\":\"Blanca S\u00e1nchez\",\"image\":{\"@type\":\"ImageObject\",\"inLanguage\":\"eu\",\"@id\":\"https:\/\/www.uaga.eus\/#\/schema\/person\/image\/\",\"url\":\"https:\/\/secure.gravatar.com\/avatar\/0dc91c20648254b1ce84877283f6751b?s=96&d=mm&r=g\",\"contentUrl\":\"https:\/\/secure.gravatar.com\/avatar\/0dc91c20648254b1ce84877283f6751b?s=96&d=mm&r=g\",\"caption\":\"Blanca S\u00e1nchez\"},\"url\":\"https:\/\/www.uaga.eus\/eu\/author\/bsanchez\/\"}]}<\/script>\n<!-- \/ Yoast SEO plugin. -->","yoast_head_json":{"title":"Reuni\u00f3n del Comit\u00e9 de J\u00f3venes de UAGA - UAGA","robots":{"index":"index","follow":"follow","max-snippet":"max-snippet:-1","max-image-preview":"max-image-preview:large","max-video-preview":"max-video-preview:-1"},"canonical":"https:\/\/www.uaga.eus\/reunion-del-comite-de-jovenes-de-uaga\/","og_locale":"en_US","og_type":"article","og_title":"Reuni\u00f3n del Comit\u00e9 de J\u00f3venes de UAGA - UAGA","og_description":"Esta semana hemos celebrado la segunda reuni\u00f3n del Comit\u00e9 de J\u00f3venes de UAGA desde su constituci\u00f3n. El Comit\u00e9 ha empezado por analizar el funcionamiento del Encuentro Anual de J\u00f3venes de COAG 2019 organizado por UAGA y celebrado en \u00c1lava el primer fin de semana de junio. Se han acordado las pr\u00f3ximas acciones a desarrollar por [&hellip;]","og_url":"https:\/\/www.uaga.eus\/reunion-del-comite-de-jovenes-de-uaga\/","og_site_name":"UAGA","article_published_time":"2019-06-28T11:02:47+00:00","article_modified_time":"2019-06-28T13:27:47+00:00","og_image":[{"width":650,"height":362,"url":"https:\/\/www.uaga.eus\/wp-content\/uploads\/2019\/06\/IMG_20190627_131209_1-e1561719757165.jpg","type":"image\/jpeg"}],"author":"Blanca S\u00e1nchez","twitter_card":"summary_large_image","twitter_misc":{"Written by":"Blanca S\u00e1nchez","Est. reading time":"1 minutua"},"schema":{"@context":"https:\/\/schema.org","@graph":[{"@type":"WebPage","@id":"https:\/\/www.uaga.eus\/reunion-del-comite-de-jovenes-de-uaga\/","url":"https:\/\/www.uaga.eus\/reunion-del-comite-de-jovenes-de-uaga\/","name":"Reuni\u00f3n del Comit\u00e9 de J\u00f3venes de UAGA - UAGA","isPartOf":{"@id":"https:\/\/www.uaga.eus\/#website"},"datePublished":"2019-06-28T11:02:47+00:00","dateModified":"2019-06-28T13:27:47+00:00","author":{"@id":"https:\/\/www.uaga.eus\/#\/schema\/person\/48c3cbf0f33d1b788226dbb6518689cf"},"breadcrumb":{"@id":"https:\/\/www.uaga.eus\/reunion-del-comite-de-jovenes-de-uaga\/#breadcrumb"},"inLanguage":"eu","potentialAction":[{"@type":"ReadAction","target":["https:\/\/www.uaga.eus\/reunion-del-comite-de-jovenes-de-uaga\/"]}]},{"@type":"BreadcrumbList","@id":"https:\/\/www.uaga.eus\/reunion-del-comite-de-jovenes-de-uaga\/#breadcrumb","itemListElement":[{"@type":"ListItem","position":1,"name":"Inicio","item":"https:\/\/www.uaga.eus\/"},{"@type":"ListItem","position":2,"name":"Reuni\u00f3n del Comit\u00e9 de J\u00f3venes de UAGA"}]},{"@type":"WebSite","@id":"https:\/\/www.uaga.eus\/#website","url":"https:\/\/www.uaga.eus\/","name":"UAGA","description":"Uni\u00f3n Agroganadera de \u00c1lava - Araba Nekazarien Elkartea","potentialAction":[{"@type":"SearchAction","target":{"@type":"EntryPoint","urlTemplate":"https:\/\/www.uaga.eus\/?s={search_term_string}"},"query-input":"required name=search_term_string"}],"inLanguage":"eu"},{"@type":"Person","@id":"https:\/\/www.uaga.eus\/#\/schema\/person\/48c3cbf0f33d1b788226dbb6518689cf","name":"Blanca S\u00e1nchez","image":{"@type":"ImageObject","inLanguage":"eu","@id":"https:\/\/www.uaga.eus\/#\/schema\/person\/image\/","url":"https:\/\/secure.gravatar.com\/avatar\/0dc91c20648254b1ce84877283f6751b?s=96&d=mm&r=g","contentUrl":"https:\/\/secure.gravatar.com\/avatar\/0dc91c20648254b1ce84877283f6751b?s=96&d=mm&r=g","caption":"Blanca S\u00e1nchez"},"url":"https:\/\/www.uaga.eus\/eu\/author\/bsanchez\/"}]}},"_links":{"self":[{"href":"https:\/\/www.uaga.eus\/eu\/wp-json\/wp\/v2\/posts\/6278"}],"collection":[{"href":"https:\/\/www.uaga.eus\/eu\/wp-json\/wp\/v2\/posts"}],"about":[{"href":"https:\/\/www.uaga.eus\/eu\/wp-json\/wp\/v2\/types\/post"}],"author":[{"embeddable":true,"href":"https:\/\/www.uaga.eus\/eu\/wp-json\/wp\/v2\/users\/4"}],"replies":[{"embeddable":true,"href":"https:\/\/www.uaga.eus\/eu\/wp-json\/wp\/v2\/comments?post=6278"}],"version-history":[{"count":2,"href":"https:\/\/www.uaga.eus\/eu\/wp-json\/wp\/v2\/posts\/6278\/revisions"}],"predecessor-version":[{"id":6292,"href":"https:\/\/www.uaga.eus\/eu\/wp-json\/wp\/v2\/posts\/6278\/revisions\/6292"}],"wp:featuredmedia":[{"embeddable":true,"href":"https:\/\/www.uaga.eus\/eu\/wp-json\/wp\/v2\/media\/6274"}],"wp:attachment":[{"href":"https:\/\/www.uaga.eus\/eu\/wp-json\/wp\/v2\/media?parent=6278"}],"wp:term":[{"taxonomy":"category","embeddable":true,"href":"https:\/\/www.uaga.eus\/eu\/wp-json\/wp\/v2\/categories?post=6278"},{"taxonomy":"post_tag","embeddable":true,"href":"https:\/\/www.uaga.eus\/eu\/wp-json\/wp\/v2\/tags?post=6278"}],"curies":[{"name":"wp","href":"https:\/\/api.w.org\/{rel}","templated":true}]}}