{"id":6276,"date":"2019-06-28T11:00:22","date_gmt":"2019-06-28T11:00:22","guid":{"rendered":"https:\/\/www.uaga.eus\/?p=6276"},"modified":"2019-06-28T11:00:22","modified_gmt":"2019-06-28T11:00:22","slug":"ya-esta-en-marcha-el-arbitraje-para-dirimir-el-conflicto-del-ami-de-la-remolacha","status":"publish","type":"post","link":"https:\/\/www.uaga.eus\/eu\/ya-esta-en-marcha-el-arbitraje-para-dirimir-el-conflicto-del-ami-de-la-remolacha\/","title":{"rendered":"Ya est\u00e1 en marcha el arbitraje para dirimir el conflicto del AMI de la remolacha"},"content":{"rendered":"<p>El 11 de junio se reuni\u00f3 la Mesa de Seguimiento Nacional del AMI (Acuerdo Marco \u2008Interprofesional) de la remolacha azucarera. Con esta reuni\u00f3n se certific\u00f3 el inicio del arbitraje para dirimir el conflicto por la rebaja unilateral del precio de la remolacha para la campa\u00f1a 2019-2020. Ser\u00e1 la C\u00e1mara de Comercio de Madrid quien act\u00fae de \u00e1rbitro en este litigio, que se prev\u00e9 que tarde alrededor de 6 meses en emitir su veredicto. Las partes deber\u00e1n acatar lo que establezca el \u00e1rbitro.<\/p>\n<p>Tras esta reuni\u00f3n tambi\u00e9n se procedi\u00f3 a firmar los contratos de remolacha para la campa\u00f1a 2019-2020. Las organizaciones de COAG y la Junta sectorial de \u2008UAGA hab\u00edan acordado no firmar los contratos hasta la celebraci\u00f3n de esta reuni\u00f3n, avisando previamente a la Azucarera. El 19 de junio UAGA\u2008firm\u00f3 los contratos de remolacha, remitiendo adem\u00e1s un burofax a la industria \u00a0dejando claro que, pese a la firma, no est\u00e1 de acuerdo con las condiciones del contrato y la rebaja unilateral del precio de la remolacha.<\/p>\n<p>Por otra parte este mes de junio UAGA tambi\u00e9n ha mantenido una reuni\u00f3n con la directora agr\u00edcola de Azucarera, Salom\u00e9 Santos. En esta reuni\u00f3n se inform\u00f3 sobre la contrataci\u00f3n de la f\u00e1brica, que ha llegado a las 3.106 hect\u00e1reas, de las que el 45% corresponden a \u00c1lava. Los contratos colectivos de UAGA suponen el 35% de las entregas de la f\u00e1brica, con 1.073 hect\u00e1reas. La Azucarera inform\u00f3 de que ha habido una disminuci\u00f3n importante respecto de la campa\u00f1a anterior. Se prev\u00e9 una campa\u00f1a de unos 50-55 d\u00edas y proponen retrasar la apertura de la f\u00e1brica a principios de noviembre. No obstante la decisi\u00f3n se tomar\u00e1 en la mesa de seguimiento de la f\u00e1brica en el mes de septiembre. En la reuni\u00f3n tambi\u00e9n se habl\u00f3 del pr\u00f3ximo AMI, aunque no se lleg\u00f3 a concretar nada. Respecto a la campa\u00f1a 2020-2021, se pidi\u00f3 a Azucarera que antes de septiembre d\u00e9 a conocer las condiciones de contrataci\u00f3n, con el fin de que las explotaciones puedan tomar decisiones sobre su plan de siembras con tiempo suficiente.<\/p>\n<p>+ info: YOLANDA\u00a0 615 779 584<\/p>\n","protected":false},"excerpt":{"rendered":"<p>El 11 de junio se reuni\u00f3 la Mesa de Seguimiento Nacional del AMI (Acuerdo Marco \u2008Interprofesional) de la remolacha azucarera. Con esta reuni\u00f3n se certific\u00f3 el inicio del arbitraje para dirimir el conflicto por la rebaja unilateral del precio de la remolacha para la campa\u00f1a 2019-2020. Ser\u00e1 la C\u00e1mara de Comercio de Madrid quien act\u00fae [&hellip;]<\/p>\n","protected":false},"author":4,"featured_media":2872,"comment_status":"closed","ping_status":"closed","sticky":false,"template":"","format":"standard","meta":{"footnotes":""},"categories":[7],"tags":[],"yoast_head":"<!-- This site is optimized with the Yoast SEO plugin v21.5 - https:\/\/yoast.com\/wordpress\/plugins\/seo\/ -->\n<title>Ya est\u00e1 en marcha el arbitraje para dirimir el conflicto del AMI de la remolacha - UAGA<\/title>\n<meta name=\"robots\" content=\"index, follow, max-snippet:-1, max-image-preview:large, max-video-preview:-1\" \/>\n<link rel=\"canonical\" href=\"https:\/\/www.uaga.eus\/ya-esta-en-marcha-el-arbitraje-para-dirimir-el-conflicto-del-ami-de-la-remolacha\/\" \/>\n<meta property=\"og:locale\" content=\"en_US\" \/>\n<meta property=\"og:type\" content=\"article\" \/>\n<meta property=\"og:title\" content=\"Ya est\u00e1 en marcha el arbitraje para dirimir el conflicto del AMI de la remolacha - UAGA\" \/>\n<meta property=\"og:description\" content=\"El 11 de junio se reuni\u00f3 la Mesa de Seguimiento Nacional del AMI (Acuerdo Marco \u2008Interprofesional) de la remolacha azucarera. Con esta reuni\u00f3n se certific\u00f3 el inicio del arbitraje para dirimir el conflicto por la rebaja unilateral del precio de la remolacha para la campa\u00f1a 2019-2020. Ser\u00e1 la C\u00e1mara de Comercio de Madrid quien act\u00fae [&hellip;]\" \/>\n<meta property=\"og:url\" content=\"https:\/\/www.uaga.eus\/ya-esta-en-marcha-el-arbitraje-para-dirimir-el-conflicto-del-ami-de-la-remolacha\/\" \/>\n<meta property=\"og:site_name\" content=\"UAGA\" \/>\n<meta property=\"article:published_time\" content=\"2019-06-28T11:00:22+00:00\" \/>\n<meta property=\"og:image\" content=\"https:\/\/www.uaga.eus\/wp-content\/uploads\/2018\/05\/remolachas.jpg\" \/>\n\t<meta property=\"og:image:width\" content=\"650\" \/>\n\t<meta property=\"og:image:height\" content=\"330\" \/>\n\t<meta property=\"og:image:type\" content=\"image\/jpeg\" \/>\n<meta name=\"author\" content=\"Blanca S\u00e1nchez\" \/>\n<meta name=\"twitter:card\" content=\"summary_large_image\" \/>\n<meta name=\"twitter:label1\" content=\"Written by\" \/>\n\t<meta name=\"twitter:data1\" content=\"Blanca S\u00e1nchez\" \/>\n\t<meta name=\"twitter:label2\" content=\"Est. reading time\" \/>\n\t<meta name=\"twitter:data2\" content=\"2 minutua\" \/>\n<script type=\"application\/ld+json\" class=\"yoast-schema-graph\">{\"@context\":\"https:\/\/schema.org\",\"@graph\":[{\"@type\":\"WebPage\",\"@id\":\"https:\/\/www.uaga.eus\/ya-esta-en-marcha-el-arbitraje-para-dirimir-el-conflicto-del-ami-de-la-remolacha\/\",\"url\":\"https:\/\/www.uaga.eus\/ya-esta-en-marcha-el-arbitraje-para-dirimir-el-conflicto-del-ami-de-la-remolacha\/\",\"name\":\"Ya est\u00e1 en marcha el arbitraje para dirimir el conflicto del AMI de la remolacha - UAGA\",\"isPartOf\":{\"@id\":\"https:\/\/www.uaga.eus\/#website\"},\"datePublished\":\"2019-06-28T11:00:22+00:00\",\"dateModified\":\"2019-06-28T11:00:22+00:00\",\"author\":{\"@id\":\"https:\/\/www.uaga.eus\/#\/schema\/person\/48c3cbf0f33d1b788226dbb6518689cf\"},\"breadcrumb\":{\"@id\":\"https:\/\/www.uaga.eus\/ya-esta-en-marcha-el-arbitraje-para-dirimir-el-conflicto-del-ami-de-la-remolacha\/#breadcrumb\"},\"inLanguage\":\"eu\",\"potentialAction\":[{\"@type\":\"ReadAction\",\"target\":[\"https:\/\/www.uaga.eus\/ya-esta-en-marcha-el-arbitraje-para-dirimir-el-conflicto-del-ami-de-la-remolacha\/\"]}]},{\"@type\":\"BreadcrumbList\",\"@id\":\"https:\/\/www.uaga.eus\/ya-esta-en-marcha-el-arbitraje-para-dirimir-el-conflicto-del-ami-de-la-remolacha\/#breadcrumb\",\"itemListElement\":[{\"@type\":\"ListItem\",\"position\":1,\"name\":\"Inicio\",\"item\":\"https:\/\/www.uaga.eus\/\"},{\"@type\":\"ListItem\",\"position\":2,\"name\":\"Ya est\u00e1 en marcha el arbitraje para dirimir el conflicto del AMI de la remolacha\"}]},{\"@type\":\"WebSite\",\"@id\":\"https:\/\/www.uaga.eus\/#website\",\"url\":\"https:\/\/www.uaga.eus\/\",\"name\":\"UAGA\",\"description\":\"Uni\u00f3n Agroganadera de \u00c1lava - Araba Nekazarien Elkartea\",\"potentialAction\":[{\"@type\":\"SearchAction\",\"target\":{\"@type\":\"EntryPoint\",\"urlTemplate\":\"https:\/\/www.uaga.eus\/?s={search_term_string}\"},\"query-input\":\"required name=search_term_string\"}],\"inLanguage\":\"eu\"},{\"@type\":\"Person\",\"@id\":\"https:\/\/www.uaga.eus\/#\/schema\/person\/48c3cbf0f33d1b788226dbb6518689cf\",\"name\":\"Blanca S\u00e1nchez\",\"image\":{\"@type\":\"ImageObject\",\"inLanguage\":\"eu\",\"@id\":\"https:\/\/www.uaga.eus\/#\/schema\/person\/image\/\",\"url\":\"https:\/\/secure.gravatar.com\/avatar\/0dc91c20648254b1ce84877283f6751b?s=96&d=mm&r=g\",\"contentUrl\":\"https:\/\/secure.gravatar.com\/avatar\/0dc91c20648254b1ce84877283f6751b?s=96&d=mm&r=g\",\"caption\":\"Blanca S\u00e1nchez\"},\"url\":\"https:\/\/www.uaga.eus\/eu\/author\/bsanchez\/\"}]}<\/script>\n<!-- \/ Yoast SEO plugin. -->","yoast_head_json":{"title":"Ya est\u00e1 en marcha el arbitraje para dirimir el conflicto del AMI de la remolacha - UAGA","robots":{"index":"index","follow":"follow","max-snippet":"max-snippet:-1","max-image-preview":"max-image-preview:large","max-video-preview":"max-video-preview:-1"},"canonical":"https:\/\/www.uaga.eus\/ya-esta-en-marcha-el-arbitraje-para-dirimir-el-conflicto-del-ami-de-la-remolacha\/","og_locale":"en_US","og_type":"article","og_title":"Ya est\u00e1 en marcha el arbitraje para dirimir el conflicto del AMI de la remolacha - UAGA","og_description":"El 11 de junio se reuni\u00f3 la Mesa de Seguimiento Nacional del AMI (Acuerdo Marco \u2008Interprofesional) de la remolacha azucarera. Con esta reuni\u00f3n se certific\u00f3 el inicio del arbitraje para dirimir el conflicto por la rebaja unilateral del precio de la remolacha para la campa\u00f1a 2019-2020. Ser\u00e1 la C\u00e1mara de Comercio de Madrid quien act\u00fae [&hellip;]","og_url":"https:\/\/www.uaga.eus\/ya-esta-en-marcha-el-arbitraje-para-dirimir-el-conflicto-del-ami-de-la-remolacha\/","og_site_name":"UAGA","article_published_time":"2019-06-28T11:00:22+00:00","og_image":[{"width":650,"height":330,"url":"https:\/\/www.uaga.eus\/wp-content\/uploads\/2018\/05\/remolachas.jpg","type":"image\/jpeg"}],"author":"Blanca S\u00e1nchez","twitter_card":"summary_large_image","twitter_misc":{"Written by":"Blanca S\u00e1nchez","Est. reading time":"2 minutua"},"schema":{"@context":"https:\/\/schema.org","@graph":[{"@type":"WebPage","@id":"https:\/\/www.uaga.eus\/ya-esta-en-marcha-el-arbitraje-para-dirimir-el-conflicto-del-ami-de-la-remolacha\/","url":"https:\/\/www.uaga.eus\/ya-esta-en-marcha-el-arbitraje-para-dirimir-el-conflicto-del-ami-de-la-remolacha\/","name":"Ya est\u00e1 en marcha el arbitraje para dirimir el conflicto del AMI de la remolacha - UAGA","isPartOf":{"@id":"https:\/\/www.uaga.eus\/#website"},"datePublished":"2019-06-28T11:00:22+00:00","dateModified":"2019-06-28T11:00:22+00:00","author":{"@id":"https:\/\/www.uaga.eus\/#\/schema\/person\/48c3cbf0f33d1b788226dbb6518689cf"},"breadcrumb":{"@id":"https:\/\/www.uaga.eus\/ya-esta-en-marcha-el-arbitraje-para-dirimir-el-conflicto-del-ami-de-la-remolacha\/#breadcrumb"},"inLanguage":"eu","potentialAction":[{"@type":"ReadAction","target":["https:\/\/www.uaga.eus\/ya-esta-en-marcha-el-arbitraje-para-dirimir-el-conflicto-del-ami-de-la-remolacha\/"]}]},{"@type":"BreadcrumbList","@id":"https:\/\/www.uaga.eus\/ya-esta-en-marcha-el-arbitraje-para-dirimir-el-conflicto-del-ami-de-la-remolacha\/#breadcrumb","itemListElement":[{"@type":"ListItem","position":1,"name":"Inicio","item":"https:\/\/www.uaga.eus\/"},{"@type":"ListItem","position":2,"name":"Ya est\u00e1 en marcha el arbitraje para dirimir el conflicto del AMI de la remolacha"}]},{"@type":"WebSite","@id":"https:\/\/www.uaga.eus\/#website","url":"https:\/\/www.uaga.eus\/","name":"UAGA","description":"Uni\u00f3n Agroganadera de \u00c1lava - Araba Nekazarien Elkartea","potentialAction":[{"@type":"SearchAction","target":{"@type":"EntryPoint","urlTemplate":"https:\/\/www.uaga.eus\/?s={search_term_string}"},"query-input":"required name=search_term_string"}],"inLanguage":"eu"},{"@type":"Person","@id":"https:\/\/www.uaga.eus\/#\/schema\/person\/48c3cbf0f33d1b788226dbb6518689cf","name":"Blanca S\u00e1nchez","image":{"@type":"ImageObject","inLanguage":"eu","@id":"https:\/\/www.uaga.eus\/#\/schema\/person\/image\/","url":"https:\/\/secure.gravatar.com\/avatar\/0dc91c20648254b1ce84877283f6751b?s=96&d=mm&r=g","contentUrl":"https:\/\/secure.gravatar.com\/avatar\/0dc91c20648254b1ce84877283f6751b?s=96&d=mm&r=g","caption":"Blanca S\u00e1nchez"},"url":"https:\/\/www.uaga.eus\/eu\/author\/bsanchez\/"}]}},"_links":{"self":[{"href":"https:\/\/www.uaga.eus\/eu\/wp-json\/wp\/v2\/posts\/6276"}],"collection":[{"href":"https:\/\/www.uaga.eus\/eu\/wp-json\/wp\/v2\/posts"}],"about":[{"href":"https:\/\/www.uaga.eus\/eu\/wp-json\/wp\/v2\/types\/post"}],"author":[{"embeddable":true,"href":"https:\/\/www.uaga.eus\/eu\/wp-json\/wp\/v2\/users\/4"}],"replies":[{"embeddable":true,"href":"https:\/\/www.uaga.eus\/eu\/wp-json\/wp\/v2\/comments?post=6276"}],"version-history":[{"count":1,"href":"https:\/\/www.uaga.eus\/eu\/wp-json\/wp\/v2\/posts\/6276\/revisions"}],"predecessor-version":[{"id":6277,"href":"https:\/\/www.uaga.eus\/eu\/wp-json\/wp\/v2\/posts\/6276\/revisions\/6277"}],"wp:featuredmedia":[{"embeddable":true,"href":"https:\/\/www.uaga.eus\/eu\/wp-json\/wp\/v2\/media\/2872"}],"wp:attachment":[{"href":"https:\/\/www.uaga.eus\/eu\/wp-json\/wp\/v2\/media?parent=6276"}],"wp:term":[{"taxonomy":"category","embeddable":true,"href":"https:\/\/www.uaga.eus\/eu\/wp-json\/wp\/v2\/categories?post=6276"},{"taxonomy":"post_tag","embeddable":true,"href":"https:\/\/www.uaga.eus\/eu\/wp-json\/wp\/v2\/tags?post=6276"}],"curies":[{"name":"wp","href":"https:\/\/api.w.org\/{rel}","templated":true}]}}