{"id":6272,"date":"2019-06-28T10:58:34","date_gmt":"2019-06-28T10:58:34","guid":{"rendered":"https:\/\/www.uaga.eus\/?p=6272"},"modified":"2019-06-28T11:05:35","modified_gmt":"2019-06-28T11:05:35","slug":"uaga-visita-a-la-finca-experimental-de-cultivos-ecologicos-de-eskalmendi","status":"publish","type":"post","link":"https:\/\/www.uaga.eus\/eu\/uaga-visita-a-la-finca-experimental-de-cultivos-ecologicos-de-eskalmendi\/","title":{"rendered":"UAGA visita a la finca experimental de cultivos ecol\u00f3gicos de Eskalmendi"},"content":{"rendered":"<p>El pasado martes la Diputaci\u00f3n organiz\u00f3 una visita a los ensayos agron\u00f3micos en producci\u00f3n ecol\u00f3gica en la finca experimental de Eskalmendi en la que colabora UAGA. Se pudo comprobar el desarrollo de los distintos ensayos antes de la \u00e9poca de cosecha, donde los cultivos se distribuyen en 5 grupos: abonos verdes, cereales con aptitud panificable, forrajes anuales, forrajes plurianuales y cereales de oto\u00f1o y primavera.<\/p>\n<p>El objetivo de la finca de Eskalmendi se centra en experimentar para que las personas agricultoras vean las experiencias en campo, ayudando en la elecci\u00f3n de variedades, manejo y cultivos a implantar en cada explotaci\u00f3n.<\/p>\n<p>Os recordamos que la finca de Eskalmendi est\u00e1 abierta a todas las personas interesadas en seguir la evoluci\u00f3n de los cultivos.<\/p>\n<p>+ info SUGOI: 675 707 696<\/p>\n","protected":false},"excerpt":{"rendered":"<p>El pasado martes la Diputaci\u00f3n organiz\u00f3 una visita a los ensayos agron\u00f3micos en producci\u00f3n ecol\u00f3gica en la finca experimental de Eskalmendi en la que colabora UAGA. Se pudo comprobar el desarrollo de los distintos ensayos antes de la \u00e9poca de cosecha, donde los cultivos se distribuyen en 5 grupos: abonos verdes, cereales con aptitud panificable, [&hellip;]<\/p>\n","protected":false},"author":4,"featured_media":6273,"comment_status":"closed","ping_status":"closed","sticky":false,"template":"","format":"standard","meta":{"footnotes":""},"categories":[10],"tags":[],"yoast_head":"<!-- This site is optimized with the Yoast SEO plugin v21.5 - https:\/\/yoast.com\/wordpress\/plugins\/seo\/ -->\n<title>UAGA visita a la finca experimental de cultivos ecol\u00f3gicos de Eskalmendi - UAGA<\/title>\n<meta name=\"robots\" content=\"index, follow, max-snippet:-1, max-image-preview:large, max-video-preview:-1\" \/>\n<link rel=\"canonical\" href=\"https:\/\/www.uaga.eus\/uaga-visita-a-la-finca-experimental-de-cultivos-ecologicos-de-eskalmendi\/\" \/>\n<meta property=\"og:locale\" content=\"en_US\" \/>\n<meta property=\"og:type\" content=\"article\" \/>\n<meta property=\"og:title\" content=\"UAGA visita a la finca experimental de cultivos ecol\u00f3gicos de Eskalmendi - UAGA\" \/>\n<meta property=\"og:description\" content=\"El pasado martes la Diputaci\u00f3n organiz\u00f3 una visita a los ensayos agron\u00f3micos en producci\u00f3n ecol\u00f3gica en la finca experimental de Eskalmendi en la que colabora UAGA. Se pudo comprobar el desarrollo de los distintos ensayos antes de la \u00e9poca de cosecha, donde los cultivos se distribuyen en 5 grupos: abonos verdes, cereales con aptitud panificable, [&hellip;]\" \/>\n<meta property=\"og:url\" content=\"https:\/\/www.uaga.eus\/uaga-visita-a-la-finca-experimental-de-cultivos-ecologicos-de-eskalmendi\/\" \/>\n<meta property=\"og:site_name\" content=\"UAGA\" \/>\n<meta property=\"article:published_time\" content=\"2019-06-28T10:58:34+00:00\" \/>\n<meta property=\"article:modified_time\" content=\"2019-06-28T11:05:35+00:00\" \/>\n<meta property=\"og:image\" content=\"https:\/\/www.uaga.eus\/wp-content\/uploads\/2019\/06\/IMG_20190625_132607_1-1024x576.jpg\" \/>\n\t<meta property=\"og:image:width\" content=\"1024\" \/>\n\t<meta property=\"og:image:height\" content=\"576\" \/>\n\t<meta property=\"og:image:type\" content=\"image\/jpeg\" \/>\n<meta name=\"author\" content=\"Blanca S\u00e1nchez\" \/>\n<meta name=\"twitter:card\" content=\"summary_large_image\" \/>\n<meta name=\"twitter:label1\" content=\"Written by\" \/>\n\t<meta name=\"twitter:data1\" content=\"Blanca S\u00e1nchez\" \/>\n\t<meta name=\"twitter:label2\" content=\"Est. reading time\" \/>\n\t<meta name=\"twitter:data2\" content=\"1 minutua\" \/>\n<script type=\"application\/ld+json\" class=\"yoast-schema-graph\">{\"@context\":\"https:\/\/schema.org\",\"@graph\":[{\"@type\":\"WebPage\",\"@id\":\"https:\/\/www.uaga.eus\/uaga-visita-a-la-finca-experimental-de-cultivos-ecologicos-de-eskalmendi\/\",\"url\":\"https:\/\/www.uaga.eus\/uaga-visita-a-la-finca-experimental-de-cultivos-ecologicos-de-eskalmendi\/\",\"name\":\"UAGA visita a la finca experimental de cultivos ecol\u00f3gicos de Eskalmendi - UAGA\",\"isPartOf\":{\"@id\":\"https:\/\/www.uaga.eus\/#website\"},\"datePublished\":\"2019-06-28T10:58:34+00:00\",\"dateModified\":\"2019-06-28T11:05:35+00:00\",\"author\":{\"@id\":\"https:\/\/www.uaga.eus\/#\/schema\/person\/48c3cbf0f33d1b788226dbb6518689cf\"},\"breadcrumb\":{\"@id\":\"https:\/\/www.uaga.eus\/uaga-visita-a-la-finca-experimental-de-cultivos-ecologicos-de-eskalmendi\/#breadcrumb\"},\"inLanguage\":\"eu\",\"potentialAction\":[{\"@type\":\"ReadAction\",\"target\":[\"https:\/\/www.uaga.eus\/uaga-visita-a-la-finca-experimental-de-cultivos-ecologicos-de-eskalmendi\/\"]}]},{\"@type\":\"BreadcrumbList\",\"@id\":\"https:\/\/www.uaga.eus\/uaga-visita-a-la-finca-experimental-de-cultivos-ecologicos-de-eskalmendi\/#breadcrumb\",\"itemListElement\":[{\"@type\":\"ListItem\",\"position\":1,\"name\":\"Inicio\",\"item\":\"https:\/\/www.uaga.eus\/\"},{\"@type\":\"ListItem\",\"position\":2,\"name\":\"UAGA visita a la finca experimental de cultivos ecol\u00f3gicos de Eskalmendi\"}]},{\"@type\":\"WebSite\",\"@id\":\"https:\/\/www.uaga.eus\/#website\",\"url\":\"https:\/\/www.uaga.eus\/\",\"name\":\"UAGA\",\"description\":\"Uni\u00f3n Agroganadera de \u00c1lava - Araba Nekazarien Elkartea\",\"potentialAction\":[{\"@type\":\"SearchAction\",\"target\":{\"@type\":\"EntryPoint\",\"urlTemplate\":\"https:\/\/www.uaga.eus\/?s={search_term_string}\"},\"query-input\":\"required name=search_term_string\"}],\"inLanguage\":\"eu\"},{\"@type\":\"Person\",\"@id\":\"https:\/\/www.uaga.eus\/#\/schema\/person\/48c3cbf0f33d1b788226dbb6518689cf\",\"name\":\"Blanca S\u00e1nchez\",\"image\":{\"@type\":\"ImageObject\",\"inLanguage\":\"eu\",\"@id\":\"https:\/\/www.uaga.eus\/#\/schema\/person\/image\/\",\"url\":\"https:\/\/secure.gravatar.com\/avatar\/0dc91c20648254b1ce84877283f6751b?s=96&d=mm&r=g\",\"contentUrl\":\"https:\/\/secure.gravatar.com\/avatar\/0dc91c20648254b1ce84877283f6751b?s=96&d=mm&r=g\",\"caption\":\"Blanca S\u00e1nchez\"},\"url\":\"https:\/\/www.uaga.eus\/eu\/author\/bsanchez\/\"}]}<\/script>\n<!-- \/ Yoast SEO plugin. -->","yoast_head_json":{"title":"UAGA visita a la finca experimental de cultivos ecol\u00f3gicos de Eskalmendi - UAGA","robots":{"index":"index","follow":"follow","max-snippet":"max-snippet:-1","max-image-preview":"max-image-preview:large","max-video-preview":"max-video-preview:-1"},"canonical":"https:\/\/www.uaga.eus\/uaga-visita-a-la-finca-experimental-de-cultivos-ecologicos-de-eskalmendi\/","og_locale":"en_US","og_type":"article","og_title":"UAGA visita a la finca experimental de cultivos ecol\u00f3gicos de Eskalmendi - UAGA","og_description":"El pasado martes la Diputaci\u00f3n organiz\u00f3 una visita a los ensayos agron\u00f3micos en producci\u00f3n ecol\u00f3gica en la finca experimental de Eskalmendi en la que colabora UAGA. Se pudo comprobar el desarrollo de los distintos ensayos antes de la \u00e9poca de cosecha, donde los cultivos se distribuyen en 5 grupos: abonos verdes, cereales con aptitud panificable, [&hellip;]","og_url":"https:\/\/www.uaga.eus\/uaga-visita-a-la-finca-experimental-de-cultivos-ecologicos-de-eskalmendi\/","og_site_name":"UAGA","article_published_time":"2019-06-28T10:58:34+00:00","article_modified_time":"2019-06-28T11:05:35+00:00","og_image":[{"width":1024,"height":576,"url":"https:\/\/www.uaga.eus\/wp-content\/uploads\/2019\/06\/IMG_20190625_132607_1-1024x576.jpg","type":"image\/jpeg"}],"author":"Blanca S\u00e1nchez","twitter_card":"summary_large_image","twitter_misc":{"Written by":"Blanca S\u00e1nchez","Est. reading time":"1 minutua"},"schema":{"@context":"https:\/\/schema.org","@graph":[{"@type":"WebPage","@id":"https:\/\/www.uaga.eus\/uaga-visita-a-la-finca-experimental-de-cultivos-ecologicos-de-eskalmendi\/","url":"https:\/\/www.uaga.eus\/uaga-visita-a-la-finca-experimental-de-cultivos-ecologicos-de-eskalmendi\/","name":"UAGA visita a la finca experimental de cultivos ecol\u00f3gicos de Eskalmendi - UAGA","isPartOf":{"@id":"https:\/\/www.uaga.eus\/#website"},"datePublished":"2019-06-28T10:58:34+00:00","dateModified":"2019-06-28T11:05:35+00:00","author":{"@id":"https:\/\/www.uaga.eus\/#\/schema\/person\/48c3cbf0f33d1b788226dbb6518689cf"},"breadcrumb":{"@id":"https:\/\/www.uaga.eus\/uaga-visita-a-la-finca-experimental-de-cultivos-ecologicos-de-eskalmendi\/#breadcrumb"},"inLanguage":"eu","potentialAction":[{"@type":"ReadAction","target":["https:\/\/www.uaga.eus\/uaga-visita-a-la-finca-experimental-de-cultivos-ecologicos-de-eskalmendi\/"]}]},{"@type":"BreadcrumbList","@id":"https:\/\/www.uaga.eus\/uaga-visita-a-la-finca-experimental-de-cultivos-ecologicos-de-eskalmendi\/#breadcrumb","itemListElement":[{"@type":"ListItem","position":1,"name":"Inicio","item":"https:\/\/www.uaga.eus\/"},{"@type":"ListItem","position":2,"name":"UAGA visita a la finca experimental de cultivos ecol\u00f3gicos de Eskalmendi"}]},{"@type":"WebSite","@id":"https:\/\/www.uaga.eus\/#website","url":"https:\/\/www.uaga.eus\/","name":"UAGA","description":"Uni\u00f3n Agroganadera de \u00c1lava - Araba Nekazarien Elkartea","potentialAction":[{"@type":"SearchAction","target":{"@type":"EntryPoint","urlTemplate":"https:\/\/www.uaga.eus\/?s={search_term_string}"},"query-input":"required name=search_term_string"}],"inLanguage":"eu"},{"@type":"Person","@id":"https:\/\/www.uaga.eus\/#\/schema\/person\/48c3cbf0f33d1b788226dbb6518689cf","name":"Blanca S\u00e1nchez","image":{"@type":"ImageObject","inLanguage":"eu","@id":"https:\/\/www.uaga.eus\/#\/schema\/person\/image\/","url":"https:\/\/secure.gravatar.com\/avatar\/0dc91c20648254b1ce84877283f6751b?s=96&d=mm&r=g","contentUrl":"https:\/\/secure.gravatar.com\/avatar\/0dc91c20648254b1ce84877283f6751b?s=96&d=mm&r=g","caption":"Blanca S\u00e1nchez"},"url":"https:\/\/www.uaga.eus\/eu\/author\/bsanchez\/"}]}},"_links":{"self":[{"href":"https:\/\/www.uaga.eus\/eu\/wp-json\/wp\/v2\/posts\/6272"}],"collection":[{"href":"https:\/\/www.uaga.eus\/eu\/wp-json\/wp\/v2\/posts"}],"about":[{"href":"https:\/\/www.uaga.eus\/eu\/wp-json\/wp\/v2\/types\/post"}],"author":[{"embeddable":true,"href":"https:\/\/www.uaga.eus\/eu\/wp-json\/wp\/v2\/users\/4"}],"replies":[{"embeddable":true,"href":"https:\/\/www.uaga.eus\/eu\/wp-json\/wp\/v2\/comments?post=6272"}],"version-history":[{"count":4,"href":"https:\/\/www.uaga.eus\/eu\/wp-json\/wp\/v2\/posts\/6272\/revisions"}],"predecessor-version":[{"id":6285,"href":"https:\/\/www.uaga.eus\/eu\/wp-json\/wp\/v2\/posts\/6272\/revisions\/6285"}],"wp:featuredmedia":[{"embeddable":true,"href":"https:\/\/www.uaga.eus\/eu\/wp-json\/wp\/v2\/media\/6273"}],"wp:attachment":[{"href":"https:\/\/www.uaga.eus\/eu\/wp-json\/wp\/v2\/media?parent=6272"}],"wp:term":[{"taxonomy":"category","embeddable":true,"href":"https:\/\/www.uaga.eus\/eu\/wp-json\/wp\/v2\/categories?post=6272"},{"taxonomy":"post_tag","embeddable":true,"href":"https:\/\/www.uaga.eus\/eu\/wp-json\/wp\/v2\/tags?post=6272"}],"curies":[{"name":"wp","href":"https:\/\/api.w.org\/{rel}","templated":true}]}}