{"id":6269,"date":"2019-06-28T10:56:55","date_gmt":"2019-06-28T10:56:55","guid":{"rendered":"https:\/\/www.uaga.eus\/?p=6269"},"modified":"2019-06-28T13:31:44","modified_gmt":"2019-06-28T13:31:44","slug":"diputacion-pone-en-marcha-un-plan-de-bioseguridad-en-las-explotaciones-de-porcino","status":"publish","type":"post","link":"https:\/\/www.uaga.eus\/eu\/diputacion-pone-en-marcha-un-plan-de-bioseguridad-en-las-explotaciones-de-porcino\/","title":{"rendered":"Diputaci\u00f3n pone en marcha un plan de bioseguridad en las explotaciones de porcino"},"content":{"rendered":"<p>El servicio de ganader\u00eda de Diputaci\u00f3n ha presentado las conclusiones de la encuesta que ha realizado sobre bioseguridad en las explotaciones porcinas de \u00c1lava, de las que se han excluido las de autoconsumo y las de tama\u00f1o reducido.<\/p>\n<p>Para ello ha convocado a aquellas explotaciones susceptibles de control y mejora, informando sobre la obligaci\u00f3n de presentar a Diputaci\u00f3n, <strong>antes del 1 de agosto de 2019,<\/strong> un programa individualizado de medidas para la adecuaci\u00f3n de la explotaci\u00f3n a la normativa sectorial, especialmente al <a href=\"https:\/\/www.boe.es\/buscar\/doc.php?id=BOE-A-2000-4447\" target=\"_blank\" rel=\"noopener\" data-cke-saved-href=\"https:\/\/www.boe.es\/buscar\/doc.php?id=BOE-A-2000-4447\">Real Decreto 324\/2000<\/a> sobre normas b\u00e1sicas de ordenaci\u00f3n de explotaciones porcinas.<\/p>\n<p>Por otra parte, el Ministerio de Agricultura ha presentado el <a href=\"https:\/\/gallery.mailchimp.com\/498b950ccfc4b8d0e600d7e48\/files\/eeedf8e5-845d-48ef-844f-b6b401bb387b\/INFORME_CONSUMO_CARNE_DE_CERDO_.pdf\" target=\"_blank\" rel=\"noopener\" data-cke-saved-href=\"https:\/\/gallery.mailchimp.com\/498b950ccfc4b8d0e600d7e48\/files\/eeedf8e5-845d-48ef-844f-b6b401bb387b\/INFORME_CONSUMO_CARNE_DE_CERDO_.pdf\">informe<\/a> de consumo de carne de porcino, en el que se destaca la reducci\u00f3n del consumo de carne fresca de cerdo en un 2% y el aumento del precio en un 1,2%.<\/p>\n<p>+ info: GUSTAVO 635 704 865<\/p>","protected":false},"excerpt":{"rendered":"<p>El servicio de ganader\u00eda de Diputaci\u00f3n ha presentado las conclusiones de la encuesta que ha realizado sobre bioseguridad en las explotaciones porcinas de \u00c1lava, de las que se han excluido las de autoconsumo y las de tama\u00f1o reducido. Para ello ha convocado a aquellas explotaciones susceptibles de control y mejora, informando sobre la obligaci\u00f3n de [&hellip;]<\/p>\n","protected":false},"author":4,"featured_media":6270,"comment_status":"closed","ping_status":"closed","sticky":false,"template":"","format":"standard","meta":{"footnotes":""},"categories":[8],"tags":[],"yoast_head":"<!-- This site is optimized with the Yoast SEO plugin v21.5 - https:\/\/yoast.com\/wordpress\/plugins\/seo\/ -->\n<title>Diputaci\u00f3n pone en marcha un plan de bioseguridad en las explotaciones de porcino - UAGA<\/title>\n<meta name=\"robots\" content=\"index, follow, max-snippet:-1, max-image-preview:large, max-video-preview:-1\" \/>\n<link rel=\"canonical\" href=\"https:\/\/www.uaga.eus\/eu\/diputacion-pone-en-marcha-un-plan-de-bioseguridad-en-las-explotaciones-de-porcino\/\" \/>\n<meta property=\"og:locale\" content=\"en_US\" \/>\n<meta property=\"og:type\" content=\"article\" \/>\n<meta property=\"og:title\" content=\"Diputaci\u00f3n pone en marcha un plan de bioseguridad en las explotaciones de porcino - UAGA\" \/>\n<meta property=\"og:description\" content=\"El servicio de ganader\u00eda de Diputaci\u00f3n ha presentado las conclusiones de la encuesta que ha realizado sobre bioseguridad en las explotaciones porcinas de \u00c1lava, de las que se han excluido las de autoconsumo y las de tama\u00f1o reducido. Para ello ha convocado a aquellas explotaciones susceptibles de control y mejora, informando sobre la obligaci\u00f3n de [&hellip;]\" \/>\n<meta property=\"og:url\" content=\"https:\/\/www.uaga.eus\/eu\/diputacion-pone-en-marcha-un-plan-de-bioseguridad-en-las-explotaciones-de-porcino\/\" \/>\n<meta property=\"og:site_name\" content=\"UAGA\" \/>\n<meta property=\"article:published_time\" content=\"2019-06-28T10:56:55+00:00\" \/>\n<meta property=\"article:modified_time\" content=\"2019-06-28T13:31:44+00:00\" \/>\n<meta property=\"og:image\" content=\"https:\/\/www.uaga.eus\/wp-content\/uploads\/2019\/06\/cerda-amamantando.jpg\" \/>\n\t<meta property=\"og:image:width\" content=\"650\" \/>\n\t<meta property=\"og:image:height\" content=\"343\" \/>\n\t<meta property=\"og:image:type\" content=\"image\/jpeg\" \/>\n<meta name=\"author\" content=\"Blanca S\u00e1nchez\" \/>\n<meta name=\"twitter:card\" content=\"summary_large_image\" \/>\n<meta name=\"twitter:label1\" content=\"Written by\" \/>\n\t<meta name=\"twitter:data1\" content=\"Blanca S\u00e1nchez\" \/>\n\t<meta name=\"twitter:label2\" content=\"Est. reading time\" \/>\n\t<meta name=\"twitter:data2\" content=\"1 minutua\" \/>\n<script type=\"application\/ld+json\" class=\"yoast-schema-graph\">{\"@context\":\"https:\/\/schema.org\",\"@graph\":[{\"@type\":\"WebPage\",\"@id\":\"https:\/\/www.uaga.eus\/eu\/diputacion-pone-en-marcha-un-plan-de-bioseguridad-en-las-explotaciones-de-porcino\/\",\"url\":\"https:\/\/www.uaga.eus\/eu\/diputacion-pone-en-marcha-un-plan-de-bioseguridad-en-las-explotaciones-de-porcino\/\",\"name\":\"Diputaci\u00f3n pone en marcha un plan de bioseguridad en las explotaciones de porcino - UAGA\",\"isPartOf\":{\"@id\":\"https:\/\/www.uaga.eus\/#website\"},\"datePublished\":\"2019-06-28T10:56:55+00:00\",\"dateModified\":\"2019-06-28T13:31:44+00:00\",\"author\":{\"@id\":\"https:\/\/www.uaga.eus\/#\/schema\/person\/48c3cbf0f33d1b788226dbb6518689cf\"},\"breadcrumb\":{\"@id\":\"https:\/\/www.uaga.eus\/eu\/diputacion-pone-en-marcha-un-plan-de-bioseguridad-en-las-explotaciones-de-porcino\/#breadcrumb\"},\"inLanguage\":\"eu\",\"potentialAction\":[{\"@type\":\"ReadAction\",\"target\":[\"https:\/\/www.uaga.eus\/eu\/diputacion-pone-en-marcha-un-plan-de-bioseguridad-en-las-explotaciones-de-porcino\/\"]}]},{\"@type\":\"BreadcrumbList\",\"@id\":\"https:\/\/www.uaga.eus\/eu\/diputacion-pone-en-marcha-un-plan-de-bioseguridad-en-las-explotaciones-de-porcino\/#breadcrumb\",\"itemListElement\":[{\"@type\":\"ListItem\",\"position\":1,\"name\":\"Inicio\",\"item\":\"https:\/\/www.uaga.eus\/\"},{\"@type\":\"ListItem\",\"position\":2,\"name\":\"Diputaci\u00f3n pone en marcha un plan de bioseguridad en las explotaciones de porcino\"}]},{\"@type\":\"WebSite\",\"@id\":\"https:\/\/www.uaga.eus\/#website\",\"url\":\"https:\/\/www.uaga.eus\/\",\"name\":\"UAGA\",\"description\":\"Uni\u00f3n Agroganadera de \u00c1lava - Araba Nekazarien Elkartea\",\"potentialAction\":[{\"@type\":\"SearchAction\",\"target\":{\"@type\":\"EntryPoint\",\"urlTemplate\":\"https:\/\/www.uaga.eus\/?s={search_term_string}\"},\"query-input\":\"required name=search_term_string\"}],\"inLanguage\":\"eu\"},{\"@type\":\"Person\",\"@id\":\"https:\/\/www.uaga.eus\/#\/schema\/person\/48c3cbf0f33d1b788226dbb6518689cf\",\"name\":\"Blanca S\u00e1nchez\",\"image\":{\"@type\":\"ImageObject\",\"inLanguage\":\"eu\",\"@id\":\"https:\/\/www.uaga.eus\/#\/schema\/person\/image\/\",\"url\":\"https:\/\/secure.gravatar.com\/avatar\/0dc91c20648254b1ce84877283f6751b?s=96&d=mm&r=g\",\"contentUrl\":\"https:\/\/secure.gravatar.com\/avatar\/0dc91c20648254b1ce84877283f6751b?s=96&d=mm&r=g\",\"caption\":\"Blanca S\u00e1nchez\"},\"url\":\"https:\/\/www.uaga.eus\/eu\/author\/bsanchez\/\"}]}<\/script>\n<!-- \/ Yoast SEO plugin. -->","yoast_head_json":{"title":"Diputaci\u00f3n pone en marcha un plan de bioseguridad en las explotaciones de porcino - UAGA","robots":{"index":"index","follow":"follow","max-snippet":"max-snippet:-1","max-image-preview":"max-image-preview:large","max-video-preview":"max-video-preview:-1"},"canonical":"https:\/\/www.uaga.eus\/eu\/diputacion-pone-en-marcha-un-plan-de-bioseguridad-en-las-explotaciones-de-porcino\/","og_locale":"en_US","og_type":"article","og_title":"Diputaci\u00f3n pone en marcha un plan de bioseguridad en las explotaciones de porcino - UAGA","og_description":"El servicio de ganader\u00eda de Diputaci\u00f3n ha presentado las conclusiones de la encuesta que ha realizado sobre bioseguridad en las explotaciones porcinas de \u00c1lava, de las que se han excluido las de autoconsumo y las de tama\u00f1o reducido. Para ello ha convocado a aquellas explotaciones susceptibles de control y mejora, informando sobre la obligaci\u00f3n de [&hellip;]","og_url":"https:\/\/www.uaga.eus\/eu\/diputacion-pone-en-marcha-un-plan-de-bioseguridad-en-las-explotaciones-de-porcino\/","og_site_name":"UAGA","article_published_time":"2019-06-28T10:56:55+00:00","article_modified_time":"2019-06-28T13:31:44+00:00","og_image":[{"width":650,"height":343,"url":"https:\/\/www.uaga.eus\/wp-content\/uploads\/2019\/06\/cerda-amamantando.jpg","type":"image\/jpeg"}],"author":"Blanca S\u00e1nchez","twitter_card":"summary_large_image","twitter_misc":{"Written by":"Blanca S\u00e1nchez","Est. reading time":"1 minutua"},"schema":{"@context":"https:\/\/schema.org","@graph":[{"@type":"WebPage","@id":"https:\/\/www.uaga.eus\/eu\/diputacion-pone-en-marcha-un-plan-de-bioseguridad-en-las-explotaciones-de-porcino\/","url":"https:\/\/www.uaga.eus\/eu\/diputacion-pone-en-marcha-un-plan-de-bioseguridad-en-las-explotaciones-de-porcino\/","name":"Diputaci\u00f3n pone en marcha un plan de bioseguridad en las explotaciones de porcino - UAGA","isPartOf":{"@id":"https:\/\/www.uaga.eus\/#website"},"datePublished":"2019-06-28T10:56:55+00:00","dateModified":"2019-06-28T13:31:44+00:00","author":{"@id":"https:\/\/www.uaga.eus\/#\/schema\/person\/48c3cbf0f33d1b788226dbb6518689cf"},"breadcrumb":{"@id":"https:\/\/www.uaga.eus\/eu\/diputacion-pone-en-marcha-un-plan-de-bioseguridad-en-las-explotaciones-de-porcino\/#breadcrumb"},"inLanguage":"eu","potentialAction":[{"@type":"ReadAction","target":["https:\/\/www.uaga.eus\/eu\/diputacion-pone-en-marcha-un-plan-de-bioseguridad-en-las-explotaciones-de-porcino\/"]}]},{"@type":"BreadcrumbList","@id":"https:\/\/www.uaga.eus\/eu\/diputacion-pone-en-marcha-un-plan-de-bioseguridad-en-las-explotaciones-de-porcino\/#breadcrumb","itemListElement":[{"@type":"ListItem","position":1,"name":"Inicio","item":"https:\/\/www.uaga.eus\/"},{"@type":"ListItem","position":2,"name":"Diputaci\u00f3n pone en marcha un plan de bioseguridad en las explotaciones de porcino"}]},{"@type":"WebSite","@id":"https:\/\/www.uaga.eus\/#website","url":"https:\/\/www.uaga.eus\/","name":"UAGA","description":"Uni\u00f3n Agroganadera de \u00c1lava - Araba Nekazarien Elkartea","potentialAction":[{"@type":"SearchAction","target":{"@type":"EntryPoint","urlTemplate":"https:\/\/www.uaga.eus\/?s={search_term_string}"},"query-input":"required name=search_term_string"}],"inLanguage":"eu"},{"@type":"Person","@id":"https:\/\/www.uaga.eus\/#\/schema\/person\/48c3cbf0f33d1b788226dbb6518689cf","name":"Blanca S\u00e1nchez","image":{"@type":"ImageObject","inLanguage":"eu","@id":"https:\/\/www.uaga.eus\/#\/schema\/person\/image\/","url":"https:\/\/secure.gravatar.com\/avatar\/0dc91c20648254b1ce84877283f6751b?s=96&d=mm&r=g","contentUrl":"https:\/\/secure.gravatar.com\/avatar\/0dc91c20648254b1ce84877283f6751b?s=96&d=mm&r=g","caption":"Blanca S\u00e1nchez"},"url":"https:\/\/www.uaga.eus\/eu\/author\/bsanchez\/"}]}},"_links":{"self":[{"href":"https:\/\/www.uaga.eus\/eu\/wp-json\/wp\/v2\/posts\/6269"}],"collection":[{"href":"https:\/\/www.uaga.eus\/eu\/wp-json\/wp\/v2\/posts"}],"about":[{"href":"https:\/\/www.uaga.eus\/eu\/wp-json\/wp\/v2\/types\/post"}],"author":[{"embeddable":true,"href":"https:\/\/www.uaga.eus\/eu\/wp-json\/wp\/v2\/users\/4"}],"replies":[{"embeddable":true,"href":"https:\/\/www.uaga.eus\/eu\/wp-json\/wp\/v2\/comments?post=6269"}],"version-history":[{"count":2,"href":"https:\/\/www.uaga.eus\/eu\/wp-json\/wp\/v2\/posts\/6269\/revisions"}],"predecessor-version":[{"id":6293,"href":"https:\/\/www.uaga.eus\/eu\/wp-json\/wp\/v2\/posts\/6269\/revisions\/6293"}],"wp:featuredmedia":[{"embeddable":true,"href":"https:\/\/www.uaga.eus\/eu\/wp-json\/wp\/v2\/media\/6270"}],"wp:attachment":[{"href":"https:\/\/www.uaga.eus\/eu\/wp-json\/wp\/v2\/media?parent=6269"}],"wp:term":[{"taxonomy":"category","embeddable":true,"href":"https:\/\/www.uaga.eus\/eu\/wp-json\/wp\/v2\/categories?post=6269"},{"taxonomy":"post_tag","embeddable":true,"href":"https:\/\/www.uaga.eus\/eu\/wp-json\/wp\/v2\/tags?post=6269"}],"curies":[{"name":"wp","href":"https:\/\/api.w.org\/{rel}","templated":true}]}}