{"id":6261,"date":"2019-06-28T10:52:39","date_gmt":"2019-06-28T10:52:39","guid":{"rendered":"https:\/\/www.uaga.eus\/?p=6261"},"modified":"2019-06-28T11:16:08","modified_gmt":"2019-06-28T11:16:08","slug":"mesa-sectorial-de-coag-sobre-cultivos-cop-y-otras-leguminosas","status":"publish","type":"post","link":"https:\/\/www.uaga.eus\/eu\/mesa-sectorial-de-coag-sobre-cultivos-cop-y-otras-leguminosas\/","title":{"rendered":"Mesa Sectorial de COAG sobre Cultivos COP y otras leguminosas"},"content":{"rendered":"<p>COAG ha celebrado una reuni\u00f3n de la Mesa Sectorial de Cultivos COP (cereales, Oleaginosas y Proteaginosas) y otras leguminosas. Entre otros temas, el Ministerio de Agricultura, Pesca y Alimentaci\u00f3n ha realizado una presentaci\u00f3n sobre la situaci\u00f3n y perspectivas del mercado del sector de los cereales, oleaginosas y leguminosas grano. Puedes consultar la presentaci\u00f3n en el siguiente <a href=\"https:\/\/gallery.mailchimp.com\/498b950ccfc4b8d0e600d7e48\/files\/04edac41-345d-4133-b7af-6c2c6f197300\/190606_SECTORIAL_COPL._Junio_2019.01.pdf\" target=\"_blank\" rel=\"noopener\" data-cke-saved-href=\"https:\/\/gallery.mailchimp.com\/498b950ccfc4b8d0e600d7e48\/files\/c183c26f-3031-479d-a87f-30cd79ff34eb\/190604_CONCLUSIONES_JORNADA_CULTIVOS_PROTEICOS_ESPA\u00d1A_10_ABRIL.pdf\">enlace<\/a>.<\/p>\n<p>Por otra parte, se han presentado las conclusiones del an\u00e1lisis del sector de cultivos proteicos, donde se ha puesto en valor su importancia en una alimentaci\u00f3n saludable, que favorece la diversificaci\u00f3n del medio agrario y la sostenibilidad del mismo. Puedes consultar la presentaci\u00f3n sobre este tema en el siguiente <a href=\"https:\/\/gallery.mailchimp.com\/498b950ccfc4b8d0e600d7e48\/files\/c183c26f-3031-479d-a87f-30cd79ff34eb\/190604_CONCLUSIONES_JORNADA_CULTIVOS_PROTEICOS_ESPA\u00d1A_10_ABRIL.pdf\" target=\"_blank\" rel=\"noopener\" data-cke-saved-href=\"https:\/\/gallery.mailchimp.com\/498b950ccfc4b8d0e600d7e48\/files\/c183c26f-3031-479d-a87f-30cd79ff34eb\/190604_CONCLUSIONES_JORNADA_CULTIVOS_PROTEICOS_ESPA\u00d1A_10_ABRIL.pdf\">enlace<\/a>.<\/p>\n<p>+ info: SUGOI 675 707\u00a0696<\/p>\n","protected":false},"excerpt":{"rendered":"<p>COAG ha celebrado una reuni\u00f3n de la Mesa Sectorial de Cultivos COP (cereales, Oleaginosas y Proteaginosas) y otras leguminosas. Entre otros temas, el Ministerio de Agricultura, Pesca y Alimentaci\u00f3n ha realizado una presentaci\u00f3n sobre la situaci\u00f3n y perspectivas del mercado del sector de los cereales, oleaginosas y leguminosas grano. Puedes consultar la presentaci\u00f3n en el [&hellip;]<\/p>\n","protected":false},"author":4,"featured_media":6262,"comment_status":"closed","ping_status":"closed","sticky":false,"template":"","format":"standard","meta":{"footnotes":""},"categories":[7],"tags":[],"yoast_head":"<!-- This site is optimized with the Yoast SEO plugin v21.5 - https:\/\/yoast.com\/wordpress\/plugins\/seo\/ -->\n<title>Mesa Sectorial de COAG sobre Cultivos COP y otras leguminosas - UAGA<\/title>\n<meta name=\"robots\" content=\"index, follow, max-snippet:-1, max-image-preview:large, max-video-preview:-1\" \/>\n<link rel=\"canonical\" href=\"https:\/\/www.uaga.eus\/mesa-sectorial-de-coag-sobre-cultivos-cop-y-otras-leguminosas\/\" \/>\n<meta property=\"og:locale\" content=\"en_US\" \/>\n<meta property=\"og:type\" content=\"article\" \/>\n<meta property=\"og:title\" content=\"Mesa Sectorial de COAG sobre Cultivos COP y otras leguminosas - UAGA\" \/>\n<meta property=\"og:description\" content=\"COAG ha celebrado una reuni\u00f3n de la Mesa Sectorial de Cultivos COP (cereales, Oleaginosas y Proteaginosas) y otras leguminosas. Entre otros temas, el Ministerio de Agricultura, Pesca y Alimentaci\u00f3n ha realizado una presentaci\u00f3n sobre la situaci\u00f3n y perspectivas del mercado del sector de los cereales, oleaginosas y leguminosas grano. Puedes consultar la presentaci\u00f3n en el [&hellip;]\" \/>\n<meta property=\"og:url\" content=\"https:\/\/www.uaga.eus\/mesa-sectorial-de-coag-sobre-cultivos-cop-y-otras-leguminosas\/\" \/>\n<meta property=\"og:site_name\" content=\"UAGA\" \/>\n<meta property=\"article:published_time\" content=\"2019-06-28T10:52:39+00:00\" \/>\n<meta property=\"article:modified_time\" content=\"2019-06-28T11:16:08+00:00\" \/>\n<meta property=\"og:image\" content=\"https:\/\/www.uaga.eus\/wp-content\/uploads\/2019\/06\/IMG_1003-e1561719138653.jpg\" \/>\n\t<meta property=\"og:image:width\" content=\"648\" \/>\n\t<meta property=\"og:image:height\" content=\"342\" \/>\n\t<meta property=\"og:image:type\" content=\"image\/jpeg\" \/>\n<meta name=\"author\" content=\"Blanca S\u00e1nchez\" \/>\n<meta name=\"twitter:card\" content=\"summary_large_image\" \/>\n<meta name=\"twitter:label1\" content=\"Written by\" \/>\n\t<meta name=\"twitter:data1\" content=\"Blanca S\u00e1nchez\" \/>\n\t<meta name=\"twitter:label2\" content=\"Est. reading time\" \/>\n\t<meta name=\"twitter:data2\" content=\"1 minutua\" \/>\n<script type=\"application\/ld+json\" class=\"yoast-schema-graph\">{\"@context\":\"https:\/\/schema.org\",\"@graph\":[{\"@type\":\"WebPage\",\"@id\":\"https:\/\/www.uaga.eus\/mesa-sectorial-de-coag-sobre-cultivos-cop-y-otras-leguminosas\/\",\"url\":\"https:\/\/www.uaga.eus\/mesa-sectorial-de-coag-sobre-cultivos-cop-y-otras-leguminosas\/\",\"name\":\"Mesa Sectorial de COAG sobre Cultivos COP y otras leguminosas - UAGA\",\"isPartOf\":{\"@id\":\"https:\/\/www.uaga.eus\/#website\"},\"datePublished\":\"2019-06-28T10:52:39+00:00\",\"dateModified\":\"2019-06-28T11:16:08+00:00\",\"author\":{\"@id\":\"https:\/\/www.uaga.eus\/#\/schema\/person\/48c3cbf0f33d1b788226dbb6518689cf\"},\"breadcrumb\":{\"@id\":\"https:\/\/www.uaga.eus\/mesa-sectorial-de-coag-sobre-cultivos-cop-y-otras-leguminosas\/#breadcrumb\"},\"inLanguage\":\"eu\",\"potentialAction\":[{\"@type\":\"ReadAction\",\"target\":[\"https:\/\/www.uaga.eus\/mesa-sectorial-de-coag-sobre-cultivos-cop-y-otras-leguminosas\/\"]}]},{\"@type\":\"BreadcrumbList\",\"@id\":\"https:\/\/www.uaga.eus\/mesa-sectorial-de-coag-sobre-cultivos-cop-y-otras-leguminosas\/#breadcrumb\",\"itemListElement\":[{\"@type\":\"ListItem\",\"position\":1,\"name\":\"Inicio\",\"item\":\"https:\/\/www.uaga.eus\/\"},{\"@type\":\"ListItem\",\"position\":2,\"name\":\"Mesa Sectorial de COAG sobre Cultivos COP y otras leguminosas\"}]},{\"@type\":\"WebSite\",\"@id\":\"https:\/\/www.uaga.eus\/#website\",\"url\":\"https:\/\/www.uaga.eus\/\",\"name\":\"UAGA\",\"description\":\"Uni\u00f3n Agroganadera de \u00c1lava - Araba Nekazarien Elkartea\",\"potentialAction\":[{\"@type\":\"SearchAction\",\"target\":{\"@type\":\"EntryPoint\",\"urlTemplate\":\"https:\/\/www.uaga.eus\/?s={search_term_string}\"},\"query-input\":\"required name=search_term_string\"}],\"inLanguage\":\"eu\"},{\"@type\":\"Person\",\"@id\":\"https:\/\/www.uaga.eus\/#\/schema\/person\/48c3cbf0f33d1b788226dbb6518689cf\",\"name\":\"Blanca S\u00e1nchez\",\"image\":{\"@type\":\"ImageObject\",\"inLanguage\":\"eu\",\"@id\":\"https:\/\/www.uaga.eus\/#\/schema\/person\/image\/\",\"url\":\"https:\/\/secure.gravatar.com\/avatar\/0dc91c20648254b1ce84877283f6751b?s=96&d=mm&r=g\",\"contentUrl\":\"https:\/\/secure.gravatar.com\/avatar\/0dc91c20648254b1ce84877283f6751b?s=96&d=mm&r=g\",\"caption\":\"Blanca S\u00e1nchez\"},\"url\":\"https:\/\/www.uaga.eus\/eu\/author\/bsanchez\/\"}]}<\/script>\n<!-- \/ Yoast SEO plugin. -->","yoast_head_json":{"title":"Mesa Sectorial de COAG sobre Cultivos COP y otras leguminosas - UAGA","robots":{"index":"index","follow":"follow","max-snippet":"max-snippet:-1","max-image-preview":"max-image-preview:large","max-video-preview":"max-video-preview:-1"},"canonical":"https:\/\/www.uaga.eus\/mesa-sectorial-de-coag-sobre-cultivos-cop-y-otras-leguminosas\/","og_locale":"en_US","og_type":"article","og_title":"Mesa Sectorial de COAG sobre Cultivos COP y otras leguminosas - UAGA","og_description":"COAG ha celebrado una reuni\u00f3n de la Mesa Sectorial de Cultivos COP (cereales, Oleaginosas y Proteaginosas) y otras leguminosas. Entre otros temas, el Ministerio de Agricultura, Pesca y Alimentaci\u00f3n ha realizado una presentaci\u00f3n sobre la situaci\u00f3n y perspectivas del mercado del sector de los cereales, oleaginosas y leguminosas grano. Puedes consultar la presentaci\u00f3n en el [&hellip;]","og_url":"https:\/\/www.uaga.eus\/mesa-sectorial-de-coag-sobre-cultivos-cop-y-otras-leguminosas\/","og_site_name":"UAGA","article_published_time":"2019-06-28T10:52:39+00:00","article_modified_time":"2019-06-28T11:16:08+00:00","og_image":[{"width":648,"height":342,"url":"https:\/\/www.uaga.eus\/wp-content\/uploads\/2019\/06\/IMG_1003-e1561719138653.jpg","type":"image\/jpeg"}],"author":"Blanca S\u00e1nchez","twitter_card":"summary_large_image","twitter_misc":{"Written by":"Blanca S\u00e1nchez","Est. reading time":"1 minutua"},"schema":{"@context":"https:\/\/schema.org","@graph":[{"@type":"WebPage","@id":"https:\/\/www.uaga.eus\/mesa-sectorial-de-coag-sobre-cultivos-cop-y-otras-leguminosas\/","url":"https:\/\/www.uaga.eus\/mesa-sectorial-de-coag-sobre-cultivos-cop-y-otras-leguminosas\/","name":"Mesa Sectorial de COAG sobre Cultivos COP y otras leguminosas - UAGA","isPartOf":{"@id":"https:\/\/www.uaga.eus\/#website"},"datePublished":"2019-06-28T10:52:39+00:00","dateModified":"2019-06-28T11:16:08+00:00","author":{"@id":"https:\/\/www.uaga.eus\/#\/schema\/person\/48c3cbf0f33d1b788226dbb6518689cf"},"breadcrumb":{"@id":"https:\/\/www.uaga.eus\/mesa-sectorial-de-coag-sobre-cultivos-cop-y-otras-leguminosas\/#breadcrumb"},"inLanguage":"eu","potentialAction":[{"@type":"ReadAction","target":["https:\/\/www.uaga.eus\/mesa-sectorial-de-coag-sobre-cultivos-cop-y-otras-leguminosas\/"]}]},{"@type":"BreadcrumbList","@id":"https:\/\/www.uaga.eus\/mesa-sectorial-de-coag-sobre-cultivos-cop-y-otras-leguminosas\/#breadcrumb","itemListElement":[{"@type":"ListItem","position":1,"name":"Inicio","item":"https:\/\/www.uaga.eus\/"},{"@type":"ListItem","position":2,"name":"Mesa Sectorial de COAG sobre Cultivos COP y otras leguminosas"}]},{"@type":"WebSite","@id":"https:\/\/www.uaga.eus\/#website","url":"https:\/\/www.uaga.eus\/","name":"UAGA","description":"Uni\u00f3n Agroganadera de \u00c1lava - Araba Nekazarien Elkartea","potentialAction":[{"@type":"SearchAction","target":{"@type":"EntryPoint","urlTemplate":"https:\/\/www.uaga.eus\/?s={search_term_string}"},"query-input":"required name=search_term_string"}],"inLanguage":"eu"},{"@type":"Person","@id":"https:\/\/www.uaga.eus\/#\/schema\/person\/48c3cbf0f33d1b788226dbb6518689cf","name":"Blanca S\u00e1nchez","image":{"@type":"ImageObject","inLanguage":"eu","@id":"https:\/\/www.uaga.eus\/#\/schema\/person\/image\/","url":"https:\/\/secure.gravatar.com\/avatar\/0dc91c20648254b1ce84877283f6751b?s=96&d=mm&r=g","contentUrl":"https:\/\/secure.gravatar.com\/avatar\/0dc91c20648254b1ce84877283f6751b?s=96&d=mm&r=g","caption":"Blanca S\u00e1nchez"},"url":"https:\/\/www.uaga.eus\/eu\/author\/bsanchez\/"}]}},"_links":{"self":[{"href":"https:\/\/www.uaga.eus\/eu\/wp-json\/wp\/v2\/posts\/6261"}],"collection":[{"href":"https:\/\/www.uaga.eus\/eu\/wp-json\/wp\/v2\/posts"}],"about":[{"href":"https:\/\/www.uaga.eus\/eu\/wp-json\/wp\/v2\/types\/post"}],"author":[{"embeddable":true,"href":"https:\/\/www.uaga.eus\/eu\/wp-json\/wp\/v2\/users\/4"}],"replies":[{"embeddable":true,"href":"https:\/\/www.uaga.eus\/eu\/wp-json\/wp\/v2\/comments?post=6261"}],"version-history":[{"count":3,"href":"https:\/\/www.uaga.eus\/eu\/wp-json\/wp\/v2\/posts\/6261\/revisions"}],"predecessor-version":[{"id":6288,"href":"https:\/\/www.uaga.eus\/eu\/wp-json\/wp\/v2\/posts\/6261\/revisions\/6288"}],"wp:featuredmedia":[{"embeddable":true,"href":"https:\/\/www.uaga.eus\/eu\/wp-json\/wp\/v2\/media\/6262"}],"wp:attachment":[{"href":"https:\/\/www.uaga.eus\/eu\/wp-json\/wp\/v2\/media?parent=6261"}],"wp:term":[{"taxonomy":"category","embeddable":true,"href":"https:\/\/www.uaga.eus\/eu\/wp-json\/wp\/v2\/categories?post=6261"},{"taxonomy":"post_tag","embeddable":true,"href":"https:\/\/www.uaga.eus\/eu\/wp-json\/wp\/v2\/tags?post=6261"}],"curies":[{"name":"wp","href":"https:\/\/api.w.org\/{rel}","templated":true}]}}