{"id":6253,"date":"2019-06-21T12:06:00","date_gmt":"2019-06-21T12:06:00","guid":{"rendered":"https:\/\/www.uaga.eus\/?p=6253"},"modified":"2019-06-27T08:48:31","modified_gmt":"2019-06-27T08:48:31","slug":"el-27-de-junio-se-reune-el-comite-de-jovenes-de-uaga-animate-y-participa","status":"publish","type":"post","link":"https:\/\/www.uaga.eus\/eu\/el-27-de-junio-se-reune-el-comite-de-jovenes-de-uaga-animate-y-participa\/","title":{"rendered":"El 27 de junio se re\u00fane el comit\u00e9 de j\u00f3venes de\u00a0 UAGA. \u00a1An\u00edmate y participa!"},"content":{"rendered":"<p>Desde UAGA hemos convocado para el pr\u00f3ximo jueves 27 de junio una reuni\u00f3n del Comit\u00e9 de j\u00f3venes. Ser\u00e1 en el Ataria\u00a0 (Centro de interpretaci\u00f3n de los humedales de Salburua), en Vitoria-Gasteiz, a las 11 horas.<\/p>\n<p>El objetivo de la reuni\u00f3n es\u00a0valorar el Encuentro de j\u00f3venes de COAG, celebrado el primer fin de semana de junio en Vitoria-Gasteiz, y concretar las pr\u00f3ximas acciones de trabajo a desarrollar por el \u00e1rea de j\u00f3venes de UAGA.<\/p>\n<p>Tambi\u00e9n queremos completar el equipo de personas que forman el comit\u00e9 de j\u00f3venes, para que cuente con\u00a0la participaci\u00f3n de todos los sectores y comarcas de UAGA. El comit\u00e9 tiene previsto celebrar alrededor de cuatro reuniones por a\u00f1o. La incorporaci\u00f3n de j\u00f3venes al sector y la adaptaci\u00f3n del sindicato a las necesidades de las nuevas generaciones es una cuesti\u00f3n prioritaria para UAGA.<\/p>\n<p>\u00a1An\u00edmate y participa!<\/p>\n<p>+ info: GUSTAVO 635 704 865<\/p>\n","protected":false},"excerpt":{"rendered":"<p>Desde UAGA hemos convocado para el pr\u00f3ximo jueves 27 de junio una reuni\u00f3n del Comit\u00e9 de j\u00f3venes. Ser\u00e1 en el Ataria\u00a0 (Centro de interpretaci\u00f3n de los humedales de Salburua), en Vitoria-Gasteiz, a las 11 horas. El objetivo de la reuni\u00f3n es\u00a0valorar el Encuentro de j\u00f3venes de COAG, celebrado el primer fin de semana de junio [&hellip;]<\/p>\n","protected":false},"author":4,"featured_media":6255,"comment_status":"closed","ping_status":"closed","sticky":false,"template":"","format":"standard","meta":{"footnotes":""},"categories":[37,3],"tags":[],"yoast_head":"<!-- This site is optimized with the Yoast SEO plugin v21.5 - https:\/\/yoast.com\/wordpress\/plugins\/seo\/ -->\n<title>El 27 de junio se re\u00fane el comit\u00e9 de j\u00f3venes de\u00a0 UAGA. \u00a1An\u00edmate y participa! - UAGA<\/title>\n<meta name=\"robots\" content=\"index, follow, max-snippet:-1, max-image-preview:large, max-video-preview:-1\" \/>\n<link rel=\"canonical\" href=\"https:\/\/www.uaga.eus\/el-27-de-junio-se-reune-el-comite-de-jovenes-de-uaga-animate-y-participa\/\" \/>\n<meta property=\"og:locale\" content=\"en_US\" \/>\n<meta property=\"og:type\" content=\"article\" \/>\n<meta property=\"og:title\" content=\"El 27 de junio se re\u00fane el comit\u00e9 de j\u00f3venes de\u00a0 UAGA. \u00a1An\u00edmate y participa! - UAGA\" \/>\n<meta property=\"og:description\" content=\"Desde UAGA hemos convocado para el pr\u00f3ximo jueves 27 de junio una reuni\u00f3n del Comit\u00e9 de j\u00f3venes. Ser\u00e1 en el Ataria\u00a0 (Centro de interpretaci\u00f3n de los humedales de Salburua), en Vitoria-Gasteiz, a las 11 horas. El objetivo de la reuni\u00f3n es\u00a0valorar el Encuentro de j\u00f3venes de COAG, celebrado el primer fin de semana de junio [&hellip;]\" \/>\n<meta property=\"og:url\" content=\"https:\/\/www.uaga.eus\/el-27-de-junio-se-reune-el-comite-de-jovenes-de-uaga-animate-y-participa\/\" \/>\n<meta property=\"og:site_name\" content=\"UAGA\" \/>\n<meta property=\"article:published_time\" content=\"2019-06-21T12:06:00+00:00\" \/>\n<meta property=\"article:modified_time\" content=\"2019-06-27T08:48:31+00:00\" \/>\n<meta property=\"og:image\" content=\"https:\/\/www.uaga.eus\/wp-content\/uploads\/2019\/06\/noticiajovenes.jpg\" \/>\n\t<meta property=\"og:image:width\" content=\"3649\" \/>\n\t<meta property=\"og:image:height\" content=\"2100\" \/>\n\t<meta property=\"og:image:type\" content=\"image\/jpeg\" \/>\n<meta name=\"author\" content=\"Blanca S\u00e1nchez\" \/>\n<meta name=\"twitter:card\" content=\"summary_large_image\" \/>\n<meta name=\"twitter:label1\" content=\"Written by\" \/>\n\t<meta name=\"twitter:data1\" content=\"Blanca S\u00e1nchez\" \/>\n\t<meta name=\"twitter:label2\" content=\"Est. reading time\" \/>\n\t<meta name=\"twitter:data2\" content=\"1 minutua\" \/>\n<script type=\"application\/ld+json\" class=\"yoast-schema-graph\">{\"@context\":\"https:\/\/schema.org\",\"@graph\":[{\"@type\":\"WebPage\",\"@id\":\"https:\/\/www.uaga.eus\/el-27-de-junio-se-reune-el-comite-de-jovenes-de-uaga-animate-y-participa\/\",\"url\":\"https:\/\/www.uaga.eus\/el-27-de-junio-se-reune-el-comite-de-jovenes-de-uaga-animate-y-participa\/\",\"name\":\"El 27 de junio se re\u00fane el comit\u00e9 de j\u00f3venes de\u00a0 UAGA. \u00a1An\u00edmate y participa! - UAGA\",\"isPartOf\":{\"@id\":\"https:\/\/www.uaga.eus\/#website\"},\"datePublished\":\"2019-06-21T12:06:00+00:00\",\"dateModified\":\"2019-06-27T08:48:31+00:00\",\"author\":{\"@id\":\"https:\/\/www.uaga.eus\/#\/schema\/person\/48c3cbf0f33d1b788226dbb6518689cf\"},\"breadcrumb\":{\"@id\":\"https:\/\/www.uaga.eus\/el-27-de-junio-se-reune-el-comite-de-jovenes-de-uaga-animate-y-participa\/#breadcrumb\"},\"inLanguage\":\"eu\",\"potentialAction\":[{\"@type\":\"ReadAction\",\"target\":[\"https:\/\/www.uaga.eus\/el-27-de-junio-se-reune-el-comite-de-jovenes-de-uaga-animate-y-participa\/\"]}]},{\"@type\":\"BreadcrumbList\",\"@id\":\"https:\/\/www.uaga.eus\/el-27-de-junio-se-reune-el-comite-de-jovenes-de-uaga-animate-y-participa\/#breadcrumb\",\"itemListElement\":[{\"@type\":\"ListItem\",\"position\":1,\"name\":\"Inicio\",\"item\":\"https:\/\/www.uaga.eus\/\"},{\"@type\":\"ListItem\",\"position\":2,\"name\":\"El 27 de junio se re\u00fane el comit\u00e9 de j\u00f3venes de\u00a0 UAGA. \u00a1An\u00edmate y participa!\"}]},{\"@type\":\"WebSite\",\"@id\":\"https:\/\/www.uaga.eus\/#website\",\"url\":\"https:\/\/www.uaga.eus\/\",\"name\":\"UAGA\",\"description\":\"Uni\u00f3n Agroganadera de \u00c1lava - Araba Nekazarien Elkartea\",\"potentialAction\":[{\"@type\":\"SearchAction\",\"target\":{\"@type\":\"EntryPoint\",\"urlTemplate\":\"https:\/\/www.uaga.eus\/?s={search_term_string}\"},\"query-input\":\"required name=search_term_string\"}],\"inLanguage\":\"eu\"},{\"@type\":\"Person\",\"@id\":\"https:\/\/www.uaga.eus\/#\/schema\/person\/48c3cbf0f33d1b788226dbb6518689cf\",\"name\":\"Blanca S\u00e1nchez\",\"image\":{\"@type\":\"ImageObject\",\"inLanguage\":\"eu\",\"@id\":\"https:\/\/www.uaga.eus\/#\/schema\/person\/image\/\",\"url\":\"https:\/\/secure.gravatar.com\/avatar\/0dc91c20648254b1ce84877283f6751b?s=96&d=mm&r=g\",\"contentUrl\":\"https:\/\/secure.gravatar.com\/avatar\/0dc91c20648254b1ce84877283f6751b?s=96&d=mm&r=g\",\"caption\":\"Blanca S\u00e1nchez\"},\"url\":\"https:\/\/www.uaga.eus\/eu\/author\/bsanchez\/\"}]}<\/script>\n<!-- \/ Yoast SEO plugin. -->","yoast_head_json":{"title":"El 27 de junio se re\u00fane el comit\u00e9 de j\u00f3venes de\u00a0 UAGA. \u00a1An\u00edmate y participa! - UAGA","robots":{"index":"index","follow":"follow","max-snippet":"max-snippet:-1","max-image-preview":"max-image-preview:large","max-video-preview":"max-video-preview:-1"},"canonical":"https:\/\/www.uaga.eus\/el-27-de-junio-se-reune-el-comite-de-jovenes-de-uaga-animate-y-participa\/","og_locale":"en_US","og_type":"article","og_title":"El 27 de junio se re\u00fane el comit\u00e9 de j\u00f3venes de\u00a0 UAGA. \u00a1An\u00edmate y participa! - UAGA","og_description":"Desde UAGA hemos convocado para el pr\u00f3ximo jueves 27 de junio una reuni\u00f3n del Comit\u00e9 de j\u00f3venes. Ser\u00e1 en el Ataria\u00a0 (Centro de interpretaci\u00f3n de los humedales de Salburua), en Vitoria-Gasteiz, a las 11 horas. El objetivo de la reuni\u00f3n es\u00a0valorar el Encuentro de j\u00f3venes de COAG, celebrado el primer fin de semana de junio [&hellip;]","og_url":"https:\/\/www.uaga.eus\/el-27-de-junio-se-reune-el-comite-de-jovenes-de-uaga-animate-y-participa\/","og_site_name":"UAGA","article_published_time":"2019-06-21T12:06:00+00:00","article_modified_time":"2019-06-27T08:48:31+00:00","og_image":[{"width":3649,"height":2100,"url":"https:\/\/www.uaga.eus\/wp-content\/uploads\/2019\/06\/noticiajovenes.jpg","type":"image\/jpeg"}],"author":"Blanca S\u00e1nchez","twitter_card":"summary_large_image","twitter_misc":{"Written by":"Blanca S\u00e1nchez","Est. reading time":"1 minutua"},"schema":{"@context":"https:\/\/schema.org","@graph":[{"@type":"WebPage","@id":"https:\/\/www.uaga.eus\/el-27-de-junio-se-reune-el-comite-de-jovenes-de-uaga-animate-y-participa\/","url":"https:\/\/www.uaga.eus\/el-27-de-junio-se-reune-el-comite-de-jovenes-de-uaga-animate-y-participa\/","name":"El 27 de junio se re\u00fane el comit\u00e9 de j\u00f3venes de\u00a0 UAGA. \u00a1An\u00edmate y participa! - UAGA","isPartOf":{"@id":"https:\/\/www.uaga.eus\/#website"},"datePublished":"2019-06-21T12:06:00+00:00","dateModified":"2019-06-27T08:48:31+00:00","author":{"@id":"https:\/\/www.uaga.eus\/#\/schema\/person\/48c3cbf0f33d1b788226dbb6518689cf"},"breadcrumb":{"@id":"https:\/\/www.uaga.eus\/el-27-de-junio-se-reune-el-comite-de-jovenes-de-uaga-animate-y-participa\/#breadcrumb"},"inLanguage":"eu","potentialAction":[{"@type":"ReadAction","target":["https:\/\/www.uaga.eus\/el-27-de-junio-se-reune-el-comite-de-jovenes-de-uaga-animate-y-participa\/"]}]},{"@type":"BreadcrumbList","@id":"https:\/\/www.uaga.eus\/el-27-de-junio-se-reune-el-comite-de-jovenes-de-uaga-animate-y-participa\/#breadcrumb","itemListElement":[{"@type":"ListItem","position":1,"name":"Inicio","item":"https:\/\/www.uaga.eus\/"},{"@type":"ListItem","position":2,"name":"El 27 de junio se re\u00fane el comit\u00e9 de j\u00f3venes de\u00a0 UAGA. \u00a1An\u00edmate y participa!"}]},{"@type":"WebSite","@id":"https:\/\/www.uaga.eus\/#website","url":"https:\/\/www.uaga.eus\/","name":"UAGA","description":"Uni\u00f3n Agroganadera de \u00c1lava - Araba Nekazarien Elkartea","potentialAction":[{"@type":"SearchAction","target":{"@type":"EntryPoint","urlTemplate":"https:\/\/www.uaga.eus\/?s={search_term_string}"},"query-input":"required name=search_term_string"}],"inLanguage":"eu"},{"@type":"Person","@id":"https:\/\/www.uaga.eus\/#\/schema\/person\/48c3cbf0f33d1b788226dbb6518689cf","name":"Blanca S\u00e1nchez","image":{"@type":"ImageObject","inLanguage":"eu","@id":"https:\/\/www.uaga.eus\/#\/schema\/person\/image\/","url":"https:\/\/secure.gravatar.com\/avatar\/0dc91c20648254b1ce84877283f6751b?s=96&d=mm&r=g","contentUrl":"https:\/\/secure.gravatar.com\/avatar\/0dc91c20648254b1ce84877283f6751b?s=96&d=mm&r=g","caption":"Blanca S\u00e1nchez"},"url":"https:\/\/www.uaga.eus\/eu\/author\/bsanchez\/"}]}},"_links":{"self":[{"href":"https:\/\/www.uaga.eus\/eu\/wp-json\/wp\/v2\/posts\/6253"}],"collection":[{"href":"https:\/\/www.uaga.eus\/eu\/wp-json\/wp\/v2\/posts"}],"about":[{"href":"https:\/\/www.uaga.eus\/eu\/wp-json\/wp\/v2\/types\/post"}],"author":[{"embeddable":true,"href":"https:\/\/www.uaga.eus\/eu\/wp-json\/wp\/v2\/users\/4"}],"replies":[{"embeddable":true,"href":"https:\/\/www.uaga.eus\/eu\/wp-json\/wp\/v2\/comments?post=6253"}],"version-history":[{"count":1,"href":"https:\/\/www.uaga.eus\/eu\/wp-json\/wp\/v2\/posts\/6253\/revisions"}],"predecessor-version":[{"id":6254,"href":"https:\/\/www.uaga.eus\/eu\/wp-json\/wp\/v2\/posts\/6253\/revisions\/6254"}],"wp:featuredmedia":[{"embeddable":true,"href":"https:\/\/www.uaga.eus\/eu\/wp-json\/wp\/v2\/media\/6255"}],"wp:attachment":[{"href":"https:\/\/www.uaga.eus\/eu\/wp-json\/wp\/v2\/media?parent=6253"}],"wp:term":[{"taxonomy":"category","embeddable":true,"href":"https:\/\/www.uaga.eus\/eu\/wp-json\/wp\/v2\/categories?post=6253"},{"taxonomy":"post_tag","embeddable":true,"href":"https:\/\/www.uaga.eus\/eu\/wp-json\/wp\/v2\/tags?post=6253"}],"curies":[{"name":"wp","href":"https:\/\/api.w.org\/{rel}","templated":true}]}}