{"id":6243,"date":"2019-06-21T12:05:12","date_gmt":"2019-06-21T12:05:12","guid":{"rendered":"https:\/\/www.uaga.eus\/?p=6243"},"modified":"2019-06-27T08:45:44","modified_gmt":"2019-06-27T08:45:44","slug":"el-27-y-28-de-junio-diputacion-organiza-las-jornadas-formativas-de-la-ayuda-agroambiental-de-cultivos-extensivos","status":"publish","type":"post","link":"https:\/\/www.uaga.eus\/eu\/el-27-y-28-de-junio-diputacion-organiza-las-jornadas-formativas-de-la-ayuda-agroambiental-de-cultivos-extensivos\/","title":{"rendered":"El 27 y 28 de junio Diputaci\u00f3n organiza las\u00a0jornadas formativas de la ayuda agroambiental de cultivos extensivos"},"content":{"rendered":"<p>Para cumplir el compromiso de formaci\u00f3n anual exigido en la medida agroambiental de Diversificaci\u00f3n de cultivos extensivos en regad\u00edo el departamento de Agricultura de la Diputaci\u00f3n organiza cada a\u00f1o una Jornada de Formaci\u00f3n, que se va a realizar dos d\u00edas consecutivos para facilitar la asistencia.<\/p>\n<p>El d\u00eda 27 en Lantar\u00f3n, de 17:00 a 19:30 h. ser\u00e1 en Lantar\u00f3n\u00a0y el d\u00eda 28 en Arkaute, de 9:00 a 11:30 h. La jornada ser\u00e1 igual, pudiendo elegir cada persona la asistencia a la que mejor le convenga.<\/p>\n<p>El programa de las charlas se compone de 3 bloques:<br \/>\n\u00b7 Ensayos realizados en remolacha<br \/>\n\u00b7 Agronom\u00eda y t\u00e9cnicas y experiencias de c\u00f3mo afrontar la reducci\u00f3n de fitosanitarios registrados en los cultivos.<br \/>\n\u00b7 Recordatorio de requisitos a cumplir en la Media agroambiental, consecuencias del no cumplimiento y aspectos a tener en cuenta de cara al a\u00f1o 5\u00ba de la medida agroambiental.<\/p>\n<p>Durante este a\u00f1o ha habido otras dos jornadas que computaban como formaci\u00f3n para la ayuda agroambiental (Jornadas de GENVCE en mayo y Jornada sobre cultivos frutales, en marzo). Las personas asistentes ya han cumplido su compromiso de formaci\u00f3n y no est\u00e1n obligadas a asistir a la formaci\u00f3n del d\u00eda 27 o 28. Aun as\u00ed Diputaci\u00f3n recomienda la asistencia por el inter\u00e9s de los temas a exponer.<\/p>\n<p>Puedes ver <a href=\"https:\/\/gallery.mailchimp.com\/498b950ccfc4b8d0e600d7e48\/files\/4fdd35c3-f8b2-4ca7-885b-991522191424\/Formaci\u00f3n_2019Progr._Definitivo.pdf\" target=\"_blank\" rel=\"noopener\" data-cke-saved-href=\"https:\/\/gallery.mailchimp.com\/498b950ccfc4b8d0e600d7e48\/files\/4fdd35c3-f8b2-4ca7-885b-991522191424\/Formaci\u00f3n_2019Progr._Definitivo.pdf\">aqu\u00ed <\/a>el programa de la jornada.<br \/>\nInscripciones:\u00a0<a href=\" https:\/\/fpe.hazi.eus\/intensiva\/vercursointensiva.asp?curso=jornada-formaci%D3n-medida-agroambiental-i-diversificaci%D3n-cultivos-extensivos-2019&amp;id=es&amp;Ncurso=615214071&amp;anio=2019&amp;mes=06&amp;dia=27\" target=\"_blank\" rel=\"noopener\" data-cke-saved-href=\" https:\/\/fpe.hazi.eus\/intensiva\/vercursointensiva.asp?curso=jornada-formaci%D3n-medida-agroambiental-i-diversificaci%D3n-cultivos-extensivos-2019&amp;id=es&amp;Ncurso=615214071&amp;anio=2019&amp;mes=06&amp;dia=27\">jornada de Lantar\u00f3n<\/a><br \/>\n<a href=\"https:\/\/fpe.hazi.eus\/intensiva\/vercursointensiva.asp?curso=jornada-formaci%D3n-medida-agroambiental-i-diversificaci%D3n-cultivos-extensivos-2019&amp;id=es&amp;Ncurso=615894426&amp;anio=2019&amp;mes=06&amp;dia=28\" target=\"_blank\" rel=\"noopener\" data-cke-saved-href=\"https:\/\/fpe.hazi.eus\/intensiva\/vercursointensiva.asp?curso=jornada-formaci%D3n-medida-agroambiental-i-diversificaci%D3n-cultivos-extensivos-2019&amp;id=es&amp;Ncurso=615894426&amp;anio=2019&amp;mes=06&amp;dia=28\">jornada de Arkaute<\/a><\/p>\n<p>+ Info YOLANDA: 615 779 584<\/p>","protected":false},"excerpt":{"rendered":"<p>Para cumplir el compromiso de formaci\u00f3n anual exigido en la medida agroambiental de Diversificaci\u00f3n de cultivos extensivos en regad\u00edo el departamento de Agricultura de la Diputaci\u00f3n organiza cada a\u00f1o una Jornada de Formaci\u00f3n, que se va a realizar dos d\u00edas consecutivos para facilitar la asistencia. El d\u00eda 27 en Lantar\u00f3n, de 17:00 a 19:30 h. [&hellip;]<\/p>\n","protected":false},"author":4,"featured_media":2508,"comment_status":"closed","ping_status":"closed","sticky":false,"template":"","format":"standard","meta":{"footnotes":""},"categories":[7,5,66],"tags":[],"yoast_head":"<!-- This site is optimized with the Yoast SEO plugin v21.5 - https:\/\/yoast.com\/wordpress\/plugins\/seo\/ -->\n<title>El 27 y 28 de junio Diputaci\u00f3n organiza las\u00a0jornadas formativas de la ayuda agroambiental de cultivos extensivos - UAGA<\/title>\n<meta name=\"robots\" content=\"index, follow, max-snippet:-1, max-image-preview:large, max-video-preview:-1\" \/>\n<link rel=\"canonical\" href=\"https:\/\/www.uaga.eus\/el-27-y-28-de-junio-diputacion-organiza-las-jornadas-formativas-de-la-ayuda-agroambiental-de-cultivos-extensivos\/\" \/>\n<meta property=\"og:locale\" content=\"en_US\" \/>\n<meta property=\"og:type\" content=\"article\" \/>\n<meta property=\"og:title\" content=\"El 27 y 28 de junio Diputaci\u00f3n organiza las\u00a0jornadas formativas de la ayuda agroambiental de cultivos extensivos - UAGA\" \/>\n<meta property=\"og:description\" content=\"Para cumplir el compromiso de formaci\u00f3n anual exigido en la medida agroambiental de Diversificaci\u00f3n de cultivos extensivos en regad\u00edo el departamento de Agricultura de la Diputaci\u00f3n organiza cada a\u00f1o una Jornada de Formaci\u00f3n, que se va a realizar dos d\u00edas consecutivos para facilitar la asistencia. El d\u00eda 27 en Lantar\u00f3n, de 17:00 a 19:30 h. [&hellip;]\" \/>\n<meta property=\"og:url\" content=\"https:\/\/www.uaga.eus\/el-27-y-28-de-junio-diputacion-organiza-las-jornadas-formativas-de-la-ayuda-agroambiental-de-cultivos-extensivos\/\" \/>\n<meta property=\"og:site_name\" content=\"UAGA\" \/>\n<meta property=\"article:published_time\" content=\"2019-06-21T12:05:12+00:00\" \/>\n<meta property=\"article:modified_time\" content=\"2019-06-27T08:45:44+00:00\" \/>\n<meta property=\"og:image\" content=\"https:\/\/www.uaga.eus\/wp-content\/uploads\/2018\/03\/finca-de-patatas.jpg\" \/>\n\t<meta property=\"og:image:width\" content=\"700\" \/>\n\t<meta property=\"og:image:height\" content=\"525\" \/>\n\t<meta property=\"og:image:type\" content=\"image\/jpeg\" \/>\n<meta name=\"author\" content=\"Blanca S\u00e1nchez\" \/>\n<meta name=\"twitter:card\" content=\"summary_large_image\" \/>\n<meta name=\"twitter:label1\" content=\"Written by\" \/>\n\t<meta name=\"twitter:data1\" content=\"Blanca S\u00e1nchez\" \/>\n\t<meta name=\"twitter:label2\" content=\"Est. reading time\" \/>\n\t<meta name=\"twitter:data2\" content=\"2 minutua\" \/>\n<script type=\"application\/ld+json\" class=\"yoast-schema-graph\">{\"@context\":\"https:\/\/schema.org\",\"@graph\":[{\"@type\":\"WebPage\",\"@id\":\"https:\/\/www.uaga.eus\/el-27-y-28-de-junio-diputacion-organiza-las-jornadas-formativas-de-la-ayuda-agroambiental-de-cultivos-extensivos\/\",\"url\":\"https:\/\/www.uaga.eus\/el-27-y-28-de-junio-diputacion-organiza-las-jornadas-formativas-de-la-ayuda-agroambiental-de-cultivos-extensivos\/\",\"name\":\"El 27 y 28 de junio Diputaci\u00f3n organiza las\u00a0jornadas formativas de la ayuda agroambiental de cultivos extensivos - UAGA\",\"isPartOf\":{\"@id\":\"https:\/\/www.uaga.eus\/#website\"},\"datePublished\":\"2019-06-21T12:05:12+00:00\",\"dateModified\":\"2019-06-27T08:45:44+00:00\",\"author\":{\"@id\":\"https:\/\/www.uaga.eus\/#\/schema\/person\/48c3cbf0f33d1b788226dbb6518689cf\"},\"breadcrumb\":{\"@id\":\"https:\/\/www.uaga.eus\/el-27-y-28-de-junio-diputacion-organiza-las-jornadas-formativas-de-la-ayuda-agroambiental-de-cultivos-extensivos\/#breadcrumb\"},\"inLanguage\":\"eu\",\"potentialAction\":[{\"@type\":\"ReadAction\",\"target\":[\"https:\/\/www.uaga.eus\/el-27-y-28-de-junio-diputacion-organiza-las-jornadas-formativas-de-la-ayuda-agroambiental-de-cultivos-extensivos\/\"]}]},{\"@type\":\"BreadcrumbList\",\"@id\":\"https:\/\/www.uaga.eus\/el-27-y-28-de-junio-diputacion-organiza-las-jornadas-formativas-de-la-ayuda-agroambiental-de-cultivos-extensivos\/#breadcrumb\",\"itemListElement\":[{\"@type\":\"ListItem\",\"position\":1,\"name\":\"Inicio\",\"item\":\"https:\/\/www.uaga.eus\/\"},{\"@type\":\"ListItem\",\"position\":2,\"name\":\"El 27 y 28 de junio Diputaci\u00f3n organiza las\u00a0jornadas formativas de la ayuda agroambiental de cultivos extensivos\"}]},{\"@type\":\"WebSite\",\"@id\":\"https:\/\/www.uaga.eus\/#website\",\"url\":\"https:\/\/www.uaga.eus\/\",\"name\":\"UAGA\",\"description\":\"Uni\u00f3n Agroganadera de \u00c1lava - Araba Nekazarien Elkartea\",\"potentialAction\":[{\"@type\":\"SearchAction\",\"target\":{\"@type\":\"EntryPoint\",\"urlTemplate\":\"https:\/\/www.uaga.eus\/?s={search_term_string}\"},\"query-input\":\"required name=search_term_string\"}],\"inLanguage\":\"eu\"},{\"@type\":\"Person\",\"@id\":\"https:\/\/www.uaga.eus\/#\/schema\/person\/48c3cbf0f33d1b788226dbb6518689cf\",\"name\":\"Blanca S\u00e1nchez\",\"image\":{\"@type\":\"ImageObject\",\"inLanguage\":\"eu\",\"@id\":\"https:\/\/www.uaga.eus\/#\/schema\/person\/image\/\",\"url\":\"https:\/\/secure.gravatar.com\/avatar\/0dc91c20648254b1ce84877283f6751b?s=96&d=mm&r=g\",\"contentUrl\":\"https:\/\/secure.gravatar.com\/avatar\/0dc91c20648254b1ce84877283f6751b?s=96&d=mm&r=g\",\"caption\":\"Blanca S\u00e1nchez\"},\"url\":\"https:\/\/www.uaga.eus\/eu\/author\/bsanchez\/\"}]}<\/script>\n<!-- \/ Yoast SEO plugin. -->","yoast_head_json":{"title":"El 27 y 28 de junio Diputaci\u00f3n organiza las\u00a0jornadas formativas de la ayuda agroambiental de cultivos extensivos - UAGA","robots":{"index":"index","follow":"follow","max-snippet":"max-snippet:-1","max-image-preview":"max-image-preview:large","max-video-preview":"max-video-preview:-1"},"canonical":"https:\/\/www.uaga.eus\/el-27-y-28-de-junio-diputacion-organiza-las-jornadas-formativas-de-la-ayuda-agroambiental-de-cultivos-extensivos\/","og_locale":"en_US","og_type":"article","og_title":"El 27 y 28 de junio Diputaci\u00f3n organiza las\u00a0jornadas formativas de la ayuda agroambiental de cultivos extensivos - UAGA","og_description":"Para cumplir el compromiso de formaci\u00f3n anual exigido en la medida agroambiental de Diversificaci\u00f3n de cultivos extensivos en regad\u00edo el departamento de Agricultura de la Diputaci\u00f3n organiza cada a\u00f1o una Jornada de Formaci\u00f3n, que se va a realizar dos d\u00edas consecutivos para facilitar la asistencia. El d\u00eda 27 en Lantar\u00f3n, de 17:00 a 19:30 h. [&hellip;]","og_url":"https:\/\/www.uaga.eus\/el-27-y-28-de-junio-diputacion-organiza-las-jornadas-formativas-de-la-ayuda-agroambiental-de-cultivos-extensivos\/","og_site_name":"UAGA","article_published_time":"2019-06-21T12:05:12+00:00","article_modified_time":"2019-06-27T08:45:44+00:00","og_image":[{"width":700,"height":525,"url":"https:\/\/www.uaga.eus\/wp-content\/uploads\/2018\/03\/finca-de-patatas.jpg","type":"image\/jpeg"}],"author":"Blanca S\u00e1nchez","twitter_card":"summary_large_image","twitter_misc":{"Written by":"Blanca S\u00e1nchez","Est. reading time":"2 minutua"},"schema":{"@context":"https:\/\/schema.org","@graph":[{"@type":"WebPage","@id":"https:\/\/www.uaga.eus\/el-27-y-28-de-junio-diputacion-organiza-las-jornadas-formativas-de-la-ayuda-agroambiental-de-cultivos-extensivos\/","url":"https:\/\/www.uaga.eus\/el-27-y-28-de-junio-diputacion-organiza-las-jornadas-formativas-de-la-ayuda-agroambiental-de-cultivos-extensivos\/","name":"El 27 y 28 de junio Diputaci\u00f3n organiza las\u00a0jornadas formativas de la ayuda agroambiental de cultivos extensivos - UAGA","isPartOf":{"@id":"https:\/\/www.uaga.eus\/#website"},"datePublished":"2019-06-21T12:05:12+00:00","dateModified":"2019-06-27T08:45:44+00:00","author":{"@id":"https:\/\/www.uaga.eus\/#\/schema\/person\/48c3cbf0f33d1b788226dbb6518689cf"},"breadcrumb":{"@id":"https:\/\/www.uaga.eus\/el-27-y-28-de-junio-diputacion-organiza-las-jornadas-formativas-de-la-ayuda-agroambiental-de-cultivos-extensivos\/#breadcrumb"},"inLanguage":"eu","potentialAction":[{"@type":"ReadAction","target":["https:\/\/www.uaga.eus\/el-27-y-28-de-junio-diputacion-organiza-las-jornadas-formativas-de-la-ayuda-agroambiental-de-cultivos-extensivos\/"]}]},{"@type":"BreadcrumbList","@id":"https:\/\/www.uaga.eus\/el-27-y-28-de-junio-diputacion-organiza-las-jornadas-formativas-de-la-ayuda-agroambiental-de-cultivos-extensivos\/#breadcrumb","itemListElement":[{"@type":"ListItem","position":1,"name":"Inicio","item":"https:\/\/www.uaga.eus\/"},{"@type":"ListItem","position":2,"name":"El 27 y 28 de junio Diputaci\u00f3n organiza las\u00a0jornadas formativas de la ayuda agroambiental de cultivos extensivos"}]},{"@type":"WebSite","@id":"https:\/\/www.uaga.eus\/#website","url":"https:\/\/www.uaga.eus\/","name":"UAGA","description":"Uni\u00f3n Agroganadera de \u00c1lava - Araba Nekazarien Elkartea","potentialAction":[{"@type":"SearchAction","target":{"@type":"EntryPoint","urlTemplate":"https:\/\/www.uaga.eus\/?s={search_term_string}"},"query-input":"required name=search_term_string"}],"inLanguage":"eu"},{"@type":"Person","@id":"https:\/\/www.uaga.eus\/#\/schema\/person\/48c3cbf0f33d1b788226dbb6518689cf","name":"Blanca S\u00e1nchez","image":{"@type":"ImageObject","inLanguage":"eu","@id":"https:\/\/www.uaga.eus\/#\/schema\/person\/image\/","url":"https:\/\/secure.gravatar.com\/avatar\/0dc91c20648254b1ce84877283f6751b?s=96&d=mm&r=g","contentUrl":"https:\/\/secure.gravatar.com\/avatar\/0dc91c20648254b1ce84877283f6751b?s=96&d=mm&r=g","caption":"Blanca S\u00e1nchez"},"url":"https:\/\/www.uaga.eus\/eu\/author\/bsanchez\/"}]}},"_links":{"self":[{"href":"https:\/\/www.uaga.eus\/eu\/wp-json\/wp\/v2\/posts\/6243"}],"collection":[{"href":"https:\/\/www.uaga.eus\/eu\/wp-json\/wp\/v2\/posts"}],"about":[{"href":"https:\/\/www.uaga.eus\/eu\/wp-json\/wp\/v2\/types\/post"}],"author":[{"embeddable":true,"href":"https:\/\/www.uaga.eus\/eu\/wp-json\/wp\/v2\/users\/4"}],"replies":[{"embeddable":true,"href":"https:\/\/www.uaga.eus\/eu\/wp-json\/wp\/v2\/comments?post=6243"}],"version-history":[{"count":2,"href":"https:\/\/www.uaga.eus\/eu\/wp-json\/wp\/v2\/posts\/6243\/revisions"}],"predecessor-version":[{"id":6245,"href":"https:\/\/www.uaga.eus\/eu\/wp-json\/wp\/v2\/posts\/6243\/revisions\/6245"}],"wp:featuredmedia":[{"embeddable":true,"href":"https:\/\/www.uaga.eus\/eu\/wp-json\/wp\/v2\/media\/2508"}],"wp:attachment":[{"href":"https:\/\/www.uaga.eus\/eu\/wp-json\/wp\/v2\/media?parent=6243"}],"wp:term":[{"taxonomy":"category","embeddable":true,"href":"https:\/\/www.uaga.eus\/eu\/wp-json\/wp\/v2\/categories?post=6243"},{"taxonomy":"post_tag","embeddable":true,"href":"https:\/\/www.uaga.eus\/eu\/wp-json\/wp\/v2\/tags?post=6243"}],"curies":[{"name":"wp","href":"https:\/\/api.w.org\/{rel}","templated":true}]}}