{"id":6241,"date":"2019-06-21T12:05:01","date_gmt":"2019-06-21T12:05:01","guid":{"rendered":"https:\/\/www.uaga.eus\/?p=6241"},"modified":"2019-06-27T08:47:23","modified_gmt":"2019-06-27T08:47:23","slug":"el-25-de-junio-visita-a-las-fincas-experimentales-de-neiker-y-eskalmendi","status":"publish","type":"post","link":"https:\/\/www.uaga.eus\/eu\/el-25-de-junio-visita-a-las-fincas-experimentales-de-neiker-y-eskalmendi\/","title":{"rendered":"El 25 de junio, visita a las fincas experimentales de Neiker y Eskalmendi"},"content":{"rendered":"<p>Dentro del plan para el Fomento de la Producci\u00f3n Ecol\u00f3gica (FOPE), impulsado por el Departamento de Desarrollo Econ\u00f3mico e Infraestructuras del Gobierno Vasco en colaboraci\u00f3n con NEIKER, el martes 25 de junio a las 9,30 de la ma\u00f1ana,\u00a0se ha organizado una visita de campo en la que mostrar\u00e1n in situ los cultivos org\u00e1nicos y \u00a0se expondr\u00e1n algunos de los resultados de las campa\u00f1as anteriores, as\u00ed como los planteamientos de esta campa\u00f1a 2018-2019.<\/p>\n<p>Aprovechando la jornada,\u00a0Diputaci\u00f3n, por su parte, ha organizado una visita a\u00a0los cultivos y experiencias de la finca ecol\u00f3gica de Eskalmendi. Ser\u00e1 tambi\u00e9n el martes 25 de junio, tras la visita a Neiker (12,30 horas).\u00a0En esta finca se podr\u00e1\u00a0comprobar el comportamiento de diferentes especies de cereal (cebada, avena, trigo, espelta) y las variedades m\u00e1s representativas\u00a0utilizadas por los agricultores ecol\u00f3gicos.<\/p>\n<p>Puedes ver <a href=\"http:\/\/www.neiker.net\/newsletters\/2019\/33\/index.html\" target=\"_blank\" rel=\"noopener\" data-cke-saved-href=\"http:\/\/www.neiker.net\/newsletters\/2019\/33\/index.html\">aqu\u00ed<\/a>\u00a0el programa de la jornada de Neiker\u00a0 e\u00a0inscribirte <a href=\"https:\/\/docs.google.com\/forms\/d\/e\/1FAIpQLSfK3UItjYmkgpFA7Ue0N2habON7Kz4i1Saj4KWSqN2VDCazjA\/viewform\" target=\"_blank\" rel=\"noopener\" data-cke-saved-href=\"https:\/\/docs.google.com\/forms\/d\/e\/1FAIpQLSfK3UItjYmkgpFA7Ue0N2habON7Kz4i1Saj4KWSqN2VDCazjA\/viewform\">en este enlace<\/a>.<\/p>\n<p>+ Info SUGOI: 675 707 696<\/p>\n","protected":false},"excerpt":{"rendered":"<p>Dentro del plan para el Fomento de la Producci\u00f3n Ecol\u00f3gica (FOPE), impulsado por el Departamento de Desarrollo Econ\u00f3mico e Infraestructuras del Gobierno Vasco en colaboraci\u00f3n con NEIKER, el martes 25 de junio a las 9,30 de la ma\u00f1ana,\u00a0se ha organizado una visita de campo en la que mostrar\u00e1n in situ los cultivos org\u00e1nicos y \u00a0se [&hellip;]<\/p>\n","protected":false},"author":4,"featured_media":6124,"comment_status":"closed","ping_status":"closed","sticky":false,"template":"","format":"standard","meta":{"footnotes":""},"categories":[10,66,31],"tags":[],"yoast_head":"<!-- This site is optimized with the Yoast SEO plugin v21.5 - https:\/\/yoast.com\/wordpress\/plugins\/seo\/ -->\n<title>El 25 de junio, visita a las fincas experimentales de Neiker y Eskalmendi - UAGA<\/title>\n<meta name=\"robots\" content=\"index, follow, max-snippet:-1, max-image-preview:large, max-video-preview:-1\" \/>\n<link rel=\"canonical\" href=\"https:\/\/www.uaga.eus\/eu\/el-25-de-junio-visita-a-las-fincas-experimentales-de-neiker-y-eskalmendi\/\" \/>\n<meta property=\"og:locale\" content=\"en_US\" \/>\n<meta property=\"og:type\" content=\"article\" \/>\n<meta property=\"og:title\" content=\"El 25 de junio, visita a las fincas experimentales de Neiker y Eskalmendi - UAGA\" \/>\n<meta property=\"og:description\" content=\"Dentro del plan para el Fomento de la Producci\u00f3n Ecol\u00f3gica (FOPE), impulsado por el Departamento de Desarrollo Econ\u00f3mico e Infraestructuras del Gobierno Vasco en colaboraci\u00f3n con NEIKER, el martes 25 de junio a las 9,30 de la ma\u00f1ana,\u00a0se ha organizado una visita de campo en la que mostrar\u00e1n in situ los cultivos org\u00e1nicos y \u00a0se [&hellip;]\" \/>\n<meta property=\"og:url\" content=\"https:\/\/www.uaga.eus\/eu\/el-25-de-junio-visita-a-las-fincas-experimentales-de-neiker-y-eskalmendi\/\" \/>\n<meta property=\"og:site_name\" content=\"UAGA\" \/>\n<meta property=\"article:published_time\" content=\"2019-06-21T12:05:01+00:00\" \/>\n<meta property=\"article:modified_time\" content=\"2019-06-27T08:47:23+00:00\" \/>\n<meta property=\"og:image\" content=\"https:\/\/www.uaga.eus\/wp-content\/uploads\/2019\/05\/Genuce-e1559301703147.jpg\" \/>\n\t<meta property=\"og:image:width\" content=\"650\" \/>\n\t<meta property=\"og:image:height\" content=\"366\" \/>\n\t<meta property=\"og:image:type\" content=\"image\/jpeg\" \/>\n<meta name=\"author\" content=\"Blanca S\u00e1nchez\" \/>\n<meta name=\"twitter:card\" content=\"summary_large_image\" \/>\n<meta name=\"twitter:label1\" content=\"Written by\" \/>\n\t<meta name=\"twitter:data1\" content=\"Blanca S\u00e1nchez\" \/>\n\t<meta name=\"twitter:label2\" content=\"Est. reading time\" \/>\n\t<meta name=\"twitter:data2\" content=\"1 minutua\" \/>\n<script type=\"application\/ld+json\" class=\"yoast-schema-graph\">{\"@context\":\"https:\/\/schema.org\",\"@graph\":[{\"@type\":\"WebPage\",\"@id\":\"https:\/\/www.uaga.eus\/eu\/el-25-de-junio-visita-a-las-fincas-experimentales-de-neiker-y-eskalmendi\/\",\"url\":\"https:\/\/www.uaga.eus\/eu\/el-25-de-junio-visita-a-las-fincas-experimentales-de-neiker-y-eskalmendi\/\",\"name\":\"El 25 de junio, visita a las fincas experimentales de Neiker y Eskalmendi - UAGA\",\"isPartOf\":{\"@id\":\"https:\/\/www.uaga.eus\/#website\"},\"datePublished\":\"2019-06-21T12:05:01+00:00\",\"dateModified\":\"2019-06-27T08:47:23+00:00\",\"author\":{\"@id\":\"https:\/\/www.uaga.eus\/#\/schema\/person\/48c3cbf0f33d1b788226dbb6518689cf\"},\"breadcrumb\":{\"@id\":\"https:\/\/www.uaga.eus\/eu\/el-25-de-junio-visita-a-las-fincas-experimentales-de-neiker-y-eskalmendi\/#breadcrumb\"},\"inLanguage\":\"eu\",\"potentialAction\":[{\"@type\":\"ReadAction\",\"target\":[\"https:\/\/www.uaga.eus\/eu\/el-25-de-junio-visita-a-las-fincas-experimentales-de-neiker-y-eskalmendi\/\"]}]},{\"@type\":\"BreadcrumbList\",\"@id\":\"https:\/\/www.uaga.eus\/eu\/el-25-de-junio-visita-a-las-fincas-experimentales-de-neiker-y-eskalmendi\/#breadcrumb\",\"itemListElement\":[{\"@type\":\"ListItem\",\"position\":1,\"name\":\"Inicio\",\"item\":\"https:\/\/www.uaga.eus\/\"},{\"@type\":\"ListItem\",\"position\":2,\"name\":\"El 25 de junio, visita a las fincas experimentales de Neiker y Eskalmendi\"}]},{\"@type\":\"WebSite\",\"@id\":\"https:\/\/www.uaga.eus\/#website\",\"url\":\"https:\/\/www.uaga.eus\/\",\"name\":\"UAGA\",\"description\":\"Uni\u00f3n Agroganadera de \u00c1lava - Araba Nekazarien Elkartea\",\"potentialAction\":[{\"@type\":\"SearchAction\",\"target\":{\"@type\":\"EntryPoint\",\"urlTemplate\":\"https:\/\/www.uaga.eus\/?s={search_term_string}\"},\"query-input\":\"required name=search_term_string\"}],\"inLanguage\":\"eu\"},{\"@type\":\"Person\",\"@id\":\"https:\/\/www.uaga.eus\/#\/schema\/person\/48c3cbf0f33d1b788226dbb6518689cf\",\"name\":\"Blanca S\u00e1nchez\",\"image\":{\"@type\":\"ImageObject\",\"inLanguage\":\"eu\",\"@id\":\"https:\/\/www.uaga.eus\/#\/schema\/person\/image\/\",\"url\":\"https:\/\/secure.gravatar.com\/avatar\/0dc91c20648254b1ce84877283f6751b?s=96&d=mm&r=g\",\"contentUrl\":\"https:\/\/secure.gravatar.com\/avatar\/0dc91c20648254b1ce84877283f6751b?s=96&d=mm&r=g\",\"caption\":\"Blanca S\u00e1nchez\"},\"url\":\"https:\/\/www.uaga.eus\/eu\/author\/bsanchez\/\"}]}<\/script>\n<!-- \/ Yoast SEO plugin. -->","yoast_head_json":{"title":"El 25 de junio, visita a las fincas experimentales de Neiker y Eskalmendi - UAGA","robots":{"index":"index","follow":"follow","max-snippet":"max-snippet:-1","max-image-preview":"max-image-preview:large","max-video-preview":"max-video-preview:-1"},"canonical":"https:\/\/www.uaga.eus\/eu\/el-25-de-junio-visita-a-las-fincas-experimentales-de-neiker-y-eskalmendi\/","og_locale":"en_US","og_type":"article","og_title":"El 25 de junio, visita a las fincas experimentales de Neiker y Eskalmendi - UAGA","og_description":"Dentro del plan para el Fomento de la Producci\u00f3n Ecol\u00f3gica (FOPE), impulsado por el Departamento de Desarrollo Econ\u00f3mico e Infraestructuras del Gobierno Vasco en colaboraci\u00f3n con NEIKER, el martes 25 de junio a las 9,30 de la ma\u00f1ana,\u00a0se ha organizado una visita de campo en la que mostrar\u00e1n in situ los cultivos org\u00e1nicos y \u00a0se [&hellip;]","og_url":"https:\/\/www.uaga.eus\/eu\/el-25-de-junio-visita-a-las-fincas-experimentales-de-neiker-y-eskalmendi\/","og_site_name":"UAGA","article_published_time":"2019-06-21T12:05:01+00:00","article_modified_time":"2019-06-27T08:47:23+00:00","og_image":[{"width":650,"height":366,"url":"https:\/\/www.uaga.eus\/wp-content\/uploads\/2019\/05\/Genuce-e1559301703147.jpg","type":"image\/jpeg"}],"author":"Blanca S\u00e1nchez","twitter_card":"summary_large_image","twitter_misc":{"Written by":"Blanca S\u00e1nchez","Est. reading time":"1 minutua"},"schema":{"@context":"https:\/\/schema.org","@graph":[{"@type":"WebPage","@id":"https:\/\/www.uaga.eus\/eu\/el-25-de-junio-visita-a-las-fincas-experimentales-de-neiker-y-eskalmendi\/","url":"https:\/\/www.uaga.eus\/eu\/el-25-de-junio-visita-a-las-fincas-experimentales-de-neiker-y-eskalmendi\/","name":"El 25 de junio, visita a las fincas experimentales de Neiker y Eskalmendi - UAGA","isPartOf":{"@id":"https:\/\/www.uaga.eus\/#website"},"datePublished":"2019-06-21T12:05:01+00:00","dateModified":"2019-06-27T08:47:23+00:00","author":{"@id":"https:\/\/www.uaga.eus\/#\/schema\/person\/48c3cbf0f33d1b788226dbb6518689cf"},"breadcrumb":{"@id":"https:\/\/www.uaga.eus\/eu\/el-25-de-junio-visita-a-las-fincas-experimentales-de-neiker-y-eskalmendi\/#breadcrumb"},"inLanguage":"eu","potentialAction":[{"@type":"ReadAction","target":["https:\/\/www.uaga.eus\/eu\/el-25-de-junio-visita-a-las-fincas-experimentales-de-neiker-y-eskalmendi\/"]}]},{"@type":"BreadcrumbList","@id":"https:\/\/www.uaga.eus\/eu\/el-25-de-junio-visita-a-las-fincas-experimentales-de-neiker-y-eskalmendi\/#breadcrumb","itemListElement":[{"@type":"ListItem","position":1,"name":"Inicio","item":"https:\/\/www.uaga.eus\/"},{"@type":"ListItem","position":2,"name":"El 25 de junio, visita a las fincas experimentales de Neiker y Eskalmendi"}]},{"@type":"WebSite","@id":"https:\/\/www.uaga.eus\/#website","url":"https:\/\/www.uaga.eus\/","name":"UAGA","description":"Uni\u00f3n Agroganadera de \u00c1lava - Araba Nekazarien Elkartea","potentialAction":[{"@type":"SearchAction","target":{"@type":"EntryPoint","urlTemplate":"https:\/\/www.uaga.eus\/?s={search_term_string}"},"query-input":"required name=search_term_string"}],"inLanguage":"eu"},{"@type":"Person","@id":"https:\/\/www.uaga.eus\/#\/schema\/person\/48c3cbf0f33d1b788226dbb6518689cf","name":"Blanca S\u00e1nchez","image":{"@type":"ImageObject","inLanguage":"eu","@id":"https:\/\/www.uaga.eus\/#\/schema\/person\/image\/","url":"https:\/\/secure.gravatar.com\/avatar\/0dc91c20648254b1ce84877283f6751b?s=96&d=mm&r=g","contentUrl":"https:\/\/secure.gravatar.com\/avatar\/0dc91c20648254b1ce84877283f6751b?s=96&d=mm&r=g","caption":"Blanca S\u00e1nchez"},"url":"https:\/\/www.uaga.eus\/eu\/author\/bsanchez\/"}]}},"_links":{"self":[{"href":"https:\/\/www.uaga.eus\/eu\/wp-json\/wp\/v2\/posts\/6241"}],"collection":[{"href":"https:\/\/www.uaga.eus\/eu\/wp-json\/wp\/v2\/posts"}],"about":[{"href":"https:\/\/www.uaga.eus\/eu\/wp-json\/wp\/v2\/types\/post"}],"author":[{"embeddable":true,"href":"https:\/\/www.uaga.eus\/eu\/wp-json\/wp\/v2\/users\/4"}],"replies":[{"embeddable":true,"href":"https:\/\/www.uaga.eus\/eu\/wp-json\/wp\/v2\/comments?post=6241"}],"version-history":[{"count":1,"href":"https:\/\/www.uaga.eus\/eu\/wp-json\/wp\/v2\/posts\/6241\/revisions"}],"predecessor-version":[{"id":6242,"href":"https:\/\/www.uaga.eus\/eu\/wp-json\/wp\/v2\/posts\/6241\/revisions\/6242"}],"wp:featuredmedia":[{"embeddable":true,"href":"https:\/\/www.uaga.eus\/eu\/wp-json\/wp\/v2\/media\/6124"}],"wp:attachment":[{"href":"https:\/\/www.uaga.eus\/eu\/wp-json\/wp\/v2\/media?parent=6241"}],"wp:term":[{"taxonomy":"category","embeddable":true,"href":"https:\/\/www.uaga.eus\/eu\/wp-json\/wp\/v2\/categories?post=6241"},{"taxonomy":"post_tag","embeddable":true,"href":"https:\/\/www.uaga.eus\/eu\/wp-json\/wp\/v2\/tags?post=6241"}],"curies":[{"name":"wp","href":"https:\/\/api.w.org\/{rel}","templated":true}]}}