{"id":6231,"date":"2019-06-14T11:55:45","date_gmt":"2019-06-14T11:55:45","guid":{"rendered":"https:\/\/www.uaga.eus\/?p=6231"},"modified":"2019-07-19T11:40:30","modified_gmt":"2019-07-19T11:40:30","slug":"exito-de-asistencia-al-encuentro-estatal-de-jovenes-de-coag-2019-organizado-por-uaga","status":"publish","type":"post","link":"https:\/\/www.uaga.eus\/eu\/exito-de-asistencia-al-encuentro-estatal-de-jovenes-de-coag-2019-organizado-por-uaga\/","title":{"rendered":"\u00c9xito de asistencia al Encuentro Estatal de J\u00f3venes de COAG 2019 organizado por UAGA"},"content":{"rendered":"<p>El primer fin de semana de junio hemos celebrado en \u00c1lava el Encuentro Estatal de J\u00f3venes de COAG 2019, organizado por UAGA y que tuvo como tema central el cambio clim\u00e1tico y el futuro sostenible para el sector agrario.<\/p>\n<p>Han participado m\u00e1s de 40 j\u00f3venes de distintas comunidades aut\u00f3nomas, lo que ha supuesto una buena oportunidad para fomentar las relaciones con j\u00f3venes de otras comunidades, compartir experiencias y aprender unos de otros.<\/p>\n<p>En la jornada del viernes visitamos una bodega de Rioja Alavesa y explicamos el Proyecto de Temporerismo de UAGA, que result\u00f3 de gran inter\u00e9s para otras comunidades que no tienen tan desarrollada la gesti\u00f3n de la contrataci\u00f3n de personas temporeras.<\/p>\n<p>Durante el s\u00e1bado, expertos del sector en Euskadi, representantes de NEIKER, HAZI y del Foro Rural Mundial, abordaron distintos \u00e1mbitos como la innovaci\u00f3n, las nuevass normativas y las pol\u00edticas agrarias en el contexto del cambio clim\u00e1tico.<\/p>\n<p>Por parte del FRM se expusieron las claves a nivel internacional de las necesidades del sector para conseguir el relevo generacional tan necesario, y as\u00ed garantizar la sostenibilidad del sector.<br \/>\nY el s\u00e1bado tambi\u00e9n visitamos una explotaci\u00f3n ganadera en Kuartango gestionada por dos j\u00f3venes afiliados de UAGA.<\/p>\n<p>Las jornadas han sido muy participativas y han surgido muchas ideas interesantes que tenemos que analizar y sobre las que pr\u00f3ximamente informaremos en una publicaci\u00f3n UAGAiNFO espec\u00edfica.<\/p>\n<p>El relevo generacional es un objetivo estrat\u00e9gico en UAGA desde hace varios a\u00f1os, por lo que seguiremos fomentando la participaci\u00f3n de lo j\u00f3venes en UAGA y cooperando con otras organizaciones del sector que comparten el mismo objetivo.<\/p>\n<p>+ info: GUSTAVO 635 704 865 \/\u00a0SUGOI 675 707 696<\/p>","protected":false},"excerpt":{"rendered":"<p>El primer fin de semana de junio hemos celebrado en \u00c1lava el Encuentro Estatal de J\u00f3venes de COAG 2019, organizado por UAGA y que tuvo como tema central el cambio clim\u00e1tico y el futuro sostenible para el sector agrario. Han participado m\u00e1s de 40 j\u00f3venes de distintas comunidades aut\u00f3nomas, lo que ha supuesto una buena [&hellip;]<\/p>\n","protected":false},"author":4,"featured_media":6232,"comment_status":"closed","ping_status":"closed","sticky":false,"template":"","format":"standard","meta":{"footnotes":""},"categories":[3],"tags":[],"yoast_head":"<!-- This site is optimized with the Yoast SEO plugin v21.5 - https:\/\/yoast.com\/wordpress\/plugins\/seo\/ -->\n<title>\u00c9xito de asistencia al Encuentro Estatal de J\u00f3venes de COAG 2019 organizado por UAGA - UAGA<\/title>\n<meta name=\"robots\" content=\"index, follow, max-snippet:-1, max-image-preview:large, max-video-preview:-1\" \/>\n<link rel=\"canonical\" href=\"https:\/\/www.uaga.eus\/exito-de-asistencia-al-encuentro-estatal-de-jovenes-de-coag-2019-organizado-por-uaga\/\" \/>\n<meta property=\"og:locale\" content=\"en_US\" \/>\n<meta property=\"og:type\" content=\"article\" \/>\n<meta property=\"og:title\" content=\"\u00c9xito de asistencia al Encuentro Estatal de J\u00f3venes de COAG 2019 organizado por UAGA - UAGA\" \/>\n<meta property=\"og:description\" content=\"El primer fin de semana de junio hemos celebrado en \u00c1lava el Encuentro Estatal de J\u00f3venes de COAG 2019, organizado por UAGA y que tuvo como tema central el cambio clim\u00e1tico y el futuro sostenible para el sector agrario. Han participado m\u00e1s de 40 j\u00f3venes de distintas comunidades aut\u00f3nomas, lo que ha supuesto una buena [&hellip;]\" \/>\n<meta property=\"og:url\" content=\"https:\/\/www.uaga.eus\/exito-de-asistencia-al-encuentro-estatal-de-jovenes-de-coag-2019-organizado-por-uaga\/\" \/>\n<meta property=\"og:site_name\" content=\"UAGA\" \/>\n<meta property=\"article:published_time\" content=\"2019-06-14T11:55:45+00:00\" \/>\n<meta property=\"article:modified_time\" content=\"2019-07-19T11:40:30+00:00\" \/>\n<meta property=\"og:image\" content=\"https:\/\/www.uaga.eus\/wp-content\/uploads\/2019\/06\/190531-encuentro-j\u00f3venes-UAGA.jpg\" \/>\n\t<meta property=\"og:image:width\" content=\"649\" \/>\n\t<meta property=\"og:image:height\" content=\"326\" \/>\n\t<meta property=\"og:image:type\" content=\"image\/jpeg\" \/>\n<meta name=\"author\" content=\"Blanca S\u00e1nchez\" \/>\n<meta name=\"twitter:card\" content=\"summary_large_image\" \/>\n<meta name=\"twitter:label1\" content=\"Written by\" \/>\n\t<meta name=\"twitter:data1\" content=\"Blanca S\u00e1nchez\" \/>\n\t<meta name=\"twitter:label2\" content=\"Est. reading time\" \/>\n\t<meta name=\"twitter:data2\" content=\"3 minutua\" \/>\n<script type=\"application\/ld+json\" class=\"yoast-schema-graph\">{\"@context\":\"https:\/\/schema.org\",\"@graph\":[{\"@type\":\"WebPage\",\"@id\":\"https:\/\/www.uaga.eus\/exito-de-asistencia-al-encuentro-estatal-de-jovenes-de-coag-2019-organizado-por-uaga\/\",\"url\":\"https:\/\/www.uaga.eus\/exito-de-asistencia-al-encuentro-estatal-de-jovenes-de-coag-2019-organizado-por-uaga\/\",\"name\":\"\u00c9xito de asistencia al Encuentro Estatal de J\u00f3venes de COAG 2019 organizado por UAGA - UAGA\",\"isPartOf\":{\"@id\":\"https:\/\/www.uaga.eus\/#website\"},\"datePublished\":\"2019-06-14T11:55:45+00:00\",\"dateModified\":\"2019-07-19T11:40:30+00:00\",\"author\":{\"@id\":\"https:\/\/www.uaga.eus\/#\/schema\/person\/48c3cbf0f33d1b788226dbb6518689cf\"},\"breadcrumb\":{\"@id\":\"https:\/\/www.uaga.eus\/exito-de-asistencia-al-encuentro-estatal-de-jovenes-de-coag-2019-organizado-por-uaga\/#breadcrumb\"},\"inLanguage\":\"eu\",\"potentialAction\":[{\"@type\":\"ReadAction\",\"target\":[\"https:\/\/www.uaga.eus\/exito-de-asistencia-al-encuentro-estatal-de-jovenes-de-coag-2019-organizado-por-uaga\/\"]}]},{\"@type\":\"BreadcrumbList\",\"@id\":\"https:\/\/www.uaga.eus\/exito-de-asistencia-al-encuentro-estatal-de-jovenes-de-coag-2019-organizado-por-uaga\/#breadcrumb\",\"itemListElement\":[{\"@type\":\"ListItem\",\"position\":1,\"name\":\"Inicio\",\"item\":\"https:\/\/www.uaga.eus\/\"},{\"@type\":\"ListItem\",\"position\":2,\"name\":\"\u00c9xito de asistencia al Encuentro Estatal de J\u00f3venes de COAG 2019 organizado por UAGA\"}]},{\"@type\":\"WebSite\",\"@id\":\"https:\/\/www.uaga.eus\/#website\",\"url\":\"https:\/\/www.uaga.eus\/\",\"name\":\"UAGA\",\"description\":\"Uni\u00f3n Agroganadera de \u00c1lava - Araba Nekazarien Elkartea\",\"potentialAction\":[{\"@type\":\"SearchAction\",\"target\":{\"@type\":\"EntryPoint\",\"urlTemplate\":\"https:\/\/www.uaga.eus\/?s={search_term_string}\"},\"query-input\":\"required name=search_term_string\"}],\"inLanguage\":\"eu\"},{\"@type\":\"Person\",\"@id\":\"https:\/\/www.uaga.eus\/#\/schema\/person\/48c3cbf0f33d1b788226dbb6518689cf\",\"name\":\"Blanca S\u00e1nchez\",\"image\":{\"@type\":\"ImageObject\",\"inLanguage\":\"eu\",\"@id\":\"https:\/\/www.uaga.eus\/#\/schema\/person\/image\/\",\"url\":\"https:\/\/secure.gravatar.com\/avatar\/0dc91c20648254b1ce84877283f6751b?s=96&d=mm&r=g\",\"contentUrl\":\"https:\/\/secure.gravatar.com\/avatar\/0dc91c20648254b1ce84877283f6751b?s=96&d=mm&r=g\",\"caption\":\"Blanca S\u00e1nchez\"},\"url\":\"https:\/\/www.uaga.eus\/eu\/author\/bsanchez\/\"}]}<\/script>\n<!-- \/ Yoast SEO plugin. -->","yoast_head_json":{"title":"\u00c9xito de asistencia al Encuentro Estatal de J\u00f3venes de COAG 2019 organizado por UAGA - UAGA","robots":{"index":"index","follow":"follow","max-snippet":"max-snippet:-1","max-image-preview":"max-image-preview:large","max-video-preview":"max-video-preview:-1"},"canonical":"https:\/\/www.uaga.eus\/exito-de-asistencia-al-encuentro-estatal-de-jovenes-de-coag-2019-organizado-por-uaga\/","og_locale":"en_US","og_type":"article","og_title":"\u00c9xito de asistencia al Encuentro Estatal de J\u00f3venes de COAG 2019 organizado por UAGA - UAGA","og_description":"El primer fin de semana de junio hemos celebrado en \u00c1lava el Encuentro Estatal de J\u00f3venes de COAG 2019, organizado por UAGA y que tuvo como tema central el cambio clim\u00e1tico y el futuro sostenible para el sector agrario. Han participado m\u00e1s de 40 j\u00f3venes de distintas comunidades aut\u00f3nomas, lo que ha supuesto una buena [&hellip;]","og_url":"https:\/\/www.uaga.eus\/exito-de-asistencia-al-encuentro-estatal-de-jovenes-de-coag-2019-organizado-por-uaga\/","og_site_name":"UAGA","article_published_time":"2019-06-14T11:55:45+00:00","article_modified_time":"2019-07-19T11:40:30+00:00","og_image":[{"width":649,"height":326,"url":"https:\/\/www.uaga.eus\/wp-content\/uploads\/2019\/06\/190531-encuentro-j\u00f3venes-UAGA.jpg","type":"image\/jpeg"}],"author":"Blanca S\u00e1nchez","twitter_card":"summary_large_image","twitter_misc":{"Written by":"Blanca S\u00e1nchez","Est. reading time":"3 minutua"},"schema":{"@context":"https:\/\/schema.org","@graph":[{"@type":"WebPage","@id":"https:\/\/www.uaga.eus\/exito-de-asistencia-al-encuentro-estatal-de-jovenes-de-coag-2019-organizado-por-uaga\/","url":"https:\/\/www.uaga.eus\/exito-de-asistencia-al-encuentro-estatal-de-jovenes-de-coag-2019-organizado-por-uaga\/","name":"\u00c9xito de asistencia al Encuentro Estatal de J\u00f3venes de COAG 2019 organizado por UAGA - UAGA","isPartOf":{"@id":"https:\/\/www.uaga.eus\/#website"},"datePublished":"2019-06-14T11:55:45+00:00","dateModified":"2019-07-19T11:40:30+00:00","author":{"@id":"https:\/\/www.uaga.eus\/#\/schema\/person\/48c3cbf0f33d1b788226dbb6518689cf"},"breadcrumb":{"@id":"https:\/\/www.uaga.eus\/exito-de-asistencia-al-encuentro-estatal-de-jovenes-de-coag-2019-organizado-por-uaga\/#breadcrumb"},"inLanguage":"eu","potentialAction":[{"@type":"ReadAction","target":["https:\/\/www.uaga.eus\/exito-de-asistencia-al-encuentro-estatal-de-jovenes-de-coag-2019-organizado-por-uaga\/"]}]},{"@type":"BreadcrumbList","@id":"https:\/\/www.uaga.eus\/exito-de-asistencia-al-encuentro-estatal-de-jovenes-de-coag-2019-organizado-por-uaga\/#breadcrumb","itemListElement":[{"@type":"ListItem","position":1,"name":"Inicio","item":"https:\/\/www.uaga.eus\/"},{"@type":"ListItem","position":2,"name":"\u00c9xito de asistencia al Encuentro Estatal de J\u00f3venes de COAG 2019 organizado por UAGA"}]},{"@type":"WebSite","@id":"https:\/\/www.uaga.eus\/#website","url":"https:\/\/www.uaga.eus\/","name":"UAGA","description":"Uni\u00f3n Agroganadera de \u00c1lava - Araba Nekazarien Elkartea","potentialAction":[{"@type":"SearchAction","target":{"@type":"EntryPoint","urlTemplate":"https:\/\/www.uaga.eus\/?s={search_term_string}"},"query-input":"required name=search_term_string"}],"inLanguage":"eu"},{"@type":"Person","@id":"https:\/\/www.uaga.eus\/#\/schema\/person\/48c3cbf0f33d1b788226dbb6518689cf","name":"Blanca S\u00e1nchez","image":{"@type":"ImageObject","inLanguage":"eu","@id":"https:\/\/www.uaga.eus\/#\/schema\/person\/image\/","url":"https:\/\/secure.gravatar.com\/avatar\/0dc91c20648254b1ce84877283f6751b?s=96&d=mm&r=g","contentUrl":"https:\/\/secure.gravatar.com\/avatar\/0dc91c20648254b1ce84877283f6751b?s=96&d=mm&r=g","caption":"Blanca S\u00e1nchez"},"url":"https:\/\/www.uaga.eus\/eu\/author\/bsanchez\/"}]}},"_links":{"self":[{"href":"https:\/\/www.uaga.eus\/eu\/wp-json\/wp\/v2\/posts\/6231"}],"collection":[{"href":"https:\/\/www.uaga.eus\/eu\/wp-json\/wp\/v2\/posts"}],"about":[{"href":"https:\/\/www.uaga.eus\/eu\/wp-json\/wp\/v2\/types\/post"}],"author":[{"embeddable":true,"href":"https:\/\/www.uaga.eus\/eu\/wp-json\/wp\/v2\/users\/4"}],"replies":[{"embeddable":true,"href":"https:\/\/www.uaga.eus\/eu\/wp-json\/wp\/v2\/comments?post=6231"}],"version-history":[{"count":2,"href":"https:\/\/www.uaga.eus\/eu\/wp-json\/wp\/v2\/posts\/6231\/revisions"}],"predecessor-version":[{"id":6234,"href":"https:\/\/www.uaga.eus\/eu\/wp-json\/wp\/v2\/posts\/6231\/revisions\/6234"}],"wp:featuredmedia":[{"embeddable":true,"href":"https:\/\/www.uaga.eus\/eu\/wp-json\/wp\/v2\/media\/6232"}],"wp:attachment":[{"href":"https:\/\/www.uaga.eus\/eu\/wp-json\/wp\/v2\/media?parent=6231"}],"wp:term":[{"taxonomy":"category","embeddable":true,"href":"https:\/\/www.uaga.eus\/eu\/wp-json\/wp\/v2\/categories?post=6231"},{"taxonomy":"post_tag","embeddable":true,"href":"https:\/\/www.uaga.eus\/eu\/wp-json\/wp\/v2\/tags?post=6231"}],"curies":[{"name":"wp","href":"https:\/\/api.w.org\/{rel}","templated":true}]}}