{"id":6219,"date":"2019-06-14T11:37:00","date_gmt":"2019-06-14T11:37:00","guid":{"rendered":"https:\/\/www.uaga.eus\/?p=6219"},"modified":"2019-06-14T11:37:00","modified_gmt":"2019-06-14T11:37:00","slug":"las-explotaciones-interesadas-en-participar-en-la-feria-de-santiago-pueden-solicitar-un-puesto-hasta-el-28-de-junio","status":"publish","type":"post","link":"https:\/\/www.uaga.eus\/eu\/las-explotaciones-interesadas-en-participar-en-la-feria-de-santiago-pueden-solicitar-un-puesto-hasta-el-28-de-junio\/","title":{"rendered":"Las explotaciones interesadas en participar en la Feria de Santiago pueden solicitar un puesto hasta el 28 de junio"},"content":{"rendered":"<p>La Diputaci\u00f3n Foral de \u00c1lava acaba de abrir la convocatoria p\u00fablica para solicitar\u00a0un puesto de venta en la Feria Agr\u00edcola de Santiago 2019, que\u00a0se celebrar\u00e1 el d\u00eda 25 de julio de 2019 en el Campus Universitario de Vitoria-Gasteiz.<\/p>\n<p>Las personas interesadas deber\u00e1n remitir la solicitud al Registro Foral de la Diputaci\u00f3n Foral de \u00c1lava o a cualquier Oficina Comarcal Agraria. El plazo est\u00e1 abierto hasta el 28 de junio.<\/p>\n<p>Puedes encontrar toda la informaci\u00f3n en este\u00a0<a href=\"https:\/\/web.araba.eus\/es\/-\/tr-participacion-feria-agricola-santiago \" target=\"_blank\" rel=\"noopener\" data-cke-saved-href=\"https:\/\/web.araba.eus\/es\/-\/tr-participacion-feria-agricola-santiago \">enlace<\/a>.<\/p>\n<p>+ info: BEATRIZ 688 816 181<\/p>\n","protected":false},"excerpt":{"rendered":"<p>La Diputaci\u00f3n Foral de \u00c1lava acaba de abrir la convocatoria p\u00fablica para solicitar\u00a0un puesto de venta en la Feria Agr\u00edcola de Santiago 2019, que\u00a0se celebrar\u00e1 el d\u00eda 25 de julio de 2019 en el Campus Universitario de Vitoria-Gasteiz. Las personas interesadas deber\u00e1n remitir la solicitud al Registro Foral de la Diputaci\u00f3n Foral de \u00c1lava o [&hellip;]<\/p>\n","protected":false},"author":4,"featured_media":3879,"comment_status":"closed","ping_status":"closed","sticky":false,"template":"","format":"standard","meta":{"footnotes":""},"categories":[12],"tags":[],"yoast_head":"<!-- This site is optimized with the Yoast SEO plugin v21.5 - https:\/\/yoast.com\/wordpress\/plugins\/seo\/ -->\n<title>Las explotaciones interesadas en participar en la Feria de Santiago pueden solicitar un puesto hasta el 28 de junio - UAGA<\/title>\n<meta name=\"robots\" content=\"index, follow, max-snippet:-1, max-image-preview:large, max-video-preview:-1\" \/>\n<link rel=\"canonical\" href=\"https:\/\/www.uaga.eus\/las-explotaciones-interesadas-en-participar-en-la-feria-de-santiago-pueden-solicitar-un-puesto-hasta-el-28-de-junio\/\" \/>\n<meta property=\"og:locale\" content=\"en_US\" \/>\n<meta property=\"og:type\" content=\"article\" \/>\n<meta property=\"og:title\" content=\"Las explotaciones interesadas en participar en la Feria de Santiago pueden solicitar un puesto hasta el 28 de junio - UAGA\" \/>\n<meta property=\"og:description\" content=\"La Diputaci\u00f3n Foral de \u00c1lava acaba de abrir la convocatoria p\u00fablica para solicitar\u00a0un puesto de venta en la Feria Agr\u00edcola de Santiago 2019, que\u00a0se celebrar\u00e1 el d\u00eda 25 de julio de 2019 en el Campus Universitario de Vitoria-Gasteiz. Las personas interesadas deber\u00e1n remitir la solicitud al Registro Foral de la Diputaci\u00f3n Foral de \u00c1lava o [&hellip;]\" \/>\n<meta property=\"og:url\" content=\"https:\/\/www.uaga.eus\/las-explotaciones-interesadas-en-participar-en-la-feria-de-santiago-pueden-solicitar-un-puesto-hasta-el-28-de-junio\/\" \/>\n<meta property=\"og:site_name\" content=\"UAGA\" \/>\n<meta property=\"article:published_time\" content=\"2019-06-14T11:37:00+00:00\" \/>\n<meta property=\"og:image\" content=\"https:\/\/www.uaga.eus\/wp-content\/uploads\/2018\/07\/feria-santiago-2-e1532691404302.jpg\" \/>\n\t<meta property=\"og:image:width\" content=\"698\" \/>\n\t<meta property=\"og:image:height\" content=\"385\" \/>\n\t<meta property=\"og:image:type\" content=\"image\/jpeg\" \/>\n<meta name=\"author\" content=\"Blanca S\u00e1nchez\" \/>\n<meta name=\"twitter:card\" content=\"summary_large_image\" \/>\n<meta name=\"twitter:label1\" content=\"Written by\" \/>\n\t<meta name=\"twitter:data1\" content=\"Blanca S\u00e1nchez\" \/>\n<script type=\"application\/ld+json\" class=\"yoast-schema-graph\">{\"@context\":\"https:\/\/schema.org\",\"@graph\":[{\"@type\":\"WebPage\",\"@id\":\"https:\/\/www.uaga.eus\/las-explotaciones-interesadas-en-participar-en-la-feria-de-santiago-pueden-solicitar-un-puesto-hasta-el-28-de-junio\/\",\"url\":\"https:\/\/www.uaga.eus\/las-explotaciones-interesadas-en-participar-en-la-feria-de-santiago-pueden-solicitar-un-puesto-hasta-el-28-de-junio\/\",\"name\":\"Las explotaciones interesadas en participar en la Feria de Santiago pueden solicitar un puesto hasta el 28 de junio - UAGA\",\"isPartOf\":{\"@id\":\"https:\/\/www.uaga.eus\/#website\"},\"datePublished\":\"2019-06-14T11:37:00+00:00\",\"dateModified\":\"2019-06-14T11:37:00+00:00\",\"author\":{\"@id\":\"https:\/\/www.uaga.eus\/#\/schema\/person\/48c3cbf0f33d1b788226dbb6518689cf\"},\"breadcrumb\":{\"@id\":\"https:\/\/www.uaga.eus\/las-explotaciones-interesadas-en-participar-en-la-feria-de-santiago-pueden-solicitar-un-puesto-hasta-el-28-de-junio\/#breadcrumb\"},\"inLanguage\":\"eu\",\"potentialAction\":[{\"@type\":\"ReadAction\",\"target\":[\"https:\/\/www.uaga.eus\/las-explotaciones-interesadas-en-participar-en-la-feria-de-santiago-pueden-solicitar-un-puesto-hasta-el-28-de-junio\/\"]}]},{\"@type\":\"BreadcrumbList\",\"@id\":\"https:\/\/www.uaga.eus\/las-explotaciones-interesadas-en-participar-en-la-feria-de-santiago-pueden-solicitar-un-puesto-hasta-el-28-de-junio\/#breadcrumb\",\"itemListElement\":[{\"@type\":\"ListItem\",\"position\":1,\"name\":\"Inicio\",\"item\":\"https:\/\/www.uaga.eus\/\"},{\"@type\":\"ListItem\",\"position\":2,\"name\":\"Las explotaciones interesadas en participar en la Feria de Santiago pueden solicitar un puesto hasta el 28 de junio\"}]},{\"@type\":\"WebSite\",\"@id\":\"https:\/\/www.uaga.eus\/#website\",\"url\":\"https:\/\/www.uaga.eus\/\",\"name\":\"UAGA\",\"description\":\"Uni\u00f3n Agroganadera de \u00c1lava - Araba Nekazarien Elkartea\",\"potentialAction\":[{\"@type\":\"SearchAction\",\"target\":{\"@type\":\"EntryPoint\",\"urlTemplate\":\"https:\/\/www.uaga.eus\/?s={search_term_string}\"},\"query-input\":\"required name=search_term_string\"}],\"inLanguage\":\"eu\"},{\"@type\":\"Person\",\"@id\":\"https:\/\/www.uaga.eus\/#\/schema\/person\/48c3cbf0f33d1b788226dbb6518689cf\",\"name\":\"Blanca S\u00e1nchez\",\"image\":{\"@type\":\"ImageObject\",\"inLanguage\":\"eu\",\"@id\":\"https:\/\/www.uaga.eus\/#\/schema\/person\/image\/\",\"url\":\"https:\/\/secure.gravatar.com\/avatar\/0dc91c20648254b1ce84877283f6751b?s=96&d=mm&r=g\",\"contentUrl\":\"https:\/\/secure.gravatar.com\/avatar\/0dc91c20648254b1ce84877283f6751b?s=96&d=mm&r=g\",\"caption\":\"Blanca S\u00e1nchez\"},\"url\":\"https:\/\/www.uaga.eus\/eu\/author\/bsanchez\/\"}]}<\/script>\n<!-- \/ Yoast SEO plugin. -->","yoast_head_json":{"title":"Las explotaciones interesadas en participar en la Feria de Santiago pueden solicitar un puesto hasta el 28 de junio - UAGA","robots":{"index":"index","follow":"follow","max-snippet":"max-snippet:-1","max-image-preview":"max-image-preview:large","max-video-preview":"max-video-preview:-1"},"canonical":"https:\/\/www.uaga.eus\/las-explotaciones-interesadas-en-participar-en-la-feria-de-santiago-pueden-solicitar-un-puesto-hasta-el-28-de-junio\/","og_locale":"en_US","og_type":"article","og_title":"Las explotaciones interesadas en participar en la Feria de Santiago pueden solicitar un puesto hasta el 28 de junio - UAGA","og_description":"La Diputaci\u00f3n Foral de \u00c1lava acaba de abrir la convocatoria p\u00fablica para solicitar\u00a0un puesto de venta en la Feria Agr\u00edcola de Santiago 2019, que\u00a0se celebrar\u00e1 el d\u00eda 25 de julio de 2019 en el Campus Universitario de Vitoria-Gasteiz. Las personas interesadas deber\u00e1n remitir la solicitud al Registro Foral de la Diputaci\u00f3n Foral de \u00c1lava o [&hellip;]","og_url":"https:\/\/www.uaga.eus\/las-explotaciones-interesadas-en-participar-en-la-feria-de-santiago-pueden-solicitar-un-puesto-hasta-el-28-de-junio\/","og_site_name":"UAGA","article_published_time":"2019-06-14T11:37:00+00:00","og_image":[{"width":698,"height":385,"url":"https:\/\/www.uaga.eus\/wp-content\/uploads\/2018\/07\/feria-santiago-2-e1532691404302.jpg","type":"image\/jpeg"}],"author":"Blanca S\u00e1nchez","twitter_card":"summary_large_image","twitter_misc":{"Written by":"Blanca S\u00e1nchez"},"schema":{"@context":"https:\/\/schema.org","@graph":[{"@type":"WebPage","@id":"https:\/\/www.uaga.eus\/las-explotaciones-interesadas-en-participar-en-la-feria-de-santiago-pueden-solicitar-un-puesto-hasta-el-28-de-junio\/","url":"https:\/\/www.uaga.eus\/las-explotaciones-interesadas-en-participar-en-la-feria-de-santiago-pueden-solicitar-un-puesto-hasta-el-28-de-junio\/","name":"Las explotaciones interesadas en participar en la Feria de Santiago pueden solicitar un puesto hasta el 28 de junio - UAGA","isPartOf":{"@id":"https:\/\/www.uaga.eus\/#website"},"datePublished":"2019-06-14T11:37:00+00:00","dateModified":"2019-06-14T11:37:00+00:00","author":{"@id":"https:\/\/www.uaga.eus\/#\/schema\/person\/48c3cbf0f33d1b788226dbb6518689cf"},"breadcrumb":{"@id":"https:\/\/www.uaga.eus\/las-explotaciones-interesadas-en-participar-en-la-feria-de-santiago-pueden-solicitar-un-puesto-hasta-el-28-de-junio\/#breadcrumb"},"inLanguage":"eu","potentialAction":[{"@type":"ReadAction","target":["https:\/\/www.uaga.eus\/las-explotaciones-interesadas-en-participar-en-la-feria-de-santiago-pueden-solicitar-un-puesto-hasta-el-28-de-junio\/"]}]},{"@type":"BreadcrumbList","@id":"https:\/\/www.uaga.eus\/las-explotaciones-interesadas-en-participar-en-la-feria-de-santiago-pueden-solicitar-un-puesto-hasta-el-28-de-junio\/#breadcrumb","itemListElement":[{"@type":"ListItem","position":1,"name":"Inicio","item":"https:\/\/www.uaga.eus\/"},{"@type":"ListItem","position":2,"name":"Las explotaciones interesadas en participar en la Feria de Santiago pueden solicitar un puesto hasta el 28 de junio"}]},{"@type":"WebSite","@id":"https:\/\/www.uaga.eus\/#website","url":"https:\/\/www.uaga.eus\/","name":"UAGA","description":"Uni\u00f3n Agroganadera de \u00c1lava - Araba Nekazarien Elkartea","potentialAction":[{"@type":"SearchAction","target":{"@type":"EntryPoint","urlTemplate":"https:\/\/www.uaga.eus\/?s={search_term_string}"},"query-input":"required name=search_term_string"}],"inLanguage":"eu"},{"@type":"Person","@id":"https:\/\/www.uaga.eus\/#\/schema\/person\/48c3cbf0f33d1b788226dbb6518689cf","name":"Blanca S\u00e1nchez","image":{"@type":"ImageObject","inLanguage":"eu","@id":"https:\/\/www.uaga.eus\/#\/schema\/person\/image\/","url":"https:\/\/secure.gravatar.com\/avatar\/0dc91c20648254b1ce84877283f6751b?s=96&d=mm&r=g","contentUrl":"https:\/\/secure.gravatar.com\/avatar\/0dc91c20648254b1ce84877283f6751b?s=96&d=mm&r=g","caption":"Blanca S\u00e1nchez"},"url":"https:\/\/www.uaga.eus\/eu\/author\/bsanchez\/"}]}},"_links":{"self":[{"href":"https:\/\/www.uaga.eus\/eu\/wp-json\/wp\/v2\/posts\/6219"}],"collection":[{"href":"https:\/\/www.uaga.eus\/eu\/wp-json\/wp\/v2\/posts"}],"about":[{"href":"https:\/\/www.uaga.eus\/eu\/wp-json\/wp\/v2\/types\/post"}],"author":[{"embeddable":true,"href":"https:\/\/www.uaga.eus\/eu\/wp-json\/wp\/v2\/users\/4"}],"replies":[{"embeddable":true,"href":"https:\/\/www.uaga.eus\/eu\/wp-json\/wp\/v2\/comments?post=6219"}],"version-history":[{"count":1,"href":"https:\/\/www.uaga.eus\/eu\/wp-json\/wp\/v2\/posts\/6219\/revisions"}],"predecessor-version":[{"id":6220,"href":"https:\/\/www.uaga.eus\/eu\/wp-json\/wp\/v2\/posts\/6219\/revisions\/6220"}],"wp:featuredmedia":[{"embeddable":true,"href":"https:\/\/www.uaga.eus\/eu\/wp-json\/wp\/v2\/media\/3879"}],"wp:attachment":[{"href":"https:\/\/www.uaga.eus\/eu\/wp-json\/wp\/v2\/media?parent=6219"}],"wp:term":[{"taxonomy":"category","embeddable":true,"href":"https:\/\/www.uaga.eus\/eu\/wp-json\/wp\/v2\/categories?post=6219"},{"taxonomy":"post_tag","embeddable":true,"href":"https:\/\/www.uaga.eus\/eu\/wp-json\/wp\/v2\/tags?post=6219"}],"curies":[{"name":"wp","href":"https:\/\/api.w.org\/{rel}","templated":true}]}}