{"id":6217,"date":"2019-06-14T11:35:58","date_gmt":"2019-06-14T11:35:58","guid":{"rendered":"https:\/\/www.uaga.eus\/?p=6217"},"modified":"2019-06-17T08:43:28","modified_gmt":"2019-06-17T08:43:28","slug":"gobierno-vasco-publica-el-observatorio-alimentario-vasco-del-mes-de-junio","status":"publish","type":"post","link":"https:\/\/www.uaga.eus\/eu\/gobierno-vasco-publica-el-observatorio-alimentario-vasco-del-mes-de-junio\/","title":{"rendered":"Gobierno Vasco publica el observatorio alimentario vasco del mes de junio"},"content":{"rendered":"<p>El informe mensual de coyuntura sobre el sector agroalimentario\u00a0que elabora HAZI\u00a0\u00a0para el Departamento de Desarrollo Econ\u00f3mico e Infraestructuras del Gobierno Vasco, aporta informaci\u00f3n sobre la Cadena de Valor de la Alimentaci\u00f3n, la pr\u00f3xima elaboraci\u00f3n del Censo Agrario para el a\u00f1o 2020, la cotizaci\u00f3n del precio de la leche o la cotizaci\u00f3n de la \u00faltima campa\u00f1a de\u00a0cereal.<\/p>\n<p>Puedes ver el bolet\u00edn completo <a href=\"http:\/\/www.nasdap.net\/estadisticas\/preciosorigendestino\/boletinagoralimentarioypesquero\/Historicos_Agroalimentario\/Behatoki_agroalimentario_12_06_2019.pdf\" target=\"_blank\" rel=\"noopener\" data-cke-saved-href=\"http:\/\/www.nasdap.net\/estadisticas\/preciosorigendestino\/boletinagoralimentarioypesquero\/Historicos_Agroalimentario\/Behatoki_agroalimentario_12_06_2019.pdf\">aqu\u00ed<\/a>.<\/p>\n","protected":false},"excerpt":{"rendered":"<p>El informe mensual de coyuntura sobre el sector agroalimentario\u00a0que elabora HAZI\u00a0\u00a0para el Departamento de Desarrollo Econ\u00f3mico e Infraestructuras del Gobierno Vasco, aporta informaci\u00f3n sobre la Cadena de Valor de la Alimentaci\u00f3n, la pr\u00f3xima elaboraci\u00f3n del Censo Agrario para el a\u00f1o 2020, la cotizaci\u00f3n del precio de la leche o la cotizaci\u00f3n de la \u00faltima campa\u00f1a [&hellip;]<\/p>\n","protected":false},"author":4,"featured_media":6060,"comment_status":"closed","ping_status":"closed","sticky":false,"template":"","format":"standard","meta":{"footnotes":""},"categories":[7,8],"tags":[],"yoast_head":"<!-- This site is optimized with the Yoast SEO plugin v21.5 - https:\/\/yoast.com\/wordpress\/plugins\/seo\/ -->\n<title>Gobierno Vasco publica el observatorio alimentario vasco del mes de junio - UAGA<\/title>\n<meta name=\"robots\" content=\"index, follow, max-snippet:-1, max-image-preview:large, max-video-preview:-1\" \/>\n<link rel=\"canonical\" href=\"https:\/\/www.uaga.eus\/gobierno-vasco-publica-el-observatorio-alimentario-vasco-del-mes-de-junio\/\" \/>\n<meta property=\"og:locale\" content=\"en_US\" \/>\n<meta property=\"og:type\" content=\"article\" \/>\n<meta property=\"og:title\" content=\"Gobierno Vasco publica el observatorio alimentario vasco del mes de junio - UAGA\" \/>\n<meta property=\"og:description\" content=\"El informe mensual de coyuntura sobre el sector agroalimentario\u00a0que elabora HAZI\u00a0\u00a0para el Departamento de Desarrollo Econ\u00f3mico e Infraestructuras del Gobierno Vasco, aporta informaci\u00f3n sobre la Cadena de Valor de la Alimentaci\u00f3n, la pr\u00f3xima elaboraci\u00f3n del Censo Agrario para el a\u00f1o 2020, la cotizaci\u00f3n del precio de la leche o la cotizaci\u00f3n de la \u00faltima campa\u00f1a [&hellip;]\" \/>\n<meta property=\"og:url\" content=\"https:\/\/www.uaga.eus\/gobierno-vasco-publica-el-observatorio-alimentario-vasco-del-mes-de-junio\/\" \/>\n<meta property=\"og:site_name\" content=\"UAGA\" \/>\n<meta property=\"article:published_time\" content=\"2019-06-14T11:35:58+00:00\" \/>\n<meta property=\"article:modified_time\" content=\"2019-06-17T08:43:28+00:00\" \/>\n<meta property=\"og:image\" content=\"https:\/\/www.uaga.eus\/wp-content\/uploads\/2019\/05\/behatoki-logo.jpg\" \/>\n\t<meta property=\"og:image:width\" content=\"787\" \/>\n\t<meta property=\"og:image:height\" content=\"165\" \/>\n\t<meta property=\"og:image:type\" content=\"image\/jpeg\" \/>\n<meta name=\"author\" content=\"Blanca S\u00e1nchez\" \/>\n<meta name=\"twitter:card\" content=\"summary_large_image\" \/>\n<meta name=\"twitter:label1\" content=\"Written by\" \/>\n\t<meta name=\"twitter:data1\" content=\"Blanca S\u00e1nchez\" \/>\n<script type=\"application\/ld+json\" class=\"yoast-schema-graph\">{\"@context\":\"https:\/\/schema.org\",\"@graph\":[{\"@type\":\"WebPage\",\"@id\":\"https:\/\/www.uaga.eus\/gobierno-vasco-publica-el-observatorio-alimentario-vasco-del-mes-de-junio\/\",\"url\":\"https:\/\/www.uaga.eus\/gobierno-vasco-publica-el-observatorio-alimentario-vasco-del-mes-de-junio\/\",\"name\":\"Gobierno Vasco publica el observatorio alimentario vasco del mes de junio - UAGA\",\"isPartOf\":{\"@id\":\"https:\/\/www.uaga.eus\/#website\"},\"datePublished\":\"2019-06-14T11:35:58+00:00\",\"dateModified\":\"2019-06-17T08:43:28+00:00\",\"author\":{\"@id\":\"https:\/\/www.uaga.eus\/#\/schema\/person\/48c3cbf0f33d1b788226dbb6518689cf\"},\"breadcrumb\":{\"@id\":\"https:\/\/www.uaga.eus\/gobierno-vasco-publica-el-observatorio-alimentario-vasco-del-mes-de-junio\/#breadcrumb\"},\"inLanguage\":\"eu\",\"potentialAction\":[{\"@type\":\"ReadAction\",\"target\":[\"https:\/\/www.uaga.eus\/gobierno-vasco-publica-el-observatorio-alimentario-vasco-del-mes-de-junio\/\"]}]},{\"@type\":\"BreadcrumbList\",\"@id\":\"https:\/\/www.uaga.eus\/gobierno-vasco-publica-el-observatorio-alimentario-vasco-del-mes-de-junio\/#breadcrumb\",\"itemListElement\":[{\"@type\":\"ListItem\",\"position\":1,\"name\":\"Inicio\",\"item\":\"https:\/\/www.uaga.eus\/\"},{\"@type\":\"ListItem\",\"position\":2,\"name\":\"Gobierno Vasco publica el observatorio alimentario vasco del mes de junio\"}]},{\"@type\":\"WebSite\",\"@id\":\"https:\/\/www.uaga.eus\/#website\",\"url\":\"https:\/\/www.uaga.eus\/\",\"name\":\"UAGA\",\"description\":\"Uni\u00f3n Agroganadera de \u00c1lava - Araba Nekazarien Elkartea\",\"potentialAction\":[{\"@type\":\"SearchAction\",\"target\":{\"@type\":\"EntryPoint\",\"urlTemplate\":\"https:\/\/www.uaga.eus\/?s={search_term_string}\"},\"query-input\":\"required name=search_term_string\"}],\"inLanguage\":\"eu\"},{\"@type\":\"Person\",\"@id\":\"https:\/\/www.uaga.eus\/#\/schema\/person\/48c3cbf0f33d1b788226dbb6518689cf\",\"name\":\"Blanca S\u00e1nchez\",\"image\":{\"@type\":\"ImageObject\",\"inLanguage\":\"eu\",\"@id\":\"https:\/\/www.uaga.eus\/#\/schema\/person\/image\/\",\"url\":\"https:\/\/secure.gravatar.com\/avatar\/0dc91c20648254b1ce84877283f6751b?s=96&d=mm&r=g\",\"contentUrl\":\"https:\/\/secure.gravatar.com\/avatar\/0dc91c20648254b1ce84877283f6751b?s=96&d=mm&r=g\",\"caption\":\"Blanca S\u00e1nchez\"},\"url\":\"https:\/\/www.uaga.eus\/eu\/author\/bsanchez\/\"}]}<\/script>\n<!-- \/ Yoast SEO plugin. -->","yoast_head_json":{"title":"Gobierno Vasco publica el observatorio alimentario vasco del mes de junio - UAGA","robots":{"index":"index","follow":"follow","max-snippet":"max-snippet:-1","max-image-preview":"max-image-preview:large","max-video-preview":"max-video-preview:-1"},"canonical":"https:\/\/www.uaga.eus\/gobierno-vasco-publica-el-observatorio-alimentario-vasco-del-mes-de-junio\/","og_locale":"en_US","og_type":"article","og_title":"Gobierno Vasco publica el observatorio alimentario vasco del mes de junio - UAGA","og_description":"El informe mensual de coyuntura sobre el sector agroalimentario\u00a0que elabora HAZI\u00a0\u00a0para el Departamento de Desarrollo Econ\u00f3mico e Infraestructuras del Gobierno Vasco, aporta informaci\u00f3n sobre la Cadena de Valor de la Alimentaci\u00f3n, la pr\u00f3xima elaboraci\u00f3n del Censo Agrario para el a\u00f1o 2020, la cotizaci\u00f3n del precio de la leche o la cotizaci\u00f3n de la \u00faltima campa\u00f1a [&hellip;]","og_url":"https:\/\/www.uaga.eus\/gobierno-vasco-publica-el-observatorio-alimentario-vasco-del-mes-de-junio\/","og_site_name":"UAGA","article_published_time":"2019-06-14T11:35:58+00:00","article_modified_time":"2019-06-17T08:43:28+00:00","og_image":[{"width":787,"height":165,"url":"https:\/\/www.uaga.eus\/wp-content\/uploads\/2019\/05\/behatoki-logo.jpg","type":"image\/jpeg"}],"author":"Blanca S\u00e1nchez","twitter_card":"summary_large_image","twitter_misc":{"Written by":"Blanca S\u00e1nchez"},"schema":{"@context":"https:\/\/schema.org","@graph":[{"@type":"WebPage","@id":"https:\/\/www.uaga.eus\/gobierno-vasco-publica-el-observatorio-alimentario-vasco-del-mes-de-junio\/","url":"https:\/\/www.uaga.eus\/gobierno-vasco-publica-el-observatorio-alimentario-vasco-del-mes-de-junio\/","name":"Gobierno Vasco publica el observatorio alimentario vasco del mes de junio - UAGA","isPartOf":{"@id":"https:\/\/www.uaga.eus\/#website"},"datePublished":"2019-06-14T11:35:58+00:00","dateModified":"2019-06-17T08:43:28+00:00","author":{"@id":"https:\/\/www.uaga.eus\/#\/schema\/person\/48c3cbf0f33d1b788226dbb6518689cf"},"breadcrumb":{"@id":"https:\/\/www.uaga.eus\/gobierno-vasco-publica-el-observatorio-alimentario-vasco-del-mes-de-junio\/#breadcrumb"},"inLanguage":"eu","potentialAction":[{"@type":"ReadAction","target":["https:\/\/www.uaga.eus\/gobierno-vasco-publica-el-observatorio-alimentario-vasco-del-mes-de-junio\/"]}]},{"@type":"BreadcrumbList","@id":"https:\/\/www.uaga.eus\/gobierno-vasco-publica-el-observatorio-alimentario-vasco-del-mes-de-junio\/#breadcrumb","itemListElement":[{"@type":"ListItem","position":1,"name":"Inicio","item":"https:\/\/www.uaga.eus\/"},{"@type":"ListItem","position":2,"name":"Gobierno Vasco publica el observatorio alimentario vasco del mes de junio"}]},{"@type":"WebSite","@id":"https:\/\/www.uaga.eus\/#website","url":"https:\/\/www.uaga.eus\/","name":"UAGA","description":"Uni\u00f3n Agroganadera de \u00c1lava - Araba Nekazarien Elkartea","potentialAction":[{"@type":"SearchAction","target":{"@type":"EntryPoint","urlTemplate":"https:\/\/www.uaga.eus\/?s={search_term_string}"},"query-input":"required name=search_term_string"}],"inLanguage":"eu"},{"@type":"Person","@id":"https:\/\/www.uaga.eus\/#\/schema\/person\/48c3cbf0f33d1b788226dbb6518689cf","name":"Blanca S\u00e1nchez","image":{"@type":"ImageObject","inLanguage":"eu","@id":"https:\/\/www.uaga.eus\/#\/schema\/person\/image\/","url":"https:\/\/secure.gravatar.com\/avatar\/0dc91c20648254b1ce84877283f6751b?s=96&d=mm&r=g","contentUrl":"https:\/\/secure.gravatar.com\/avatar\/0dc91c20648254b1ce84877283f6751b?s=96&d=mm&r=g","caption":"Blanca S\u00e1nchez"},"url":"https:\/\/www.uaga.eus\/eu\/author\/bsanchez\/"}]}},"_links":{"self":[{"href":"https:\/\/www.uaga.eus\/eu\/wp-json\/wp\/v2\/posts\/6217"}],"collection":[{"href":"https:\/\/www.uaga.eus\/eu\/wp-json\/wp\/v2\/posts"}],"about":[{"href":"https:\/\/www.uaga.eus\/eu\/wp-json\/wp\/v2\/types\/post"}],"author":[{"embeddable":true,"href":"https:\/\/www.uaga.eus\/eu\/wp-json\/wp\/v2\/users\/4"}],"replies":[{"embeddable":true,"href":"https:\/\/www.uaga.eus\/eu\/wp-json\/wp\/v2\/comments?post=6217"}],"version-history":[{"count":1,"href":"https:\/\/www.uaga.eus\/eu\/wp-json\/wp\/v2\/posts\/6217\/revisions"}],"predecessor-version":[{"id":6218,"href":"https:\/\/www.uaga.eus\/eu\/wp-json\/wp\/v2\/posts\/6217\/revisions\/6218"}],"wp:featuredmedia":[{"embeddable":true,"href":"https:\/\/www.uaga.eus\/eu\/wp-json\/wp\/v2\/media\/6060"}],"wp:attachment":[{"href":"https:\/\/www.uaga.eus\/eu\/wp-json\/wp\/v2\/media?parent=6217"}],"wp:term":[{"taxonomy":"category","embeddable":true,"href":"https:\/\/www.uaga.eus\/eu\/wp-json\/wp\/v2\/categories?post=6217"},{"taxonomy":"post_tag","embeddable":true,"href":"https:\/\/www.uaga.eus\/eu\/wp-json\/wp\/v2\/tags?post=6217"}],"curies":[{"name":"wp","href":"https:\/\/api.w.org\/{rel}","templated":true}]}}