{"id":6205,"date":"2019-06-07T11:51:34","date_gmt":"2019-06-07T11:51:34","guid":{"rendered":"https:\/\/www.uaga.eus\/?p=6205"},"modified":"2019-06-07T20:46:56","modified_gmt":"2019-06-07T20:46:56","slug":"reunion-de-la-junta-sectorial-de-ovino-leche-de-uaga","status":"publish","type":"post","link":"https:\/\/www.uaga.eus\/eu\/reunion-de-la-junta-sectorial-de-ovino-leche-de-uaga\/","title":{"rendered":"Reuni\u00f3n de la Junta Sectorial de Ovino Leche de UAGA"},"content":{"rendered":"<p>La Junta Sectorial de Ovino de Leche de UAGA se ha reunido esta semana para tratar diferentes temas de actualidad que afectan al sector.<\/p>\n<p>La Junta actualmente est\u00e1 integrada por 2 representantes de la comarca de Agurain-Monta\u00f1a Este (Jos\u00e9 Luis P\u00e9rez de Alb\u00e9niz y Eli Gorrotxategi) y 2 representantes de la comarca de Aira-Estribaciones (Luis Zaballa y Nagore Ruiz de Z\u00e1rate), adem\u00e1s de un representante del Comit\u00e9 Ejecutivo, Unai Campo, y dos t\u00e9cnicos de UAGA, Gustavo Valencia y Sugoi Auzmendi.<\/p>\n<p>Los asuntos tratados en esta reuni\u00f3n han sido los siguientes:<\/p>\n<ul>\n<li>el proyecto GAZTABERRI impulsado por el Gobierno Vasco de diversificaci\u00f3n de la gama de quesos en el Pa\u00eds Vasco, elaborados con leche de oveja, vaca y cabra. Desde UAGA nos informaremos de los requisitos de calidad que se van a establecer.<\/li>\n<li>la situacio\u0301n actual de la inclusio\u0301n o no del lobo en el CVEA, inclusi\u00f3n a la que se opone totalmente UAGA<\/li>\n<li>la reciente convocatoria de ayudas de DFA a la contratacio\u0301n de seguros ganaderos que finaliza el 15 de junio<\/li>\n<li>el protocolo Espan\u0303a-Alemania sobre movimiento de ganado entre ambos pai\u0301ses en relacio\u0301n a la lengua azul<\/li>\n<li>el Acuerdo para el desarrollo del Programa de prescripcio\u0301n y uso razonable de antibio\u0301ticos en ovino y caprino de carne<\/li>\n<\/ul>\n<p>La Junta Sectorial de Ovino Leche continuar\u00e1 reuni\u00e9ndose peri\u00f3dicamente en funci\u00f3n de las necesidades del sector, como m\u00ednimo trimestralmente.<\/p>\n<p>+info:\u00a0 \u00a0 GUSTAVO\u00a0 635 704 865 \/ SUGOI\u00a0 675 707 696<\/p>\n","protected":false},"excerpt":{"rendered":"<p>La Junta Sectorial de Ovino de Leche de UAGA se ha reunido esta semana para tratar diferentes temas de actualidad que afectan al sector. La Junta actualmente est\u00e1 integrada por 2 representantes de la comarca de Agurain-Monta\u00f1a Este (Jos\u00e9 Luis P\u00e9rez de Alb\u00e9niz y Eli Gorrotxategi) y 2 representantes de la comarca de Aira-Estribaciones (Luis [&hellip;]<\/p>\n","protected":false},"author":4,"featured_media":4737,"comment_status":"closed","ping_status":"closed","sticky":false,"template":"","format":"standard","meta":{"footnotes":""},"categories":[8,3],"tags":[],"yoast_head":"<!-- This site is optimized with the Yoast SEO plugin v21.5 - https:\/\/yoast.com\/wordpress\/plugins\/seo\/ -->\n<title>Reuni\u00f3n de la Junta Sectorial de Ovino Leche de UAGA - UAGA<\/title>\n<meta name=\"robots\" content=\"index, follow, max-snippet:-1, max-image-preview:large, max-video-preview:-1\" \/>\n<link rel=\"canonical\" href=\"https:\/\/www.uaga.eus\/reunion-de-la-junta-sectorial-de-ovino-leche-de-uaga\/\" \/>\n<meta property=\"og:locale\" content=\"en_US\" \/>\n<meta property=\"og:type\" content=\"article\" \/>\n<meta property=\"og:title\" content=\"Reuni\u00f3n de la Junta Sectorial de Ovino Leche de UAGA - UAGA\" \/>\n<meta property=\"og:description\" content=\"La Junta Sectorial de Ovino de Leche de UAGA se ha reunido esta semana para tratar diferentes temas de actualidad que afectan al sector. La Junta actualmente est\u00e1 integrada por 2 representantes de la comarca de Agurain-Monta\u00f1a Este (Jos\u00e9 Luis P\u00e9rez de Alb\u00e9niz y Eli Gorrotxategi) y 2 representantes de la comarca de Aira-Estribaciones (Luis [&hellip;]\" \/>\n<meta property=\"og:url\" content=\"https:\/\/www.uaga.eus\/reunion-de-la-junta-sectorial-de-ovino-leche-de-uaga\/\" \/>\n<meta property=\"og:site_name\" content=\"UAGA\" \/>\n<meta property=\"article:published_time\" content=\"2019-06-07T11:51:34+00:00\" \/>\n<meta property=\"article:modified_time\" content=\"2019-06-07T20:46:56+00:00\" \/>\n<meta property=\"og:image\" content=\"https:\/\/www.uaga.eus\/wp-content\/uploads\/2018\/11\/ovejas-latxas-en-monte-e1541158745397.jpg\" \/>\n\t<meta property=\"og:image:width\" content=\"699\" \/>\n\t<meta property=\"og:image:height\" content=\"320\" \/>\n\t<meta property=\"og:image:type\" content=\"image\/jpeg\" \/>\n<meta name=\"author\" content=\"Blanca S\u00e1nchez\" \/>\n<meta name=\"twitter:card\" content=\"summary_large_image\" \/>\n<meta name=\"twitter:label1\" content=\"Written by\" \/>\n\t<meta name=\"twitter:data1\" content=\"Blanca S\u00e1nchez\" \/>\n\t<meta name=\"twitter:label2\" content=\"Est. reading time\" \/>\n\t<meta name=\"twitter:data2\" content=\"1 minutua\" \/>\n<script type=\"application\/ld+json\" class=\"yoast-schema-graph\">{\"@context\":\"https:\/\/schema.org\",\"@graph\":[{\"@type\":\"WebPage\",\"@id\":\"https:\/\/www.uaga.eus\/reunion-de-la-junta-sectorial-de-ovino-leche-de-uaga\/\",\"url\":\"https:\/\/www.uaga.eus\/reunion-de-la-junta-sectorial-de-ovino-leche-de-uaga\/\",\"name\":\"Reuni\u00f3n de la Junta Sectorial de Ovino Leche de UAGA - UAGA\",\"isPartOf\":{\"@id\":\"https:\/\/www.uaga.eus\/#website\"},\"datePublished\":\"2019-06-07T11:51:34+00:00\",\"dateModified\":\"2019-06-07T20:46:56+00:00\",\"author\":{\"@id\":\"https:\/\/www.uaga.eus\/#\/schema\/person\/48c3cbf0f33d1b788226dbb6518689cf\"},\"breadcrumb\":{\"@id\":\"https:\/\/www.uaga.eus\/reunion-de-la-junta-sectorial-de-ovino-leche-de-uaga\/#breadcrumb\"},\"inLanguage\":\"eu\",\"potentialAction\":[{\"@type\":\"ReadAction\",\"target\":[\"https:\/\/www.uaga.eus\/reunion-de-la-junta-sectorial-de-ovino-leche-de-uaga\/\"]}]},{\"@type\":\"BreadcrumbList\",\"@id\":\"https:\/\/www.uaga.eus\/reunion-de-la-junta-sectorial-de-ovino-leche-de-uaga\/#breadcrumb\",\"itemListElement\":[{\"@type\":\"ListItem\",\"position\":1,\"name\":\"Inicio\",\"item\":\"https:\/\/www.uaga.eus\/\"},{\"@type\":\"ListItem\",\"position\":2,\"name\":\"Reuni\u00f3n de la Junta Sectorial de Ovino Leche de UAGA\"}]},{\"@type\":\"WebSite\",\"@id\":\"https:\/\/www.uaga.eus\/#website\",\"url\":\"https:\/\/www.uaga.eus\/\",\"name\":\"UAGA\",\"description\":\"Uni\u00f3n Agroganadera de \u00c1lava - Araba Nekazarien Elkartea\",\"potentialAction\":[{\"@type\":\"SearchAction\",\"target\":{\"@type\":\"EntryPoint\",\"urlTemplate\":\"https:\/\/www.uaga.eus\/?s={search_term_string}\"},\"query-input\":\"required name=search_term_string\"}],\"inLanguage\":\"eu\"},{\"@type\":\"Person\",\"@id\":\"https:\/\/www.uaga.eus\/#\/schema\/person\/48c3cbf0f33d1b788226dbb6518689cf\",\"name\":\"Blanca S\u00e1nchez\",\"image\":{\"@type\":\"ImageObject\",\"inLanguage\":\"eu\",\"@id\":\"https:\/\/www.uaga.eus\/#\/schema\/person\/image\/\",\"url\":\"https:\/\/secure.gravatar.com\/avatar\/0dc91c20648254b1ce84877283f6751b?s=96&d=mm&r=g\",\"contentUrl\":\"https:\/\/secure.gravatar.com\/avatar\/0dc91c20648254b1ce84877283f6751b?s=96&d=mm&r=g\",\"caption\":\"Blanca S\u00e1nchez\"},\"url\":\"https:\/\/www.uaga.eus\/eu\/author\/bsanchez\/\"}]}<\/script>\n<!-- \/ Yoast SEO plugin. -->","yoast_head_json":{"title":"Reuni\u00f3n de la Junta Sectorial de Ovino Leche de UAGA - UAGA","robots":{"index":"index","follow":"follow","max-snippet":"max-snippet:-1","max-image-preview":"max-image-preview:large","max-video-preview":"max-video-preview:-1"},"canonical":"https:\/\/www.uaga.eus\/reunion-de-la-junta-sectorial-de-ovino-leche-de-uaga\/","og_locale":"en_US","og_type":"article","og_title":"Reuni\u00f3n de la Junta Sectorial de Ovino Leche de UAGA - UAGA","og_description":"La Junta Sectorial de Ovino de Leche de UAGA se ha reunido esta semana para tratar diferentes temas de actualidad que afectan al sector. La Junta actualmente est\u00e1 integrada por 2 representantes de la comarca de Agurain-Monta\u00f1a Este (Jos\u00e9 Luis P\u00e9rez de Alb\u00e9niz y Eli Gorrotxategi) y 2 representantes de la comarca de Aira-Estribaciones (Luis [&hellip;]","og_url":"https:\/\/www.uaga.eus\/reunion-de-la-junta-sectorial-de-ovino-leche-de-uaga\/","og_site_name":"UAGA","article_published_time":"2019-06-07T11:51:34+00:00","article_modified_time":"2019-06-07T20:46:56+00:00","og_image":[{"width":699,"height":320,"url":"https:\/\/www.uaga.eus\/wp-content\/uploads\/2018\/11\/ovejas-latxas-en-monte-e1541158745397.jpg","type":"image\/jpeg"}],"author":"Blanca S\u00e1nchez","twitter_card":"summary_large_image","twitter_misc":{"Written by":"Blanca S\u00e1nchez","Est. reading time":"1 minutua"},"schema":{"@context":"https:\/\/schema.org","@graph":[{"@type":"WebPage","@id":"https:\/\/www.uaga.eus\/reunion-de-la-junta-sectorial-de-ovino-leche-de-uaga\/","url":"https:\/\/www.uaga.eus\/reunion-de-la-junta-sectorial-de-ovino-leche-de-uaga\/","name":"Reuni\u00f3n de la Junta Sectorial de Ovino Leche de UAGA - UAGA","isPartOf":{"@id":"https:\/\/www.uaga.eus\/#website"},"datePublished":"2019-06-07T11:51:34+00:00","dateModified":"2019-06-07T20:46:56+00:00","author":{"@id":"https:\/\/www.uaga.eus\/#\/schema\/person\/48c3cbf0f33d1b788226dbb6518689cf"},"breadcrumb":{"@id":"https:\/\/www.uaga.eus\/reunion-de-la-junta-sectorial-de-ovino-leche-de-uaga\/#breadcrumb"},"inLanguage":"eu","potentialAction":[{"@type":"ReadAction","target":["https:\/\/www.uaga.eus\/reunion-de-la-junta-sectorial-de-ovino-leche-de-uaga\/"]}]},{"@type":"BreadcrumbList","@id":"https:\/\/www.uaga.eus\/reunion-de-la-junta-sectorial-de-ovino-leche-de-uaga\/#breadcrumb","itemListElement":[{"@type":"ListItem","position":1,"name":"Inicio","item":"https:\/\/www.uaga.eus\/"},{"@type":"ListItem","position":2,"name":"Reuni\u00f3n de la Junta Sectorial de Ovino Leche de UAGA"}]},{"@type":"WebSite","@id":"https:\/\/www.uaga.eus\/#website","url":"https:\/\/www.uaga.eus\/","name":"UAGA","description":"Uni\u00f3n Agroganadera de \u00c1lava - Araba Nekazarien Elkartea","potentialAction":[{"@type":"SearchAction","target":{"@type":"EntryPoint","urlTemplate":"https:\/\/www.uaga.eus\/?s={search_term_string}"},"query-input":"required name=search_term_string"}],"inLanguage":"eu"},{"@type":"Person","@id":"https:\/\/www.uaga.eus\/#\/schema\/person\/48c3cbf0f33d1b788226dbb6518689cf","name":"Blanca S\u00e1nchez","image":{"@type":"ImageObject","inLanguage":"eu","@id":"https:\/\/www.uaga.eus\/#\/schema\/person\/image\/","url":"https:\/\/secure.gravatar.com\/avatar\/0dc91c20648254b1ce84877283f6751b?s=96&d=mm&r=g","contentUrl":"https:\/\/secure.gravatar.com\/avatar\/0dc91c20648254b1ce84877283f6751b?s=96&d=mm&r=g","caption":"Blanca S\u00e1nchez"},"url":"https:\/\/www.uaga.eus\/eu\/author\/bsanchez\/"}]}},"_links":{"self":[{"href":"https:\/\/www.uaga.eus\/eu\/wp-json\/wp\/v2\/posts\/6205"}],"collection":[{"href":"https:\/\/www.uaga.eus\/eu\/wp-json\/wp\/v2\/posts"}],"about":[{"href":"https:\/\/www.uaga.eus\/eu\/wp-json\/wp\/v2\/types\/post"}],"author":[{"embeddable":true,"href":"https:\/\/www.uaga.eus\/eu\/wp-json\/wp\/v2\/users\/4"}],"replies":[{"embeddable":true,"href":"https:\/\/www.uaga.eus\/eu\/wp-json\/wp\/v2\/comments?post=6205"}],"version-history":[{"count":2,"href":"https:\/\/www.uaga.eus\/eu\/wp-json\/wp\/v2\/posts\/6205\/revisions"}],"predecessor-version":[{"id":6209,"href":"https:\/\/www.uaga.eus\/eu\/wp-json\/wp\/v2\/posts\/6205\/revisions\/6209"}],"wp:featuredmedia":[{"embeddable":true,"href":"https:\/\/www.uaga.eus\/eu\/wp-json\/wp\/v2\/media\/4737"}],"wp:attachment":[{"href":"https:\/\/www.uaga.eus\/eu\/wp-json\/wp\/v2\/media?parent=6205"}],"wp:term":[{"taxonomy":"category","embeddable":true,"href":"https:\/\/www.uaga.eus\/eu\/wp-json\/wp\/v2\/categories?post=6205"},{"taxonomy":"post_tag","embeddable":true,"href":"https:\/\/www.uaga.eus\/eu\/wp-json\/wp\/v2\/tags?post=6205"}],"curies":[{"name":"wp","href":"https:\/\/api.w.org\/{rel}","templated":true}]}}