{"id":6203,"date":"2019-06-07T11:50:22","date_gmt":"2019-06-07T11:50:22","guid":{"rendered":"https:\/\/www.uaga.eus\/?p=6203"},"modified":"2019-06-07T11:50:22","modified_gmt":"2019-06-07T11:50:22","slug":"uaga-se-reune-con-el-area-de-urbanismo-del-ayuntamiento-de-vitoria-gasteiz-en-relacion-a-la-actual-fase-del-pgou-y-sobre-la-actuacion-en-un-camino-en-la-carretera-de-lasarte","status":"publish","type":"post","link":"https:\/\/www.uaga.eus\/eu\/uaga-se-reune-con-el-area-de-urbanismo-del-ayuntamiento-de-vitoria-gasteiz-en-relacion-a-la-actual-fase-del-pgou-y-sobre-la-actuacion-en-un-camino-en-la-carretera-de-lasarte\/","title":{"rendered":"UAGA se re\u00fane con el \u00c1rea de Urbanismo del Ayuntamiento de Vitoria-Gasteiz en relaci\u00f3n a la actual fase del PGOU y sobre la actuaci\u00f3n en un camino en la carretera de Lasarte"},"content":{"rendered":"<p>A finales de mayo, Javier Torre, presidente de UAGA, mantuvo una reuni\u00f3n con los responsables del \u00c1rea de Urbanismo, Medio Ambiente y Espacio P\u00fablico del Ayuntamiento de Vitoria-Gasteiz, con el actual coordinador del \u00c1rea, \u00c1lvaro Iturritxa, la directora de Medio Ambiente, Ainhoa Etxeandia, el director de Urbanismo, Miguel \u00c1ngel Garc\u00eda-Fresca, y el t\u00e9cnico del Servicio de Planeamiento y Ejecuci\u00f3n de la Ordenaci\u00f3n Urban\u00edstica del Departamento de Urbanismo, Ibai Larrabe,<\/p>\n<p>Desde UAGA el inter\u00e9s de esta reuni\u00f3n era conocer en qu\u00e9 fase de tramitaci\u00f3n se encuentra la modificaci\u00f3n del Plan General de Ordenaci\u00f3n Urbana (PGOU) en lo relativo a los suelos no urbanizables protegidos como \u00e1reas de valor agr\u00edcola.<br \/>\nDesde hace varios a\u00f1os UAGA est\u00e1 colaborando con el Ayuntamiento de Vitoria-Gasteiz para explicar cu\u00e1les son las necesidades del sector agroganadero en lo que se refiere a la construcci\u00f3n de pabellones agr\u00edcolas e instalaciones ganaderas, de modo que el Ayuntamiento pueda adaptar su normativa a la realidad del sector.<br \/>\nLos responsables del Ayuntamiento explicaron cu\u00e1les han sido las limitaciones con las que se han encontrado (PTS Agroforestal) e informaron de que en breve se presentar\u00e1 la memoria que recoja las modificaciones para despu\u00e9s iniciar el procedimiento de consultas previo a su aprobaci\u00f3n.<\/p>\n<p>Comentamos tambi\u00e9n la solicitud presentada por UAGA en relaci\u00f3n a una actuaci\u00f3n que este Departamento ha realizado en la entrada de un camino agr\u00edcola en la carretera de Lasarte. En el cruce de dicho camino con la carretera se han ejecutado unas obras para mejorar la seguridad de las personas que crucen dicha carretera a la altura de este camino que forma parte del Anillo Verde.<\/p>\n<p>Desde UAGA explicamos que la colocaci\u00f3n de unas balizas para estrechar la calzada impide que los veh\u00edculos agr\u00edcolas puedan maniobrar y entrar en dicho camino para desempe\u00f1ar sus labores.<\/p>\n<p>En breve comenzar\u00e1 la recolecci\u00f3n del cereal, cuando ser\u00e1 necesario entrar con m\u00e1quinas cosechadoras de cereal, tractores con remolque y caminos con plataforma, por lo que solicitamos que se retiren las balizas para se pueda realizar la cosecha de cereal en buenas condiciones y que se estudien alternativas para la conexi\u00f3n prevista del Anillo Verde en el Sur en las condiciones de seguridad para todas las personas usuarias de dicho camino.<\/p>\n<p>+info\u00a0Yolanda: 675707696<\/p>\n","protected":false},"excerpt":{"rendered":"<p>A finales de mayo, Javier Torre, presidente de UAGA, mantuvo una reuni\u00f3n con los responsables del \u00c1rea de Urbanismo, Medio Ambiente y Espacio P\u00fablico del Ayuntamiento de Vitoria-Gasteiz, con el actual coordinador del \u00c1rea, \u00c1lvaro Iturritxa, la directora de Medio Ambiente, Ainhoa Etxeandia, el director de Urbanismo, Miguel \u00c1ngel Garc\u00eda-Fresca, y el t\u00e9cnico del Servicio [&hellip;]<\/p>\n","protected":false},"author":4,"featured_media":6198,"comment_status":"closed","ping_status":"closed","sticky":false,"template":"","format":"standard","meta":{"footnotes":""},"categories":[11],"tags":[],"yoast_head":"<!-- This site is optimized with the Yoast SEO plugin v21.5 - https:\/\/yoast.com\/wordpress\/plugins\/seo\/ -->\n<title>UAGA se re\u00fane con el \u00c1rea de Urbanismo del Ayuntamiento de Vitoria-Gasteiz en relaci\u00f3n a la actual fase del PGOU y sobre la actuaci\u00f3n en un camino en la carretera de Lasarte - UAGA<\/title>\n<meta name=\"robots\" content=\"index, follow, max-snippet:-1, max-image-preview:large, max-video-preview:-1\" \/>\n<link rel=\"canonical\" href=\"https:\/\/www.uaga.eus\/uaga-se-reune-con-el-area-de-urbanismo-del-ayuntamiento-de-vitoria-gasteiz-en-relacion-a-la-actual-fase-del-pgou-y-sobre-la-actuacion-en-un-camino-en-la-carretera-de-lasarte\/\" \/>\n<meta property=\"og:locale\" content=\"en_US\" \/>\n<meta property=\"og:type\" content=\"article\" \/>\n<meta property=\"og:title\" content=\"UAGA se re\u00fane con el \u00c1rea de Urbanismo del Ayuntamiento de Vitoria-Gasteiz en relaci\u00f3n a la actual fase del PGOU y sobre la actuaci\u00f3n en un camino en la carretera de Lasarte - UAGA\" \/>\n<meta property=\"og:description\" content=\"A finales de mayo, Javier Torre, presidente de UAGA, mantuvo una reuni\u00f3n con los responsables del \u00c1rea de Urbanismo, Medio Ambiente y Espacio P\u00fablico del Ayuntamiento de Vitoria-Gasteiz, con el actual coordinador del \u00c1rea, \u00c1lvaro Iturritxa, la directora de Medio Ambiente, Ainhoa Etxeandia, el director de Urbanismo, Miguel \u00c1ngel Garc\u00eda-Fresca, y el t\u00e9cnico del Servicio [&hellip;]\" \/>\n<meta property=\"og:url\" content=\"https:\/\/www.uaga.eus\/uaga-se-reune-con-el-area-de-urbanismo-del-ayuntamiento-de-vitoria-gasteiz-en-relacion-a-la-actual-fase-del-pgou-y-sobre-la-actuacion-en-un-camino-en-la-carretera-de-lasarte\/\" \/>\n<meta property=\"og:site_name\" content=\"UAGA\" \/>\n<meta property=\"article:published_time\" content=\"2019-06-07T11:50:22+00:00\" \/>\n<meta property=\"og:image\" content=\"https:\/\/www.uaga.eus\/wp-content\/uploads\/2019\/06\/190516-Foto-CaminoLasarte-Visita-1de3.jpg\" \/>\n\t<meta property=\"og:image:width\" content=\"650\" \/>\n\t<meta property=\"og:image:height\" content=\"339\" \/>\n\t<meta property=\"og:image:type\" content=\"image\/jpeg\" \/>\n<meta name=\"author\" content=\"Blanca S\u00e1nchez\" \/>\n<meta name=\"twitter:card\" content=\"summary_large_image\" \/>\n<meta name=\"twitter:label1\" content=\"Written by\" \/>\n\t<meta name=\"twitter:data1\" content=\"Blanca S\u00e1nchez\" \/>\n\t<meta name=\"twitter:label2\" content=\"Est. reading time\" \/>\n\t<meta name=\"twitter:data2\" content=\"2 minutua\" \/>\n<script type=\"application\/ld+json\" class=\"yoast-schema-graph\">{\"@context\":\"https:\/\/schema.org\",\"@graph\":[{\"@type\":\"WebPage\",\"@id\":\"https:\/\/www.uaga.eus\/uaga-se-reune-con-el-area-de-urbanismo-del-ayuntamiento-de-vitoria-gasteiz-en-relacion-a-la-actual-fase-del-pgou-y-sobre-la-actuacion-en-un-camino-en-la-carretera-de-lasarte\/\",\"url\":\"https:\/\/www.uaga.eus\/uaga-se-reune-con-el-area-de-urbanismo-del-ayuntamiento-de-vitoria-gasteiz-en-relacion-a-la-actual-fase-del-pgou-y-sobre-la-actuacion-en-un-camino-en-la-carretera-de-lasarte\/\",\"name\":\"UAGA se re\u00fane con el \u00c1rea de Urbanismo del Ayuntamiento de Vitoria-Gasteiz en relaci\u00f3n a la actual fase del PGOU y sobre la actuaci\u00f3n en un camino en la carretera de Lasarte - UAGA\",\"isPartOf\":{\"@id\":\"https:\/\/www.uaga.eus\/#website\"},\"datePublished\":\"2019-06-07T11:50:22+00:00\",\"dateModified\":\"2019-06-07T11:50:22+00:00\",\"author\":{\"@id\":\"https:\/\/www.uaga.eus\/#\/schema\/person\/48c3cbf0f33d1b788226dbb6518689cf\"},\"breadcrumb\":{\"@id\":\"https:\/\/www.uaga.eus\/uaga-se-reune-con-el-area-de-urbanismo-del-ayuntamiento-de-vitoria-gasteiz-en-relacion-a-la-actual-fase-del-pgou-y-sobre-la-actuacion-en-un-camino-en-la-carretera-de-lasarte\/#breadcrumb\"},\"inLanguage\":\"eu\",\"potentialAction\":[{\"@type\":\"ReadAction\",\"target\":[\"https:\/\/www.uaga.eus\/uaga-se-reune-con-el-area-de-urbanismo-del-ayuntamiento-de-vitoria-gasteiz-en-relacion-a-la-actual-fase-del-pgou-y-sobre-la-actuacion-en-un-camino-en-la-carretera-de-lasarte\/\"]}]},{\"@type\":\"BreadcrumbList\",\"@id\":\"https:\/\/www.uaga.eus\/uaga-se-reune-con-el-area-de-urbanismo-del-ayuntamiento-de-vitoria-gasteiz-en-relacion-a-la-actual-fase-del-pgou-y-sobre-la-actuacion-en-un-camino-en-la-carretera-de-lasarte\/#breadcrumb\",\"itemListElement\":[{\"@type\":\"ListItem\",\"position\":1,\"name\":\"Inicio\",\"item\":\"https:\/\/www.uaga.eus\/\"},{\"@type\":\"ListItem\",\"position\":2,\"name\":\"UAGA se re\u00fane con el \u00c1rea de Urbanismo del Ayuntamiento de Vitoria-Gasteiz en relaci\u00f3n a la actual fase del PGOU y sobre la actuaci\u00f3n en un camino en la carretera de Lasarte\"}]},{\"@type\":\"WebSite\",\"@id\":\"https:\/\/www.uaga.eus\/#website\",\"url\":\"https:\/\/www.uaga.eus\/\",\"name\":\"UAGA\",\"description\":\"Uni\u00f3n Agroganadera de \u00c1lava - Araba Nekazarien Elkartea\",\"potentialAction\":[{\"@type\":\"SearchAction\",\"target\":{\"@type\":\"EntryPoint\",\"urlTemplate\":\"https:\/\/www.uaga.eus\/?s={search_term_string}\"},\"query-input\":\"required name=search_term_string\"}],\"inLanguage\":\"eu\"},{\"@type\":\"Person\",\"@id\":\"https:\/\/www.uaga.eus\/#\/schema\/person\/48c3cbf0f33d1b788226dbb6518689cf\",\"name\":\"Blanca S\u00e1nchez\",\"image\":{\"@type\":\"ImageObject\",\"inLanguage\":\"eu\",\"@id\":\"https:\/\/www.uaga.eus\/#\/schema\/person\/image\/\",\"url\":\"https:\/\/secure.gravatar.com\/avatar\/0dc91c20648254b1ce84877283f6751b?s=96&d=mm&r=g\",\"contentUrl\":\"https:\/\/secure.gravatar.com\/avatar\/0dc91c20648254b1ce84877283f6751b?s=96&d=mm&r=g\",\"caption\":\"Blanca S\u00e1nchez\"},\"url\":\"https:\/\/www.uaga.eus\/eu\/author\/bsanchez\/\"}]}<\/script>\n<!-- \/ Yoast SEO plugin. -->","yoast_head_json":{"title":"UAGA se re\u00fane con el \u00c1rea de Urbanismo del Ayuntamiento de Vitoria-Gasteiz en relaci\u00f3n a la actual fase del PGOU y sobre la actuaci\u00f3n en un camino en la carretera de Lasarte - UAGA","robots":{"index":"index","follow":"follow","max-snippet":"max-snippet:-1","max-image-preview":"max-image-preview:large","max-video-preview":"max-video-preview:-1"},"canonical":"https:\/\/www.uaga.eus\/uaga-se-reune-con-el-area-de-urbanismo-del-ayuntamiento-de-vitoria-gasteiz-en-relacion-a-la-actual-fase-del-pgou-y-sobre-la-actuacion-en-un-camino-en-la-carretera-de-lasarte\/","og_locale":"en_US","og_type":"article","og_title":"UAGA se re\u00fane con el \u00c1rea de Urbanismo del Ayuntamiento de Vitoria-Gasteiz en relaci\u00f3n a la actual fase del PGOU y sobre la actuaci\u00f3n en un camino en la carretera de Lasarte - UAGA","og_description":"A finales de mayo, Javier Torre, presidente de UAGA, mantuvo una reuni\u00f3n con los responsables del \u00c1rea de Urbanismo, Medio Ambiente y Espacio P\u00fablico del Ayuntamiento de Vitoria-Gasteiz, con el actual coordinador del \u00c1rea, \u00c1lvaro Iturritxa, la directora de Medio Ambiente, Ainhoa Etxeandia, el director de Urbanismo, Miguel \u00c1ngel Garc\u00eda-Fresca, y el t\u00e9cnico del Servicio [&hellip;]","og_url":"https:\/\/www.uaga.eus\/uaga-se-reune-con-el-area-de-urbanismo-del-ayuntamiento-de-vitoria-gasteiz-en-relacion-a-la-actual-fase-del-pgou-y-sobre-la-actuacion-en-un-camino-en-la-carretera-de-lasarte\/","og_site_name":"UAGA","article_published_time":"2019-06-07T11:50:22+00:00","og_image":[{"width":650,"height":339,"url":"https:\/\/www.uaga.eus\/wp-content\/uploads\/2019\/06\/190516-Foto-CaminoLasarte-Visita-1de3.jpg","type":"image\/jpeg"}],"author":"Blanca S\u00e1nchez","twitter_card":"summary_large_image","twitter_misc":{"Written by":"Blanca S\u00e1nchez","Est. reading time":"2 minutua"},"schema":{"@context":"https:\/\/schema.org","@graph":[{"@type":"WebPage","@id":"https:\/\/www.uaga.eus\/uaga-se-reune-con-el-area-de-urbanismo-del-ayuntamiento-de-vitoria-gasteiz-en-relacion-a-la-actual-fase-del-pgou-y-sobre-la-actuacion-en-un-camino-en-la-carretera-de-lasarte\/","url":"https:\/\/www.uaga.eus\/uaga-se-reune-con-el-area-de-urbanismo-del-ayuntamiento-de-vitoria-gasteiz-en-relacion-a-la-actual-fase-del-pgou-y-sobre-la-actuacion-en-un-camino-en-la-carretera-de-lasarte\/","name":"UAGA se re\u00fane con el \u00c1rea de Urbanismo del Ayuntamiento de Vitoria-Gasteiz en relaci\u00f3n a la actual fase del PGOU y sobre la actuaci\u00f3n en un camino en la carretera de Lasarte - UAGA","isPartOf":{"@id":"https:\/\/www.uaga.eus\/#website"},"datePublished":"2019-06-07T11:50:22+00:00","dateModified":"2019-06-07T11:50:22+00:00","author":{"@id":"https:\/\/www.uaga.eus\/#\/schema\/person\/48c3cbf0f33d1b788226dbb6518689cf"},"breadcrumb":{"@id":"https:\/\/www.uaga.eus\/uaga-se-reune-con-el-area-de-urbanismo-del-ayuntamiento-de-vitoria-gasteiz-en-relacion-a-la-actual-fase-del-pgou-y-sobre-la-actuacion-en-un-camino-en-la-carretera-de-lasarte\/#breadcrumb"},"inLanguage":"eu","potentialAction":[{"@type":"ReadAction","target":["https:\/\/www.uaga.eus\/uaga-se-reune-con-el-area-de-urbanismo-del-ayuntamiento-de-vitoria-gasteiz-en-relacion-a-la-actual-fase-del-pgou-y-sobre-la-actuacion-en-un-camino-en-la-carretera-de-lasarte\/"]}]},{"@type":"BreadcrumbList","@id":"https:\/\/www.uaga.eus\/uaga-se-reune-con-el-area-de-urbanismo-del-ayuntamiento-de-vitoria-gasteiz-en-relacion-a-la-actual-fase-del-pgou-y-sobre-la-actuacion-en-un-camino-en-la-carretera-de-lasarte\/#breadcrumb","itemListElement":[{"@type":"ListItem","position":1,"name":"Inicio","item":"https:\/\/www.uaga.eus\/"},{"@type":"ListItem","position":2,"name":"UAGA se re\u00fane con el \u00c1rea de Urbanismo del Ayuntamiento de Vitoria-Gasteiz en relaci\u00f3n a la actual fase del PGOU y sobre la actuaci\u00f3n en un camino en la carretera de Lasarte"}]},{"@type":"WebSite","@id":"https:\/\/www.uaga.eus\/#website","url":"https:\/\/www.uaga.eus\/","name":"UAGA","description":"Uni\u00f3n Agroganadera de \u00c1lava - Araba Nekazarien Elkartea","potentialAction":[{"@type":"SearchAction","target":{"@type":"EntryPoint","urlTemplate":"https:\/\/www.uaga.eus\/?s={search_term_string}"},"query-input":"required name=search_term_string"}],"inLanguage":"eu"},{"@type":"Person","@id":"https:\/\/www.uaga.eus\/#\/schema\/person\/48c3cbf0f33d1b788226dbb6518689cf","name":"Blanca S\u00e1nchez","image":{"@type":"ImageObject","inLanguage":"eu","@id":"https:\/\/www.uaga.eus\/#\/schema\/person\/image\/","url":"https:\/\/secure.gravatar.com\/avatar\/0dc91c20648254b1ce84877283f6751b?s=96&d=mm&r=g","contentUrl":"https:\/\/secure.gravatar.com\/avatar\/0dc91c20648254b1ce84877283f6751b?s=96&d=mm&r=g","caption":"Blanca S\u00e1nchez"},"url":"https:\/\/www.uaga.eus\/eu\/author\/bsanchez\/"}]}},"_links":{"self":[{"href":"https:\/\/www.uaga.eus\/eu\/wp-json\/wp\/v2\/posts\/6203"}],"collection":[{"href":"https:\/\/www.uaga.eus\/eu\/wp-json\/wp\/v2\/posts"}],"about":[{"href":"https:\/\/www.uaga.eus\/eu\/wp-json\/wp\/v2\/types\/post"}],"author":[{"embeddable":true,"href":"https:\/\/www.uaga.eus\/eu\/wp-json\/wp\/v2\/users\/4"}],"replies":[{"embeddable":true,"href":"https:\/\/www.uaga.eus\/eu\/wp-json\/wp\/v2\/comments?post=6203"}],"version-history":[{"count":1,"href":"https:\/\/www.uaga.eus\/eu\/wp-json\/wp\/v2\/posts\/6203\/revisions"}],"predecessor-version":[{"id":6204,"href":"https:\/\/www.uaga.eus\/eu\/wp-json\/wp\/v2\/posts\/6203\/revisions\/6204"}],"wp:featuredmedia":[{"embeddable":true,"href":"https:\/\/www.uaga.eus\/eu\/wp-json\/wp\/v2\/media\/6198"}],"wp:attachment":[{"href":"https:\/\/www.uaga.eus\/eu\/wp-json\/wp\/v2\/media?parent=6203"}],"wp:term":[{"taxonomy":"category","embeddable":true,"href":"https:\/\/www.uaga.eus\/eu\/wp-json\/wp\/v2\/categories?post=6203"},{"taxonomy":"post_tag","embeddable":true,"href":"https:\/\/www.uaga.eus\/eu\/wp-json\/wp\/v2\/tags?post=6203"}],"curies":[{"name":"wp","href":"https:\/\/api.w.org\/{rel}","templated":true}]}}