{"id":6197,"date":"2019-06-07T11:47:57","date_gmt":"2019-06-07T11:47:57","guid":{"rendered":"https:\/\/www.uaga.eus\/?p=6197"},"modified":"2019-06-07T20:56:25","modified_gmt":"2019-06-07T20:56:25","slug":"uaga-participa-en-la-reunion-del-consejo-foral-para-la-igualdad","status":"publish","type":"post","link":"https:\/\/www.uaga.eus\/eu\/uaga-participa-en-la-reunion-del-consejo-foral-para-la-igualdad\/","title":{"rendered":"UAGA participa en la reuni\u00f3n del Consejo para la Igualdad\u00a0de Diputaci\u00f3n de \u00c1lava"},"content":{"rendered":"<p>UAGA particip\u00f3 en la reuni\u00f3n de mayo del Consejo para la Igualdad de la DFA en el que se hizo un seguimiento del <strong>IV Plan Foral para la Igualdad de Mujeres y Hombres en \u00c1lava 2016-2020<\/strong>.<\/p>\n<p>En los primeros a\u00f1os se han completado las acciones previstas en los cuatro ejes del \u00a0Plan:<br \/>\n\u2022\u00a0 \u00a0 buen Gobierno<br \/>\n\u2022\u00a0 \u00a0 empoderamiento de las mujeres<br \/>\n\u2022\u00a0 \u00a0 violencias contra las mujeres y otras violencias machistas y<br \/>\n\u2022\u00a0 \u00a0 una nueva cultura y organizaci\u00f3n de los cuidados<\/p>\n<p>Tambi\u00e9n se coment\u00f3 la propuesta de funcionamiento del Consejo en cuanto a composici\u00f3n y estructura.<\/p>\n<p>Destaca la puesta en marcha, en todas las cuadrillas, de Laia Eskola, la escuela para la igualdad y el empoderamiento de las mujeres de \u00c1lava. Se trata de un proyecto clave que est\u00e1 consiguiendo contribuir al avance de la igualdad, el desarrollo social, el di\u00e1logo intercultural, la vertebraci\u00f3n y el equilibrio territorial en todo el territorio alav\u00e9s. Entre sus actividades destacan los clubes de lectura feminista, los talleres de autodefensa o la creaci\u00f3n de espacios para generar procesos participativos.<\/p>\n<p>En este Consejo, adem\u00e1s de UAGA, participan agentes de distintos \u00e1mbitos de la sociedad: AGLE, AMA, AMPEA, Argia, ASAFES, ASVE, CEAR Euskadi, Clara Campoamor, Cruz Roja, Federaci\u00f3n de Coop. Alimentarias, Fundaci\u00f3n Beti Gizartean, Fundaci\u00f3n Fondo Formaci\u00f3n, Gasteiz ON, Gizarterako, Harresiak Apurtuz, Hirukide, Kuentame, Mujer Campezana, Red de Mujeres, Sartu y Berdintasun Proiektuak S. Coop.<\/p>\n<p>Puedes consultar el <strong>IV Plan Foral para la Igualdad de Mujeres y Hombres en \u00c1lava<\/strong> en el siguiente <a href=\"https:\/\/gallery.mailchimp.com\/498b950ccfc4b8d0e600d7e48\/files\/2515280e-b36a-4fb6-83d5-539703bfb448\/IVPlanForalIgualdad_Documento_Final_CAS.pdf\" target=\"_blank\" rel=\"noopener\" data-cke-saved-href=\"https:\/\/gallery.mailchimp.com\/498b950ccfc4b8d0e600d7e48\/files\/2515280e-b36a-4fb6-83d5-539703bfb448\/IVPlanForalIgualdad_Documento_Final_CAS.pdf\">enlace<\/a>.<\/p>\n<p>+info:\u00a0 \u00a0SUGOI\u00a0 675\u00a0 707\u00a0 696<\/p>\n","protected":false},"excerpt":{"rendered":"<p>UAGA particip\u00f3 en la reuni\u00f3n de mayo del Consejo para la Igualdad de la DFA en el que se hizo un seguimiento del IV Plan Foral para la Igualdad de Mujeres y Hombres en \u00c1lava 2016-2020. En los primeros a\u00f1os se han completado las acciones previstas en los cuatro ejes del \u00a0Plan: \u2022\u00a0 \u00a0 buen [&hellip;]<\/p>\n","protected":false},"author":4,"featured_media":6199,"comment_status":"closed","ping_status":"closed","sticky":false,"template":"","format":"standard","meta":{"footnotes":""},"categories":[37],"tags":[],"yoast_head":"<!-- This site is optimized with the Yoast SEO plugin v21.5 - https:\/\/yoast.com\/wordpress\/plugins\/seo\/ -->\n<title>UAGA participa en la reuni\u00f3n del Consejo para la Igualdad\u00a0de Diputaci\u00f3n de \u00c1lava - UAGA<\/title>\n<meta name=\"robots\" content=\"index, follow, max-snippet:-1, max-image-preview:large, max-video-preview:-1\" \/>\n<link rel=\"canonical\" href=\"https:\/\/www.uaga.eus\/uaga-participa-en-la-reunion-del-consejo-foral-para-la-igualdad\/\" \/>\n<meta property=\"og:locale\" content=\"en_US\" \/>\n<meta property=\"og:type\" content=\"article\" \/>\n<meta property=\"og:title\" content=\"UAGA participa en la reuni\u00f3n del Consejo para la Igualdad\u00a0de Diputaci\u00f3n de \u00c1lava - UAGA\" \/>\n<meta property=\"og:description\" content=\"UAGA particip\u00f3 en la reuni\u00f3n de mayo del Consejo para la Igualdad de la DFA en el que se hizo un seguimiento del IV Plan Foral para la Igualdad de Mujeres y Hombres en \u00c1lava 2016-2020. En los primeros a\u00f1os se han completado las acciones previstas en los cuatro ejes del \u00a0Plan: \u2022\u00a0 \u00a0 buen [&hellip;]\" \/>\n<meta property=\"og:url\" content=\"https:\/\/www.uaga.eus\/uaga-participa-en-la-reunion-del-consejo-foral-para-la-igualdad\/\" \/>\n<meta property=\"og:site_name\" content=\"UAGA\" \/>\n<meta property=\"article:published_time\" content=\"2019-06-07T11:47:57+00:00\" \/>\n<meta property=\"article:modified_time\" content=\"2019-06-07T20:56:25+00:00\" \/>\n<meta property=\"og:image\" content=\"https:\/\/www.uaga.eus\/wp-content\/uploads\/2019\/06\/Consejo-foral-igualdad.jpg\" \/>\n\t<meta property=\"og:image:width\" content=\"626\" \/>\n\t<meta property=\"og:image:height\" content=\"323\" \/>\n\t<meta property=\"og:image:type\" content=\"image\/jpeg\" \/>\n<meta name=\"author\" content=\"Blanca S\u00e1nchez\" \/>\n<meta name=\"twitter:card\" content=\"summary_large_image\" \/>\n<meta name=\"twitter:label1\" content=\"Written by\" \/>\n\t<meta name=\"twitter:data1\" content=\"Blanca S\u00e1nchez\" \/>\n\t<meta name=\"twitter:label2\" content=\"Est. reading time\" \/>\n\t<meta name=\"twitter:data2\" content=\"1 minutua\" \/>\n<script type=\"application\/ld+json\" class=\"yoast-schema-graph\">{\"@context\":\"https:\/\/schema.org\",\"@graph\":[{\"@type\":\"WebPage\",\"@id\":\"https:\/\/www.uaga.eus\/uaga-participa-en-la-reunion-del-consejo-foral-para-la-igualdad\/\",\"url\":\"https:\/\/www.uaga.eus\/uaga-participa-en-la-reunion-del-consejo-foral-para-la-igualdad\/\",\"name\":\"UAGA participa en la reuni\u00f3n del Consejo para la Igualdad\u00a0de Diputaci\u00f3n de \u00c1lava - UAGA\",\"isPartOf\":{\"@id\":\"https:\/\/www.uaga.eus\/#website\"},\"datePublished\":\"2019-06-07T11:47:57+00:00\",\"dateModified\":\"2019-06-07T20:56:25+00:00\",\"author\":{\"@id\":\"https:\/\/www.uaga.eus\/#\/schema\/person\/48c3cbf0f33d1b788226dbb6518689cf\"},\"breadcrumb\":{\"@id\":\"https:\/\/www.uaga.eus\/uaga-participa-en-la-reunion-del-consejo-foral-para-la-igualdad\/#breadcrumb\"},\"inLanguage\":\"eu\",\"potentialAction\":[{\"@type\":\"ReadAction\",\"target\":[\"https:\/\/www.uaga.eus\/uaga-participa-en-la-reunion-del-consejo-foral-para-la-igualdad\/\"]}]},{\"@type\":\"BreadcrumbList\",\"@id\":\"https:\/\/www.uaga.eus\/uaga-participa-en-la-reunion-del-consejo-foral-para-la-igualdad\/#breadcrumb\",\"itemListElement\":[{\"@type\":\"ListItem\",\"position\":1,\"name\":\"Inicio\",\"item\":\"https:\/\/www.uaga.eus\/\"},{\"@type\":\"ListItem\",\"position\":2,\"name\":\"UAGA participa en la reuni\u00f3n del Consejo para la Igualdad\u00a0de Diputaci\u00f3n de \u00c1lava\"}]},{\"@type\":\"WebSite\",\"@id\":\"https:\/\/www.uaga.eus\/#website\",\"url\":\"https:\/\/www.uaga.eus\/\",\"name\":\"UAGA\",\"description\":\"Uni\u00f3n Agroganadera de \u00c1lava - Araba Nekazarien Elkartea\",\"potentialAction\":[{\"@type\":\"SearchAction\",\"target\":{\"@type\":\"EntryPoint\",\"urlTemplate\":\"https:\/\/www.uaga.eus\/?s={search_term_string}\"},\"query-input\":\"required name=search_term_string\"}],\"inLanguage\":\"eu\"},{\"@type\":\"Person\",\"@id\":\"https:\/\/www.uaga.eus\/#\/schema\/person\/48c3cbf0f33d1b788226dbb6518689cf\",\"name\":\"Blanca S\u00e1nchez\",\"image\":{\"@type\":\"ImageObject\",\"inLanguage\":\"eu\",\"@id\":\"https:\/\/www.uaga.eus\/#\/schema\/person\/image\/\",\"url\":\"https:\/\/secure.gravatar.com\/avatar\/0dc91c20648254b1ce84877283f6751b?s=96&d=mm&r=g\",\"contentUrl\":\"https:\/\/secure.gravatar.com\/avatar\/0dc91c20648254b1ce84877283f6751b?s=96&d=mm&r=g\",\"caption\":\"Blanca S\u00e1nchez\"},\"url\":\"https:\/\/www.uaga.eus\/eu\/author\/bsanchez\/\"}]}<\/script>\n<!-- \/ Yoast SEO plugin. -->","yoast_head_json":{"title":"UAGA participa en la reuni\u00f3n del Consejo para la Igualdad\u00a0de Diputaci\u00f3n de \u00c1lava - UAGA","robots":{"index":"index","follow":"follow","max-snippet":"max-snippet:-1","max-image-preview":"max-image-preview:large","max-video-preview":"max-video-preview:-1"},"canonical":"https:\/\/www.uaga.eus\/uaga-participa-en-la-reunion-del-consejo-foral-para-la-igualdad\/","og_locale":"en_US","og_type":"article","og_title":"UAGA participa en la reuni\u00f3n del Consejo para la Igualdad\u00a0de Diputaci\u00f3n de \u00c1lava - UAGA","og_description":"UAGA particip\u00f3 en la reuni\u00f3n de mayo del Consejo para la Igualdad de la DFA en el que se hizo un seguimiento del IV Plan Foral para la Igualdad de Mujeres y Hombres en \u00c1lava 2016-2020. En los primeros a\u00f1os se han completado las acciones previstas en los cuatro ejes del \u00a0Plan: \u2022\u00a0 \u00a0 buen [&hellip;]","og_url":"https:\/\/www.uaga.eus\/uaga-participa-en-la-reunion-del-consejo-foral-para-la-igualdad\/","og_site_name":"UAGA","article_published_time":"2019-06-07T11:47:57+00:00","article_modified_time":"2019-06-07T20:56:25+00:00","og_image":[{"width":626,"height":323,"url":"https:\/\/www.uaga.eus\/wp-content\/uploads\/2019\/06\/Consejo-foral-igualdad.jpg","type":"image\/jpeg"}],"author":"Blanca S\u00e1nchez","twitter_card":"summary_large_image","twitter_misc":{"Written by":"Blanca S\u00e1nchez","Est. reading time":"1 minutua"},"schema":{"@context":"https:\/\/schema.org","@graph":[{"@type":"WebPage","@id":"https:\/\/www.uaga.eus\/uaga-participa-en-la-reunion-del-consejo-foral-para-la-igualdad\/","url":"https:\/\/www.uaga.eus\/uaga-participa-en-la-reunion-del-consejo-foral-para-la-igualdad\/","name":"UAGA participa en la reuni\u00f3n del Consejo para la Igualdad\u00a0de Diputaci\u00f3n de \u00c1lava - UAGA","isPartOf":{"@id":"https:\/\/www.uaga.eus\/#website"},"datePublished":"2019-06-07T11:47:57+00:00","dateModified":"2019-06-07T20:56:25+00:00","author":{"@id":"https:\/\/www.uaga.eus\/#\/schema\/person\/48c3cbf0f33d1b788226dbb6518689cf"},"breadcrumb":{"@id":"https:\/\/www.uaga.eus\/uaga-participa-en-la-reunion-del-consejo-foral-para-la-igualdad\/#breadcrumb"},"inLanguage":"eu","potentialAction":[{"@type":"ReadAction","target":["https:\/\/www.uaga.eus\/uaga-participa-en-la-reunion-del-consejo-foral-para-la-igualdad\/"]}]},{"@type":"BreadcrumbList","@id":"https:\/\/www.uaga.eus\/uaga-participa-en-la-reunion-del-consejo-foral-para-la-igualdad\/#breadcrumb","itemListElement":[{"@type":"ListItem","position":1,"name":"Inicio","item":"https:\/\/www.uaga.eus\/"},{"@type":"ListItem","position":2,"name":"UAGA participa en la reuni\u00f3n del Consejo para la Igualdad\u00a0de Diputaci\u00f3n de \u00c1lava"}]},{"@type":"WebSite","@id":"https:\/\/www.uaga.eus\/#website","url":"https:\/\/www.uaga.eus\/","name":"UAGA","description":"Uni\u00f3n Agroganadera de \u00c1lava - Araba Nekazarien Elkartea","potentialAction":[{"@type":"SearchAction","target":{"@type":"EntryPoint","urlTemplate":"https:\/\/www.uaga.eus\/?s={search_term_string}"},"query-input":"required name=search_term_string"}],"inLanguage":"eu"},{"@type":"Person","@id":"https:\/\/www.uaga.eus\/#\/schema\/person\/48c3cbf0f33d1b788226dbb6518689cf","name":"Blanca S\u00e1nchez","image":{"@type":"ImageObject","inLanguage":"eu","@id":"https:\/\/www.uaga.eus\/#\/schema\/person\/image\/","url":"https:\/\/secure.gravatar.com\/avatar\/0dc91c20648254b1ce84877283f6751b?s=96&d=mm&r=g","contentUrl":"https:\/\/secure.gravatar.com\/avatar\/0dc91c20648254b1ce84877283f6751b?s=96&d=mm&r=g","caption":"Blanca S\u00e1nchez"},"url":"https:\/\/www.uaga.eus\/eu\/author\/bsanchez\/"}]}},"_links":{"self":[{"href":"https:\/\/www.uaga.eus\/eu\/wp-json\/wp\/v2\/posts\/6197"}],"collection":[{"href":"https:\/\/www.uaga.eus\/eu\/wp-json\/wp\/v2\/posts"}],"about":[{"href":"https:\/\/www.uaga.eus\/eu\/wp-json\/wp\/v2\/types\/post"}],"author":[{"embeddable":true,"href":"https:\/\/www.uaga.eus\/eu\/wp-json\/wp\/v2\/users\/4"}],"replies":[{"embeddable":true,"href":"https:\/\/www.uaga.eus\/eu\/wp-json\/wp\/v2\/comments?post=6197"}],"version-history":[{"count":3,"href":"https:\/\/www.uaga.eus\/eu\/wp-json\/wp\/v2\/posts\/6197\/revisions"}],"predecessor-version":[{"id":6212,"href":"https:\/\/www.uaga.eus\/eu\/wp-json\/wp\/v2\/posts\/6197\/revisions\/6212"}],"wp:featuredmedia":[{"embeddable":true,"href":"https:\/\/www.uaga.eus\/eu\/wp-json\/wp\/v2\/media\/6199"}],"wp:attachment":[{"href":"https:\/\/www.uaga.eus\/eu\/wp-json\/wp\/v2\/media?parent=6197"}],"wp:term":[{"taxonomy":"category","embeddable":true,"href":"https:\/\/www.uaga.eus\/eu\/wp-json\/wp\/v2\/categories?post=6197"},{"taxonomy":"post_tag","embeddable":true,"href":"https:\/\/www.uaga.eus\/eu\/wp-json\/wp\/v2\/tags?post=6197"}],"curies":[{"name":"wp","href":"https:\/\/api.w.org\/{rel}","templated":true}]}}