{"id":6195,"date":"2019-06-07T11:46:16","date_gmt":"2019-06-07T11:46:16","guid":{"rendered":"https:\/\/www.uaga.eus\/?p=6195"},"modified":"2019-06-07T11:46:16","modified_gmt":"2019-06-07T11:46:16","slug":"la-accoe-preve-un-descenso-del-30-a-nivel-nacional-en-la-produccion-de-cereales-oton%cc%83o-invierno-para-la-campana-2019-2020","status":"publish","type":"post","link":"https:\/\/www.uaga.eus\/eu\/la-accoe-preve-un-descenso-del-30-a-nivel-nacional-en-la-produccion-de-cereales-oton%cc%83o-invierno-para-la-campana-2019-2020\/","title":{"rendered":"La ACCOE prev\u00e9 un descenso del 30% a nivel nacional en la producci\u00f3n de cereales oton\u0303o-invierno para la campa\u00f1a 2019\/2020"},"content":{"rendered":"<p>Se prev\u00e9 un descenso considerable de los rendimientos, con 2.360 Kg\/ha frente a los 3.300 kg\/ha del an\u0303o pasado y una reducci\u00f3n media de la producci\u00f3n del 30% a nivel nacional:<\/p>\n<p>TRIGO BLANDO \u00a0 \u00a0 \u00a0 \u00a0 \u00a0-25,35 %<br \/>\nTRIGO DURO \u00a0 \u00a0 \u00a0 \u00a0 \u00a0 \u00a0 \u00a0-40,10 %<br \/>\nCEBADA \u00a0 \u00a0 \u00a0 \u00a0 \u00a0 \u00a0 \u00a0 \u00a0 \u00a0 \u00a0 \u00a0-27,49 %<br \/>\nAVENA \u00a0 \u00a0 \u00a0 \u00a0 \u00a0 \u00a0 \u00a0 \u00a0 \u00a0 \u00a0 \u00a0 \u00a0 -47,18 %<br \/>\nCENTENO \u00a0 \u00a0 \u00a0 \u00a0 \u00a0 \u00a0 \u00a0 \u00a0 \u00a0 \u00a0-26,12 %<br \/>\nOTROS \u00a0 \u00a0 \u00a0 \u00a0 \u00a0 \u00a0 \u00a0 \u00a0 \u00a0 \u00a0 \u00a0 \u00a0-48,39 %<\/p>\n<p>En la Comunidad Aut\u00f3noma del Pa\u00eds Vasco, la previsi\u00f3n es la siguiente:<br \/>\nTRIGO BLANDO, sin variaci\u00f3n en producci\u00f3n respecto a la campa\u00f1a anterior<br \/>\nCEBADA, se prev\u00e9 una reducci\u00f3n de un 11 %<br \/>\nAVENA, una reducci\u00f3n del 20%<\/p>\n<p>Puedes consultar el desglose de los datos de los distintos cultivos por comunidades aut\u00f3nomas en <a href=\"https:\/\/gallery.mailchimp.com\/498b950ccfc4b8d0e600d7e48\/files\/63021f7f-55ba-47c5-a7a8-ac062083768c\/201902_informe_ACCOE_previsi\u00f3n_producci\u00f3n_cereal_oto\u00f1o_invierno_2019_2020.pdf\" target=\"_blank\" rel=\"noopener\" data-cke-saved-href=\"https:\/\/gallery.mailchimp.com\/498b950ccfc4b8d0e600d7e48\/files\/63021f7f-55ba-47c5-a7a8-ac062083768c\/201902_informe_ACCOE_previsi\u00f3n_producci\u00f3n_cereal_oto\u00f1o_invierno_2019_2020.pdf\">este informe<\/a>.<\/p>\n<p>&nbsp;<\/p>\n","protected":false},"excerpt":{"rendered":"<p>Se prev\u00e9 un descenso considerable de los rendimientos, con 2.360 Kg\/ha frente a los 3.300 kg\/ha del an\u0303o pasado y una reducci\u00f3n media de la producci\u00f3n del 30% a nivel nacional: TRIGO BLANDO \u00a0 \u00a0 \u00a0 \u00a0 \u00a0-25,35 % TRIGO DURO \u00a0 \u00a0 \u00a0 \u00a0 \u00a0 \u00a0 \u00a0-40,10 % CEBADA \u00a0 \u00a0 \u00a0 \u00a0 \u00a0 [&hellip;]<\/p>\n","protected":false},"author":4,"featured_media":4751,"comment_status":"closed","ping_status":"closed","sticky":false,"template":"","format":"standard","meta":{"footnotes":""},"categories":[7],"tags":[],"yoast_head":"<!-- This site is optimized with the Yoast SEO plugin v21.5 - https:\/\/yoast.com\/wordpress\/plugins\/seo\/ -->\n<title>La ACCOE prev\u00e9 un descenso del 30% a nivel nacional en la producci\u00f3n de cereales oton\u0303o-invierno para la campa\u00f1a 2019\/2020 - UAGA<\/title>\n<meta name=\"robots\" content=\"index, follow, max-snippet:-1, max-image-preview:large, max-video-preview:-1\" \/>\n<link rel=\"canonical\" href=\"https:\/\/www.uaga.eus\/la-accoe-preve-un-descenso-del-30-a-nivel-nacional-en-la-produccion-de-cereales-oton\u0303o-invierno-para-la-campana-2019-2020\/\" \/>\n<meta property=\"og:locale\" content=\"en_US\" \/>\n<meta property=\"og:type\" content=\"article\" \/>\n<meta property=\"og:title\" content=\"La ACCOE prev\u00e9 un descenso del 30% a nivel nacional en la producci\u00f3n de cereales oton\u0303o-invierno para la campa\u00f1a 2019\/2020 - UAGA\" \/>\n<meta property=\"og:description\" content=\"Se prev\u00e9 un descenso considerable de los rendimientos, con 2.360 Kg\/ha frente a los 3.300 kg\/ha del an\u0303o pasado y una reducci\u00f3n media de la producci\u00f3n del 30% a nivel nacional: TRIGO BLANDO \u00a0 \u00a0 \u00a0 \u00a0 \u00a0-25,35 % TRIGO DURO \u00a0 \u00a0 \u00a0 \u00a0 \u00a0 \u00a0 \u00a0-40,10 % CEBADA \u00a0 \u00a0 \u00a0 \u00a0 \u00a0 [&hellip;]\" \/>\n<meta property=\"og:url\" content=\"https:\/\/www.uaga.eus\/la-accoe-preve-un-descenso-del-30-a-nivel-nacional-en-la-produccion-de-cereales-oton\u0303o-invierno-para-la-campana-2019-2020\/\" \/>\n<meta property=\"og:site_name\" content=\"UAGA\" \/>\n<meta property=\"article:published_time\" content=\"2019-06-07T11:46:16+00:00\" \/>\n<meta property=\"og:image\" content=\"https:\/\/www.uaga.eus\/wp-content\/uploads\/2018\/11\/stephen-radford-121532-unsplash-e1541160340761.jpg\" \/>\n\t<meta property=\"og:image:width\" content=\"700\" \/>\n\t<meta property=\"og:image:height\" content=\"338\" \/>\n\t<meta property=\"og:image:type\" content=\"image\/jpeg\" \/>\n<meta name=\"author\" content=\"Blanca S\u00e1nchez\" \/>\n<meta name=\"twitter:card\" content=\"summary_large_image\" \/>\n<meta name=\"twitter:label1\" content=\"Written by\" \/>\n\t<meta name=\"twitter:data1\" content=\"Blanca S\u00e1nchez\" \/>\n\t<meta name=\"twitter:label2\" content=\"Est. reading time\" \/>\n\t<meta name=\"twitter:data2\" content=\"1 minutua\" \/>\n<script type=\"application\/ld+json\" class=\"yoast-schema-graph\">{\"@context\":\"https:\/\/schema.org\",\"@graph\":[{\"@type\":\"WebPage\",\"@id\":\"https:\/\/www.uaga.eus\/la-accoe-preve-un-descenso-del-30-a-nivel-nacional-en-la-produccion-de-cereales-oton%cc%83o-invierno-para-la-campana-2019-2020\/\",\"url\":\"https:\/\/www.uaga.eus\/la-accoe-preve-un-descenso-del-30-a-nivel-nacional-en-la-produccion-de-cereales-oton%cc%83o-invierno-para-la-campana-2019-2020\/\",\"name\":\"La ACCOE prev\u00e9 un descenso del 30% a nivel nacional en la producci\u00f3n de cereales oton\u0303o-invierno para la campa\u00f1a 2019\/2020 - UAGA\",\"isPartOf\":{\"@id\":\"https:\/\/www.uaga.eus\/#website\"},\"datePublished\":\"2019-06-07T11:46:16+00:00\",\"dateModified\":\"2019-06-07T11:46:16+00:00\",\"author\":{\"@id\":\"https:\/\/www.uaga.eus\/#\/schema\/person\/48c3cbf0f33d1b788226dbb6518689cf\"},\"breadcrumb\":{\"@id\":\"https:\/\/www.uaga.eus\/la-accoe-preve-un-descenso-del-30-a-nivel-nacional-en-la-produccion-de-cereales-oton%cc%83o-invierno-para-la-campana-2019-2020\/#breadcrumb\"},\"inLanguage\":\"eu\",\"potentialAction\":[{\"@type\":\"ReadAction\",\"target\":[\"https:\/\/www.uaga.eus\/la-accoe-preve-un-descenso-del-30-a-nivel-nacional-en-la-produccion-de-cereales-oton%cc%83o-invierno-para-la-campana-2019-2020\/\"]}]},{\"@type\":\"BreadcrumbList\",\"@id\":\"https:\/\/www.uaga.eus\/la-accoe-preve-un-descenso-del-30-a-nivel-nacional-en-la-produccion-de-cereales-oton%cc%83o-invierno-para-la-campana-2019-2020\/#breadcrumb\",\"itemListElement\":[{\"@type\":\"ListItem\",\"position\":1,\"name\":\"Inicio\",\"item\":\"https:\/\/www.uaga.eus\/\"},{\"@type\":\"ListItem\",\"position\":2,\"name\":\"La ACCOE prev\u00e9 un descenso del 30% a nivel nacional en la producci\u00f3n de cereales oton\u0303o-invierno para la campa\u00f1a 2019\/2020\"}]},{\"@type\":\"WebSite\",\"@id\":\"https:\/\/www.uaga.eus\/#website\",\"url\":\"https:\/\/www.uaga.eus\/\",\"name\":\"UAGA\",\"description\":\"Uni\u00f3n Agroganadera de \u00c1lava - Araba Nekazarien Elkartea\",\"potentialAction\":[{\"@type\":\"SearchAction\",\"target\":{\"@type\":\"EntryPoint\",\"urlTemplate\":\"https:\/\/www.uaga.eus\/?s={search_term_string}\"},\"query-input\":\"required name=search_term_string\"}],\"inLanguage\":\"eu\"},{\"@type\":\"Person\",\"@id\":\"https:\/\/www.uaga.eus\/#\/schema\/person\/48c3cbf0f33d1b788226dbb6518689cf\",\"name\":\"Blanca S\u00e1nchez\",\"image\":{\"@type\":\"ImageObject\",\"inLanguage\":\"eu\",\"@id\":\"https:\/\/www.uaga.eus\/#\/schema\/person\/image\/\",\"url\":\"https:\/\/secure.gravatar.com\/avatar\/0dc91c20648254b1ce84877283f6751b?s=96&d=mm&r=g\",\"contentUrl\":\"https:\/\/secure.gravatar.com\/avatar\/0dc91c20648254b1ce84877283f6751b?s=96&d=mm&r=g\",\"caption\":\"Blanca S\u00e1nchez\"},\"url\":\"https:\/\/www.uaga.eus\/eu\/author\/bsanchez\/\"}]}<\/script>\n<!-- \/ Yoast SEO plugin. -->","yoast_head_json":{"title":"La ACCOE prev\u00e9 un descenso del 30% a nivel nacional en la producci\u00f3n de cereales oton\u0303o-invierno para la campa\u00f1a 2019\/2020 - UAGA","robots":{"index":"index","follow":"follow","max-snippet":"max-snippet:-1","max-image-preview":"max-image-preview:large","max-video-preview":"max-video-preview:-1"},"canonical":"https:\/\/www.uaga.eus\/la-accoe-preve-un-descenso-del-30-a-nivel-nacional-en-la-produccion-de-cereales-oton\u0303o-invierno-para-la-campana-2019-2020\/","og_locale":"en_US","og_type":"article","og_title":"La ACCOE prev\u00e9 un descenso del 30% a nivel nacional en la producci\u00f3n de cereales oton\u0303o-invierno para la campa\u00f1a 2019\/2020 - UAGA","og_description":"Se prev\u00e9 un descenso considerable de los rendimientos, con 2.360 Kg\/ha frente a los 3.300 kg\/ha del an\u0303o pasado y una reducci\u00f3n media de la producci\u00f3n del 30% a nivel nacional: TRIGO BLANDO \u00a0 \u00a0 \u00a0 \u00a0 \u00a0-25,35 % TRIGO DURO \u00a0 \u00a0 \u00a0 \u00a0 \u00a0 \u00a0 \u00a0-40,10 % CEBADA \u00a0 \u00a0 \u00a0 \u00a0 \u00a0 [&hellip;]","og_url":"https:\/\/www.uaga.eus\/la-accoe-preve-un-descenso-del-30-a-nivel-nacional-en-la-produccion-de-cereales-oton\u0303o-invierno-para-la-campana-2019-2020\/","og_site_name":"UAGA","article_published_time":"2019-06-07T11:46:16+00:00","og_image":[{"width":700,"height":338,"url":"https:\/\/www.uaga.eus\/wp-content\/uploads\/2018\/11\/stephen-radford-121532-unsplash-e1541160340761.jpg","type":"image\/jpeg"}],"author":"Blanca S\u00e1nchez","twitter_card":"summary_large_image","twitter_misc":{"Written by":"Blanca S\u00e1nchez","Est. reading time":"1 minutua"},"schema":{"@context":"https:\/\/schema.org","@graph":[{"@type":"WebPage","@id":"https:\/\/www.uaga.eus\/la-accoe-preve-un-descenso-del-30-a-nivel-nacional-en-la-produccion-de-cereales-oton%cc%83o-invierno-para-la-campana-2019-2020\/","url":"https:\/\/www.uaga.eus\/la-accoe-preve-un-descenso-del-30-a-nivel-nacional-en-la-produccion-de-cereales-oton%cc%83o-invierno-para-la-campana-2019-2020\/","name":"La ACCOE prev\u00e9 un descenso del 30% a nivel nacional en la producci\u00f3n de cereales oton\u0303o-invierno para la campa\u00f1a 2019\/2020 - UAGA","isPartOf":{"@id":"https:\/\/www.uaga.eus\/#website"},"datePublished":"2019-06-07T11:46:16+00:00","dateModified":"2019-06-07T11:46:16+00:00","author":{"@id":"https:\/\/www.uaga.eus\/#\/schema\/person\/48c3cbf0f33d1b788226dbb6518689cf"},"breadcrumb":{"@id":"https:\/\/www.uaga.eus\/la-accoe-preve-un-descenso-del-30-a-nivel-nacional-en-la-produccion-de-cereales-oton%cc%83o-invierno-para-la-campana-2019-2020\/#breadcrumb"},"inLanguage":"eu","potentialAction":[{"@type":"ReadAction","target":["https:\/\/www.uaga.eus\/la-accoe-preve-un-descenso-del-30-a-nivel-nacional-en-la-produccion-de-cereales-oton%cc%83o-invierno-para-la-campana-2019-2020\/"]}]},{"@type":"BreadcrumbList","@id":"https:\/\/www.uaga.eus\/la-accoe-preve-un-descenso-del-30-a-nivel-nacional-en-la-produccion-de-cereales-oton%cc%83o-invierno-para-la-campana-2019-2020\/#breadcrumb","itemListElement":[{"@type":"ListItem","position":1,"name":"Inicio","item":"https:\/\/www.uaga.eus\/"},{"@type":"ListItem","position":2,"name":"La ACCOE prev\u00e9 un descenso del 30% a nivel nacional en la producci\u00f3n de cereales oton\u0303o-invierno para la campa\u00f1a 2019\/2020"}]},{"@type":"WebSite","@id":"https:\/\/www.uaga.eus\/#website","url":"https:\/\/www.uaga.eus\/","name":"UAGA","description":"Uni\u00f3n Agroganadera de \u00c1lava - Araba Nekazarien Elkartea","potentialAction":[{"@type":"SearchAction","target":{"@type":"EntryPoint","urlTemplate":"https:\/\/www.uaga.eus\/?s={search_term_string}"},"query-input":"required name=search_term_string"}],"inLanguage":"eu"},{"@type":"Person","@id":"https:\/\/www.uaga.eus\/#\/schema\/person\/48c3cbf0f33d1b788226dbb6518689cf","name":"Blanca S\u00e1nchez","image":{"@type":"ImageObject","inLanguage":"eu","@id":"https:\/\/www.uaga.eus\/#\/schema\/person\/image\/","url":"https:\/\/secure.gravatar.com\/avatar\/0dc91c20648254b1ce84877283f6751b?s=96&d=mm&r=g","contentUrl":"https:\/\/secure.gravatar.com\/avatar\/0dc91c20648254b1ce84877283f6751b?s=96&d=mm&r=g","caption":"Blanca S\u00e1nchez"},"url":"https:\/\/www.uaga.eus\/eu\/author\/bsanchez\/"}]}},"_links":{"self":[{"href":"https:\/\/www.uaga.eus\/eu\/wp-json\/wp\/v2\/posts\/6195"}],"collection":[{"href":"https:\/\/www.uaga.eus\/eu\/wp-json\/wp\/v2\/posts"}],"about":[{"href":"https:\/\/www.uaga.eus\/eu\/wp-json\/wp\/v2\/types\/post"}],"author":[{"embeddable":true,"href":"https:\/\/www.uaga.eus\/eu\/wp-json\/wp\/v2\/users\/4"}],"replies":[{"embeddable":true,"href":"https:\/\/www.uaga.eus\/eu\/wp-json\/wp\/v2\/comments?post=6195"}],"version-history":[{"count":1,"href":"https:\/\/www.uaga.eus\/eu\/wp-json\/wp\/v2\/posts\/6195\/revisions"}],"predecessor-version":[{"id":6196,"href":"https:\/\/www.uaga.eus\/eu\/wp-json\/wp\/v2\/posts\/6195\/revisions\/6196"}],"wp:featuredmedia":[{"embeddable":true,"href":"https:\/\/www.uaga.eus\/eu\/wp-json\/wp\/v2\/media\/4751"}],"wp:attachment":[{"href":"https:\/\/www.uaga.eus\/eu\/wp-json\/wp\/v2\/media?parent=6195"}],"wp:term":[{"taxonomy":"category","embeddable":true,"href":"https:\/\/www.uaga.eus\/eu\/wp-json\/wp\/v2\/categories?post=6195"},{"taxonomy":"post_tag","embeddable":true,"href":"https:\/\/www.uaga.eus\/eu\/wp-json\/wp\/v2\/tags?post=6195"}],"curies":[{"name":"wp","href":"https:\/\/api.w.org\/{rel}","templated":true}]}}