{"id":6186,"date":"2019-06-07T11:43:03","date_gmt":"2019-06-07T11:43:03","guid":{"rendered":"https:\/\/www.uaga.eus\/?p=6186"},"modified":"2019-06-07T20:58:20","modified_gmt":"2019-06-07T20:58:20","slug":"jornada-tecnica-sobre-recoleccion-de-cultivos-forrajeros-y-aplicacion-localizada-de-purines-el-proximo-jueves-13-de-junio-en-burgos","status":"publish","type":"post","link":"https:\/\/www.uaga.eus\/eu\/jornada-tecnica-sobre-recoleccion-de-cultivos-forrajeros-y-aplicacion-localizada-de-purines-el-proximo-jueves-13-de-junio-en-burgos\/","title":{"rendered":"13 junio, en Burgos, Jornada t\u00e9cnica sobre recolecci\u00f3n de cultivos forrajeros y aplicaci\u00f3n localizada de purines"},"content":{"rendered":"<p>El Ministerio de Agricultura, Pesca y Alimentaci\u00f3n (MAPA) ha organizado para el pr\u00f3ximo jueves, 13 de junio, una jornada t\u00e9cnica sobre recolecci\u00f3n de cultivos forrajeros y aplicaci\u00f3n localizada de purines en Burgos.<\/p>\n<p>La primera parte de la jornada se celebrar\u00e1 en la localidad de Villafuertes y servir\u00e1 para mostrar de forma pr\u00e1ctica las \u00faltimas novedades en m\u00e1quinas para la recolecci\u00f3n de forraje y la distribuci\u00f3n del pur\u00edn de forma localizada en el suelo, respetando el medio ambiente.<\/p>\n<p>Posteriormente se desarrollar\u00e1n unas conferencias t\u00e9cnicas en la localidad de Albillos, que tratar\u00e1n sobre la Normativa en la aplicaci\u00f3n de purines como fertilizante y sobre las cosechadoras picadoras de forrajes.<\/p>\n<p>Puedes consultar el programa en el siguiente <a href=\"https:\/\/gallery.mailchimp.com\/498b950ccfc4b8d0e600d7e48\/files\/97462265-eccb-4e09-b06a-49a2c33462a5\/Programa_Jornada_MAPA_13_junio.pdf\" target=\"_blank\" rel=\"noopener\" data-cke-saved-href=\"https:\/\/gallery.mailchimp.com\/498b950ccfc4b8d0e600d7e48\/files\/97462265-eccb-4e09-b06a-49a2c33462a5\/Programa_Jornada_MAPA_13_junio.pdf\">enlace<\/a>.<\/p>\n<p>+ info:\u00a0 \u00a0SUGOI\u00a0 675 707 696<\/p>\n","protected":false},"excerpt":{"rendered":"<p>El Ministerio de Agricultura, Pesca y Alimentaci\u00f3n (MAPA) ha organizado para el pr\u00f3ximo jueves, 13 de junio, una jornada t\u00e9cnica sobre recolecci\u00f3n de cultivos forrajeros y aplicaci\u00f3n localizada de purines en Burgos. La primera parte de la jornada se celebrar\u00e1 en la localidad de Villafuertes y servir\u00e1 para mostrar de forma pr\u00e1ctica las \u00faltimas novedades [&hellip;]<\/p>\n","protected":false},"author":4,"featured_media":6067,"comment_status":"closed","ping_status":"closed","sticky":false,"template":"","format":"standard","meta":{"footnotes":""},"categories":[66],"tags":[],"yoast_head":"<!-- This site is optimized with the Yoast SEO plugin v21.5 - https:\/\/yoast.com\/wordpress\/plugins\/seo\/ -->\n<title>13 junio, en Burgos, Jornada t\u00e9cnica sobre recolecci\u00f3n de cultivos forrajeros y aplicaci\u00f3n localizada de purines - UAGA<\/title>\n<meta name=\"robots\" content=\"index, follow, max-snippet:-1, max-image-preview:large, max-video-preview:-1\" \/>\n<link rel=\"canonical\" href=\"https:\/\/www.uaga.eus\/jornada-tecnica-sobre-recoleccion-de-cultivos-forrajeros-y-aplicacion-localizada-de-purines-el-proximo-jueves-13-de-junio-en-burgos\/\" \/>\n<meta property=\"og:locale\" content=\"en_US\" \/>\n<meta property=\"og:type\" content=\"article\" \/>\n<meta property=\"og:title\" content=\"13 junio, en Burgos, Jornada t\u00e9cnica sobre recolecci\u00f3n de cultivos forrajeros y aplicaci\u00f3n localizada de purines - UAGA\" \/>\n<meta property=\"og:description\" content=\"El Ministerio de Agricultura, Pesca y Alimentaci\u00f3n (MAPA) ha organizado para el pr\u00f3ximo jueves, 13 de junio, una jornada t\u00e9cnica sobre recolecci\u00f3n de cultivos forrajeros y aplicaci\u00f3n localizada de purines en Burgos. La primera parte de la jornada se celebrar\u00e1 en la localidad de Villafuertes y servir\u00e1 para mostrar de forma pr\u00e1ctica las \u00faltimas novedades [&hellip;]\" \/>\n<meta property=\"og:url\" content=\"https:\/\/www.uaga.eus\/jornada-tecnica-sobre-recoleccion-de-cultivos-forrajeros-y-aplicacion-localizada-de-purines-el-proximo-jueves-13-de-junio-en-burgos\/\" \/>\n<meta property=\"og:site_name\" content=\"UAGA\" \/>\n<meta property=\"article:published_time\" content=\"2019-06-07T11:43:03+00:00\" \/>\n<meta property=\"article:modified_time\" content=\"2019-06-07T20:58:20+00:00\" \/>\n<meta property=\"og:image\" content=\"https:\/\/www.uaga.eus\/wp-content\/uploads\/2019\/05\/proyecto-forrajes-navarra.jpg\" \/>\n\t<meta property=\"og:image:width\" content=\"650\" \/>\n\t<meta property=\"og:image:height\" content=\"324\" \/>\n\t<meta property=\"og:image:type\" content=\"image\/jpeg\" \/>\n<meta name=\"author\" content=\"Blanca S\u00e1nchez\" \/>\n<meta name=\"twitter:card\" content=\"summary_large_image\" \/>\n<meta name=\"twitter:label1\" content=\"Written by\" \/>\n\t<meta name=\"twitter:data1\" content=\"Blanca S\u00e1nchez\" \/>\n\t<meta name=\"twitter:label2\" content=\"Est. reading time\" \/>\n\t<meta name=\"twitter:data2\" content=\"1 minutua\" \/>\n<script type=\"application\/ld+json\" class=\"yoast-schema-graph\">{\"@context\":\"https:\/\/schema.org\",\"@graph\":[{\"@type\":\"WebPage\",\"@id\":\"https:\/\/www.uaga.eus\/jornada-tecnica-sobre-recoleccion-de-cultivos-forrajeros-y-aplicacion-localizada-de-purines-el-proximo-jueves-13-de-junio-en-burgos\/\",\"url\":\"https:\/\/www.uaga.eus\/jornada-tecnica-sobre-recoleccion-de-cultivos-forrajeros-y-aplicacion-localizada-de-purines-el-proximo-jueves-13-de-junio-en-burgos\/\",\"name\":\"13 junio, en Burgos, Jornada t\u00e9cnica sobre recolecci\u00f3n de cultivos forrajeros y aplicaci\u00f3n localizada de purines - UAGA\",\"isPartOf\":{\"@id\":\"https:\/\/www.uaga.eus\/#website\"},\"datePublished\":\"2019-06-07T11:43:03+00:00\",\"dateModified\":\"2019-06-07T20:58:20+00:00\",\"author\":{\"@id\":\"https:\/\/www.uaga.eus\/#\/schema\/person\/48c3cbf0f33d1b788226dbb6518689cf\"},\"breadcrumb\":{\"@id\":\"https:\/\/www.uaga.eus\/jornada-tecnica-sobre-recoleccion-de-cultivos-forrajeros-y-aplicacion-localizada-de-purines-el-proximo-jueves-13-de-junio-en-burgos\/#breadcrumb\"},\"inLanguage\":\"eu\",\"potentialAction\":[{\"@type\":\"ReadAction\",\"target\":[\"https:\/\/www.uaga.eus\/jornada-tecnica-sobre-recoleccion-de-cultivos-forrajeros-y-aplicacion-localizada-de-purines-el-proximo-jueves-13-de-junio-en-burgos\/\"]}]},{\"@type\":\"BreadcrumbList\",\"@id\":\"https:\/\/www.uaga.eus\/jornada-tecnica-sobre-recoleccion-de-cultivos-forrajeros-y-aplicacion-localizada-de-purines-el-proximo-jueves-13-de-junio-en-burgos\/#breadcrumb\",\"itemListElement\":[{\"@type\":\"ListItem\",\"position\":1,\"name\":\"Inicio\",\"item\":\"https:\/\/www.uaga.eus\/\"},{\"@type\":\"ListItem\",\"position\":2,\"name\":\"13 junio, en Burgos, Jornada t\u00e9cnica sobre recolecci\u00f3n de cultivos forrajeros y aplicaci\u00f3n localizada de purines\"}]},{\"@type\":\"WebSite\",\"@id\":\"https:\/\/www.uaga.eus\/#website\",\"url\":\"https:\/\/www.uaga.eus\/\",\"name\":\"UAGA\",\"description\":\"Uni\u00f3n Agroganadera de \u00c1lava - Araba Nekazarien Elkartea\",\"potentialAction\":[{\"@type\":\"SearchAction\",\"target\":{\"@type\":\"EntryPoint\",\"urlTemplate\":\"https:\/\/www.uaga.eus\/?s={search_term_string}\"},\"query-input\":\"required name=search_term_string\"}],\"inLanguage\":\"eu\"},{\"@type\":\"Person\",\"@id\":\"https:\/\/www.uaga.eus\/#\/schema\/person\/48c3cbf0f33d1b788226dbb6518689cf\",\"name\":\"Blanca S\u00e1nchez\",\"image\":{\"@type\":\"ImageObject\",\"inLanguage\":\"eu\",\"@id\":\"https:\/\/www.uaga.eus\/#\/schema\/person\/image\/\",\"url\":\"https:\/\/secure.gravatar.com\/avatar\/0dc91c20648254b1ce84877283f6751b?s=96&d=mm&r=g\",\"contentUrl\":\"https:\/\/secure.gravatar.com\/avatar\/0dc91c20648254b1ce84877283f6751b?s=96&d=mm&r=g\",\"caption\":\"Blanca S\u00e1nchez\"},\"url\":\"https:\/\/www.uaga.eus\/eu\/author\/bsanchez\/\"}]}<\/script>\n<!-- \/ Yoast SEO plugin. -->","yoast_head_json":{"title":"13 junio, en Burgos, Jornada t\u00e9cnica sobre recolecci\u00f3n de cultivos forrajeros y aplicaci\u00f3n localizada de purines - UAGA","robots":{"index":"index","follow":"follow","max-snippet":"max-snippet:-1","max-image-preview":"max-image-preview:large","max-video-preview":"max-video-preview:-1"},"canonical":"https:\/\/www.uaga.eus\/jornada-tecnica-sobre-recoleccion-de-cultivos-forrajeros-y-aplicacion-localizada-de-purines-el-proximo-jueves-13-de-junio-en-burgos\/","og_locale":"en_US","og_type":"article","og_title":"13 junio, en Burgos, Jornada t\u00e9cnica sobre recolecci\u00f3n de cultivos forrajeros y aplicaci\u00f3n localizada de purines - UAGA","og_description":"El Ministerio de Agricultura, Pesca y Alimentaci\u00f3n (MAPA) ha organizado para el pr\u00f3ximo jueves, 13 de junio, una jornada t\u00e9cnica sobre recolecci\u00f3n de cultivos forrajeros y aplicaci\u00f3n localizada de purines en Burgos. La primera parte de la jornada se celebrar\u00e1 en la localidad de Villafuertes y servir\u00e1 para mostrar de forma pr\u00e1ctica las \u00faltimas novedades [&hellip;]","og_url":"https:\/\/www.uaga.eus\/jornada-tecnica-sobre-recoleccion-de-cultivos-forrajeros-y-aplicacion-localizada-de-purines-el-proximo-jueves-13-de-junio-en-burgos\/","og_site_name":"UAGA","article_published_time":"2019-06-07T11:43:03+00:00","article_modified_time":"2019-06-07T20:58:20+00:00","og_image":[{"width":650,"height":324,"url":"https:\/\/www.uaga.eus\/wp-content\/uploads\/2019\/05\/proyecto-forrajes-navarra.jpg","type":"image\/jpeg"}],"author":"Blanca S\u00e1nchez","twitter_card":"summary_large_image","twitter_misc":{"Written by":"Blanca S\u00e1nchez","Est. reading time":"1 minutua"},"schema":{"@context":"https:\/\/schema.org","@graph":[{"@type":"WebPage","@id":"https:\/\/www.uaga.eus\/jornada-tecnica-sobre-recoleccion-de-cultivos-forrajeros-y-aplicacion-localizada-de-purines-el-proximo-jueves-13-de-junio-en-burgos\/","url":"https:\/\/www.uaga.eus\/jornada-tecnica-sobre-recoleccion-de-cultivos-forrajeros-y-aplicacion-localizada-de-purines-el-proximo-jueves-13-de-junio-en-burgos\/","name":"13 junio, en Burgos, Jornada t\u00e9cnica sobre recolecci\u00f3n de cultivos forrajeros y aplicaci\u00f3n localizada de purines - UAGA","isPartOf":{"@id":"https:\/\/www.uaga.eus\/#website"},"datePublished":"2019-06-07T11:43:03+00:00","dateModified":"2019-06-07T20:58:20+00:00","author":{"@id":"https:\/\/www.uaga.eus\/#\/schema\/person\/48c3cbf0f33d1b788226dbb6518689cf"},"breadcrumb":{"@id":"https:\/\/www.uaga.eus\/jornada-tecnica-sobre-recoleccion-de-cultivos-forrajeros-y-aplicacion-localizada-de-purines-el-proximo-jueves-13-de-junio-en-burgos\/#breadcrumb"},"inLanguage":"eu","potentialAction":[{"@type":"ReadAction","target":["https:\/\/www.uaga.eus\/jornada-tecnica-sobre-recoleccion-de-cultivos-forrajeros-y-aplicacion-localizada-de-purines-el-proximo-jueves-13-de-junio-en-burgos\/"]}]},{"@type":"BreadcrumbList","@id":"https:\/\/www.uaga.eus\/jornada-tecnica-sobre-recoleccion-de-cultivos-forrajeros-y-aplicacion-localizada-de-purines-el-proximo-jueves-13-de-junio-en-burgos\/#breadcrumb","itemListElement":[{"@type":"ListItem","position":1,"name":"Inicio","item":"https:\/\/www.uaga.eus\/"},{"@type":"ListItem","position":2,"name":"13 junio, en Burgos, Jornada t\u00e9cnica sobre recolecci\u00f3n de cultivos forrajeros y aplicaci\u00f3n localizada de purines"}]},{"@type":"WebSite","@id":"https:\/\/www.uaga.eus\/#website","url":"https:\/\/www.uaga.eus\/","name":"UAGA","description":"Uni\u00f3n Agroganadera de \u00c1lava - Araba Nekazarien Elkartea","potentialAction":[{"@type":"SearchAction","target":{"@type":"EntryPoint","urlTemplate":"https:\/\/www.uaga.eus\/?s={search_term_string}"},"query-input":"required name=search_term_string"}],"inLanguage":"eu"},{"@type":"Person","@id":"https:\/\/www.uaga.eus\/#\/schema\/person\/48c3cbf0f33d1b788226dbb6518689cf","name":"Blanca S\u00e1nchez","image":{"@type":"ImageObject","inLanguage":"eu","@id":"https:\/\/www.uaga.eus\/#\/schema\/person\/image\/","url":"https:\/\/secure.gravatar.com\/avatar\/0dc91c20648254b1ce84877283f6751b?s=96&d=mm&r=g","contentUrl":"https:\/\/secure.gravatar.com\/avatar\/0dc91c20648254b1ce84877283f6751b?s=96&d=mm&r=g","caption":"Blanca S\u00e1nchez"},"url":"https:\/\/www.uaga.eus\/eu\/author\/bsanchez\/"}]}},"_links":{"self":[{"href":"https:\/\/www.uaga.eus\/eu\/wp-json\/wp\/v2\/posts\/6186"}],"collection":[{"href":"https:\/\/www.uaga.eus\/eu\/wp-json\/wp\/v2\/posts"}],"about":[{"href":"https:\/\/www.uaga.eus\/eu\/wp-json\/wp\/v2\/types\/post"}],"author":[{"embeddable":true,"href":"https:\/\/www.uaga.eus\/eu\/wp-json\/wp\/v2\/users\/4"}],"replies":[{"embeddable":true,"href":"https:\/\/www.uaga.eus\/eu\/wp-json\/wp\/v2\/comments?post=6186"}],"version-history":[{"count":2,"href":"https:\/\/www.uaga.eus\/eu\/wp-json\/wp\/v2\/posts\/6186\/revisions"}],"predecessor-version":[{"id":6213,"href":"https:\/\/www.uaga.eus\/eu\/wp-json\/wp\/v2\/posts\/6186\/revisions\/6213"}],"wp:featuredmedia":[{"embeddable":true,"href":"https:\/\/www.uaga.eus\/eu\/wp-json\/wp\/v2\/media\/6067"}],"wp:attachment":[{"href":"https:\/\/www.uaga.eus\/eu\/wp-json\/wp\/v2\/media?parent=6186"}],"wp:term":[{"taxonomy":"category","embeddable":true,"href":"https:\/\/www.uaga.eus\/eu\/wp-json\/wp\/v2\/categories?post=6186"},{"taxonomy":"post_tag","embeddable":true,"href":"https:\/\/www.uaga.eus\/eu\/wp-json\/wp\/v2\/tags?post=6186"}],"curies":[{"name":"wp","href":"https:\/\/api.w.org\/{rel}","templated":true}]}}