{"id":6129,"date":"2019-05-31T11:17:41","date_gmt":"2019-05-31T11:17:41","guid":{"rendered":"https:\/\/www.uaga.eus\/?p=6129"},"modified":"2019-05-31T11:17:41","modified_gmt":"2019-05-31T11:17:41","slug":"telefonica-pone-a-disposicion-de-los-afectados-un-modelo-de-reclamaciones-para-danos-producidos-por-instalacion-de-cableado-de-fibra-optica-en-valles-alaveses","status":"publish","type":"post","link":"https:\/\/www.uaga.eus\/eu\/telefonica-pone-a-disposicion-de-los-afectados-un-modelo-de-reclamaciones-para-danos-producidos-por-instalacion-de-cableado-de-fibra-optica-en-valles-alaveses\/","title":{"rendered":"Telef\u00f3nica pone a disposici\u00f3n de los afectados un modelo de reclamaciones para\u00a0 da\u00f1os producidos por instalaci\u00f3n de cableado de fibra \u00f3ptica en Valles Alaveses"},"content":{"rendered":"<p>Telef\u00f3nica va a comenzar pr\u00f3ximamente a instalar nuevos cables de fibra \u00f3ptica en el entorno de Armi\u00f1\u00f3n, Manzanos, Rivaguda y otras localidades de Valles Alaveses. El proyecto se enmarca en el plan de expansi\u00f3n de redes de telecomunicaciones en el entorno rural. La instalaci\u00f3n de dichos cables se realizar\u00e1 por infraestructuras ya existentes, bien en l\u00edneas a\u00e9reas de postes o\u00a0en\u00a0canalizaciones enterradas principalmente en parcelas agrarias.<\/p>\n<p>Telef\u00f3nica informa de que cabe la posibilidad de que se realicen peque\u00f1as reparaciones en conducciones\u00a0 o cambios de postes y se har\u00e1 responsable de cualquier da\u00f1o o desperfecto que se pudiera producir. Para ello ha puesto a disposici\u00f3n un modelo de reclamaci\u00f3n y un tel\u00e9fono que aparece en la siguiente <a href=\"https:\/\/gallery.mailchimp.com\/498b950ccfc4b8d0e600d7e48\/files\/fd9924e6-b639-4638-b440-ff0b7774ad20\/telef\u00f3nica2.pdf\" target=\"_blank\" rel=\"noopener\" data-cke-saved-href=\"https:\/\/gallery.mailchimp.com\/498b950ccfc4b8d0e600d7e48\/files\/fd9924e6-b639-4638-b440-ff0b7774ad20\/telef\u00f3nica2.pdf\">notificaci\u00f3n<\/a>.<\/p>\n<p>+info Yolanda: 615779584<\/p>\n","protected":false},"excerpt":{"rendered":"<p>Telef\u00f3nica va a comenzar pr\u00f3ximamente a instalar nuevos cables de fibra \u00f3ptica en el entorno de Armi\u00f1\u00f3n, Manzanos, Rivaguda y otras localidades de Valles Alaveses. El proyecto se enmarca en el plan de expansi\u00f3n de redes de telecomunicaciones en el entorno rural. La instalaci\u00f3n de dichos cables se realizar\u00e1 por infraestructuras ya existentes, bien en [&hellip;]<\/p>\n","protected":false},"author":4,"featured_media":6123,"comment_status":"closed","ping_status":"closed","sticky":false,"template":"","format":"standard","meta":{"footnotes":""},"categories":[11],"tags":[],"yoast_head":"<!-- This site is optimized with the Yoast SEO plugin v21.5 - https:\/\/yoast.com\/wordpress\/plugins\/seo\/ -->\n<title>Telef\u00f3nica pone a disposici\u00f3n de los afectados un modelo de reclamaciones para\u00a0 da\u00f1os producidos por instalaci\u00f3n de cableado de fibra \u00f3ptica en Valles Alaveses - UAGA<\/title>\n<meta name=\"robots\" content=\"index, follow, max-snippet:-1, max-image-preview:large, max-video-preview:-1\" \/>\n<link rel=\"canonical\" href=\"https:\/\/www.uaga.eus\/telefonica-pone-a-disposicion-de-los-afectados-un-modelo-de-reclamaciones-para-danos-producidos-por-instalacion-de-cableado-de-fibra-optica-en-valles-alaveses\/\" \/>\n<meta property=\"og:locale\" content=\"en_US\" \/>\n<meta property=\"og:type\" content=\"article\" \/>\n<meta property=\"og:title\" content=\"Telef\u00f3nica pone a disposici\u00f3n de los afectados un modelo de reclamaciones para\u00a0 da\u00f1os producidos por instalaci\u00f3n de cableado de fibra \u00f3ptica en Valles Alaveses - UAGA\" \/>\n<meta property=\"og:description\" content=\"Telef\u00f3nica va a comenzar pr\u00f3ximamente a instalar nuevos cables de fibra \u00f3ptica en el entorno de Armi\u00f1\u00f3n, Manzanos, Rivaguda y otras localidades de Valles Alaveses. El proyecto se enmarca en el plan de expansi\u00f3n de redes de telecomunicaciones en el entorno rural. La instalaci\u00f3n de dichos cables se realizar\u00e1 por infraestructuras ya existentes, bien en [&hellip;]\" \/>\n<meta property=\"og:url\" content=\"https:\/\/www.uaga.eus\/telefonica-pone-a-disposicion-de-los-afectados-un-modelo-de-reclamaciones-para-danos-producidos-por-instalacion-de-cableado-de-fibra-optica-en-valles-alaveses\/\" \/>\n<meta property=\"og:site_name\" content=\"UAGA\" \/>\n<meta property=\"article:published_time\" content=\"2019-05-31T11:17:41+00:00\" \/>\n<meta property=\"og:image\" content=\"https:\/\/www.uaga.eus\/wp-content\/uploads\/2019\/05\/poste-telefonia-e1559301438126.jpg\" \/>\n\t<meta property=\"og:image:width\" content=\"648\" \/>\n\t<meta property=\"og:image:height\" content=\"346\" \/>\n\t<meta property=\"og:image:type\" content=\"image\/jpeg\" \/>\n<meta name=\"author\" content=\"Blanca S\u00e1nchez\" \/>\n<meta name=\"twitter:card\" content=\"summary_large_image\" \/>\n<meta name=\"twitter:label1\" content=\"Written by\" \/>\n\t<meta name=\"twitter:data1\" content=\"Blanca S\u00e1nchez\" \/>\n\t<meta name=\"twitter:label2\" content=\"Est. reading time\" \/>\n\t<meta name=\"twitter:data2\" content=\"1 minutua\" \/>\n<script type=\"application\/ld+json\" class=\"yoast-schema-graph\">{\"@context\":\"https:\/\/schema.org\",\"@graph\":[{\"@type\":\"WebPage\",\"@id\":\"https:\/\/www.uaga.eus\/telefonica-pone-a-disposicion-de-los-afectados-un-modelo-de-reclamaciones-para-danos-producidos-por-instalacion-de-cableado-de-fibra-optica-en-valles-alaveses\/\",\"url\":\"https:\/\/www.uaga.eus\/telefonica-pone-a-disposicion-de-los-afectados-un-modelo-de-reclamaciones-para-danos-producidos-por-instalacion-de-cableado-de-fibra-optica-en-valles-alaveses\/\",\"name\":\"Telef\u00f3nica pone a disposici\u00f3n de los afectados un modelo de reclamaciones para\u00a0 da\u00f1os producidos por instalaci\u00f3n de cableado de fibra \u00f3ptica en Valles Alaveses - UAGA\",\"isPartOf\":{\"@id\":\"https:\/\/www.uaga.eus\/#website\"},\"datePublished\":\"2019-05-31T11:17:41+00:00\",\"dateModified\":\"2019-05-31T11:17:41+00:00\",\"author\":{\"@id\":\"https:\/\/www.uaga.eus\/#\/schema\/person\/48c3cbf0f33d1b788226dbb6518689cf\"},\"breadcrumb\":{\"@id\":\"https:\/\/www.uaga.eus\/telefonica-pone-a-disposicion-de-los-afectados-un-modelo-de-reclamaciones-para-danos-producidos-por-instalacion-de-cableado-de-fibra-optica-en-valles-alaveses\/#breadcrumb\"},\"inLanguage\":\"eu\",\"potentialAction\":[{\"@type\":\"ReadAction\",\"target\":[\"https:\/\/www.uaga.eus\/telefonica-pone-a-disposicion-de-los-afectados-un-modelo-de-reclamaciones-para-danos-producidos-por-instalacion-de-cableado-de-fibra-optica-en-valles-alaveses\/\"]}]},{\"@type\":\"BreadcrumbList\",\"@id\":\"https:\/\/www.uaga.eus\/telefonica-pone-a-disposicion-de-los-afectados-un-modelo-de-reclamaciones-para-danos-producidos-por-instalacion-de-cableado-de-fibra-optica-en-valles-alaveses\/#breadcrumb\",\"itemListElement\":[{\"@type\":\"ListItem\",\"position\":1,\"name\":\"Inicio\",\"item\":\"https:\/\/www.uaga.eus\/\"},{\"@type\":\"ListItem\",\"position\":2,\"name\":\"Telef\u00f3nica pone a disposici\u00f3n de los afectados un modelo de reclamaciones para\u00a0 da\u00f1os producidos por instalaci\u00f3n de cableado de fibra \u00f3ptica en Valles Alaveses\"}]},{\"@type\":\"WebSite\",\"@id\":\"https:\/\/www.uaga.eus\/#website\",\"url\":\"https:\/\/www.uaga.eus\/\",\"name\":\"UAGA\",\"description\":\"Uni\u00f3n Agroganadera de \u00c1lava - Araba Nekazarien Elkartea\",\"potentialAction\":[{\"@type\":\"SearchAction\",\"target\":{\"@type\":\"EntryPoint\",\"urlTemplate\":\"https:\/\/www.uaga.eus\/?s={search_term_string}\"},\"query-input\":\"required name=search_term_string\"}],\"inLanguage\":\"eu\"},{\"@type\":\"Person\",\"@id\":\"https:\/\/www.uaga.eus\/#\/schema\/person\/48c3cbf0f33d1b788226dbb6518689cf\",\"name\":\"Blanca S\u00e1nchez\",\"image\":{\"@type\":\"ImageObject\",\"inLanguage\":\"eu\",\"@id\":\"https:\/\/www.uaga.eus\/#\/schema\/person\/image\/\",\"url\":\"https:\/\/secure.gravatar.com\/avatar\/0dc91c20648254b1ce84877283f6751b?s=96&d=mm&r=g\",\"contentUrl\":\"https:\/\/secure.gravatar.com\/avatar\/0dc91c20648254b1ce84877283f6751b?s=96&d=mm&r=g\",\"caption\":\"Blanca S\u00e1nchez\"},\"url\":\"https:\/\/www.uaga.eus\/eu\/author\/bsanchez\/\"}]}<\/script>\n<!-- \/ Yoast SEO plugin. -->","yoast_head_json":{"title":"Telef\u00f3nica pone a disposici\u00f3n de los afectados un modelo de reclamaciones para\u00a0 da\u00f1os producidos por instalaci\u00f3n de cableado de fibra \u00f3ptica en Valles Alaveses - UAGA","robots":{"index":"index","follow":"follow","max-snippet":"max-snippet:-1","max-image-preview":"max-image-preview:large","max-video-preview":"max-video-preview:-1"},"canonical":"https:\/\/www.uaga.eus\/telefonica-pone-a-disposicion-de-los-afectados-un-modelo-de-reclamaciones-para-danos-producidos-por-instalacion-de-cableado-de-fibra-optica-en-valles-alaveses\/","og_locale":"en_US","og_type":"article","og_title":"Telef\u00f3nica pone a disposici\u00f3n de los afectados un modelo de reclamaciones para\u00a0 da\u00f1os producidos por instalaci\u00f3n de cableado de fibra \u00f3ptica en Valles Alaveses - UAGA","og_description":"Telef\u00f3nica va a comenzar pr\u00f3ximamente a instalar nuevos cables de fibra \u00f3ptica en el entorno de Armi\u00f1\u00f3n, Manzanos, Rivaguda y otras localidades de Valles Alaveses. El proyecto se enmarca en el plan de expansi\u00f3n de redes de telecomunicaciones en el entorno rural. La instalaci\u00f3n de dichos cables se realizar\u00e1 por infraestructuras ya existentes, bien en [&hellip;]","og_url":"https:\/\/www.uaga.eus\/telefonica-pone-a-disposicion-de-los-afectados-un-modelo-de-reclamaciones-para-danos-producidos-por-instalacion-de-cableado-de-fibra-optica-en-valles-alaveses\/","og_site_name":"UAGA","article_published_time":"2019-05-31T11:17:41+00:00","og_image":[{"width":648,"height":346,"url":"https:\/\/www.uaga.eus\/wp-content\/uploads\/2019\/05\/poste-telefonia-e1559301438126.jpg","type":"image\/jpeg"}],"author":"Blanca S\u00e1nchez","twitter_card":"summary_large_image","twitter_misc":{"Written by":"Blanca S\u00e1nchez","Est. reading time":"1 minutua"},"schema":{"@context":"https:\/\/schema.org","@graph":[{"@type":"WebPage","@id":"https:\/\/www.uaga.eus\/telefonica-pone-a-disposicion-de-los-afectados-un-modelo-de-reclamaciones-para-danos-producidos-por-instalacion-de-cableado-de-fibra-optica-en-valles-alaveses\/","url":"https:\/\/www.uaga.eus\/telefonica-pone-a-disposicion-de-los-afectados-un-modelo-de-reclamaciones-para-danos-producidos-por-instalacion-de-cableado-de-fibra-optica-en-valles-alaveses\/","name":"Telef\u00f3nica pone a disposici\u00f3n de los afectados un modelo de reclamaciones para\u00a0 da\u00f1os producidos por instalaci\u00f3n de cableado de fibra \u00f3ptica en Valles Alaveses - UAGA","isPartOf":{"@id":"https:\/\/www.uaga.eus\/#website"},"datePublished":"2019-05-31T11:17:41+00:00","dateModified":"2019-05-31T11:17:41+00:00","author":{"@id":"https:\/\/www.uaga.eus\/#\/schema\/person\/48c3cbf0f33d1b788226dbb6518689cf"},"breadcrumb":{"@id":"https:\/\/www.uaga.eus\/telefonica-pone-a-disposicion-de-los-afectados-un-modelo-de-reclamaciones-para-danos-producidos-por-instalacion-de-cableado-de-fibra-optica-en-valles-alaveses\/#breadcrumb"},"inLanguage":"eu","potentialAction":[{"@type":"ReadAction","target":["https:\/\/www.uaga.eus\/telefonica-pone-a-disposicion-de-los-afectados-un-modelo-de-reclamaciones-para-danos-producidos-por-instalacion-de-cableado-de-fibra-optica-en-valles-alaveses\/"]}]},{"@type":"BreadcrumbList","@id":"https:\/\/www.uaga.eus\/telefonica-pone-a-disposicion-de-los-afectados-un-modelo-de-reclamaciones-para-danos-producidos-por-instalacion-de-cableado-de-fibra-optica-en-valles-alaveses\/#breadcrumb","itemListElement":[{"@type":"ListItem","position":1,"name":"Inicio","item":"https:\/\/www.uaga.eus\/"},{"@type":"ListItem","position":2,"name":"Telef\u00f3nica pone a disposici\u00f3n de los afectados un modelo de reclamaciones para\u00a0 da\u00f1os producidos por instalaci\u00f3n de cableado de fibra \u00f3ptica en Valles Alaveses"}]},{"@type":"WebSite","@id":"https:\/\/www.uaga.eus\/#website","url":"https:\/\/www.uaga.eus\/","name":"UAGA","description":"Uni\u00f3n Agroganadera de \u00c1lava - Araba Nekazarien Elkartea","potentialAction":[{"@type":"SearchAction","target":{"@type":"EntryPoint","urlTemplate":"https:\/\/www.uaga.eus\/?s={search_term_string}"},"query-input":"required name=search_term_string"}],"inLanguage":"eu"},{"@type":"Person","@id":"https:\/\/www.uaga.eus\/#\/schema\/person\/48c3cbf0f33d1b788226dbb6518689cf","name":"Blanca S\u00e1nchez","image":{"@type":"ImageObject","inLanguage":"eu","@id":"https:\/\/www.uaga.eus\/#\/schema\/person\/image\/","url":"https:\/\/secure.gravatar.com\/avatar\/0dc91c20648254b1ce84877283f6751b?s=96&d=mm&r=g","contentUrl":"https:\/\/secure.gravatar.com\/avatar\/0dc91c20648254b1ce84877283f6751b?s=96&d=mm&r=g","caption":"Blanca S\u00e1nchez"},"url":"https:\/\/www.uaga.eus\/eu\/author\/bsanchez\/"}]}},"_links":{"self":[{"href":"https:\/\/www.uaga.eus\/eu\/wp-json\/wp\/v2\/posts\/6129"}],"collection":[{"href":"https:\/\/www.uaga.eus\/eu\/wp-json\/wp\/v2\/posts"}],"about":[{"href":"https:\/\/www.uaga.eus\/eu\/wp-json\/wp\/v2\/types\/post"}],"author":[{"embeddable":true,"href":"https:\/\/www.uaga.eus\/eu\/wp-json\/wp\/v2\/users\/4"}],"replies":[{"embeddable":true,"href":"https:\/\/www.uaga.eus\/eu\/wp-json\/wp\/v2\/comments?post=6129"}],"version-history":[{"count":1,"href":"https:\/\/www.uaga.eus\/eu\/wp-json\/wp\/v2\/posts\/6129\/revisions"}],"predecessor-version":[{"id":6130,"href":"https:\/\/www.uaga.eus\/eu\/wp-json\/wp\/v2\/posts\/6129\/revisions\/6130"}],"wp:featuredmedia":[{"embeddable":true,"href":"https:\/\/www.uaga.eus\/eu\/wp-json\/wp\/v2\/media\/6123"}],"wp:attachment":[{"href":"https:\/\/www.uaga.eus\/eu\/wp-json\/wp\/v2\/media?parent=6129"}],"wp:term":[{"taxonomy":"category","embeddable":true,"href":"https:\/\/www.uaga.eus\/eu\/wp-json\/wp\/v2\/categories?post=6129"},{"taxonomy":"post_tag","embeddable":true,"href":"https:\/\/www.uaga.eus\/eu\/wp-json\/wp\/v2\/tags?post=6129"}],"curies":[{"name":"wp","href":"https:\/\/api.w.org\/{rel}","templated":true}]}}