{"id":6100,"date":"2019-05-24T11:23:17","date_gmt":"2019-05-24T11:23:17","guid":{"rendered":"https:\/\/www.uaga.eus\/?p=6100"},"modified":"2019-05-24T11:23:17","modified_gmt":"2019-05-24T11:23:17","slug":"uaga-apoya-el-lanzamiento-global-del-decenio-de-la-agricultura-familiar-2018-2028-que-tendra-lugar-el-29-de-mayo-en-roma","status":"publish","type":"post","link":"https:\/\/www.uaga.eus\/eu\/uaga-apoya-el-lanzamiento-global-del-decenio-de-la-agricultura-familiar-2018-2028-que-tendra-lugar-el-29-de-mayo-en-roma\/","title":{"rendered":"UAGA apoya el lanzamiento global del Decenio de la Agricultura Familiar 2018-2028 que tendr\u00e1 lugar el 29 de mayo en Roma"},"content":{"rendered":"<p>El Foro Rural Mundial, del que forma parte UAGA, informa que el pr\u00f3ximo 29 de mayo tendr\u00e1 lugar el Lanzamiento oficial del Decenio de la Agricultura Familiar de las Naciones Unidas en Roma. Con esta acci\u00f3n se pretende \u00a0reforzar los compromisos pol\u00edticos y los acuerdos institucionales en beneficio de la agricultura familiar, tras el \u00e9xito del A\u00f1o internacional de la agricultura familiar en 2014.<\/p>\n<p>Adem\u00e1s, el Foro Rural Mundial ha presentado la Declaraci\u00f3n de las organizaciones de agricultura familiar y organizaciones de la sociedad civil elaborada durante la VI Conferencia Global sobre Agricultura Familiar celebrada en Bilbao en marzo de 2019.<\/p>\n<p>Puedes consultar la Declaraci\u00f3n en este <a href=\"https:\/\/www.ruralforum.org\/es\/noticias\/2019\/05\/declaracion-de-las-organizaciones-de-agricultura-familiar-y-osc-durante-la-vi-conferencia-global\" target=\"_blank\" rel=\"noopener\" data-cke-saved-href=\"https:\/\/www.ruralforum.org\/es\/noticias\/2019\/05\/declaracion-de-las-organizaciones-de-agricultura-familiar-y-osc-durante-la-vi-conferencia-global\">enlace<\/a> y la informaci\u00f3n relativa al evento del Lanzamiento del Decenio de la Agricultura Familiar en este otro <a href=\"http:\/\/www.fao.org\/partnerships\/civil-society\/events\/details-events\/es\/c\/1187178\/\" target=\"_blank\" rel=\"noopener\" data-cke-saved-href=\"http:\/\/www.fao.org\/partnerships\/civil-society\/events\/details-events\/es\/c\/1187178\/\">enlace<\/a>.<\/p>\n<p><br data-cke-eol=\"1\" \/><\/p>\n","protected":false},"excerpt":{"rendered":"<p>El Foro Rural Mundial, del que forma parte UAGA, informa que el pr\u00f3ximo 29 de mayo tendr\u00e1 lugar el Lanzamiento oficial del Decenio de la Agricultura Familiar de las Naciones Unidas en Roma. Con esta acci\u00f3n se pretende \u00a0reforzar los compromisos pol\u00edticos y los acuerdos institucionales en beneficio de la agricultura familiar, tras el \u00e9xito [&hellip;]<\/p>\n","protected":false},"author":4,"featured_media":6101,"comment_status":"closed","ping_status":"closed","sticky":false,"template":"","format":"standard","meta":{"footnotes":""},"categories":[37],"tags":[],"yoast_head":"<!-- This site is optimized with the Yoast SEO plugin v21.5 - https:\/\/yoast.com\/wordpress\/plugins\/seo\/ -->\n<title>UAGA apoya el lanzamiento global del Decenio de la Agricultura Familiar 2018-2028 que tendr\u00e1 lugar el 29 de mayo en Roma - UAGA<\/title>\n<meta name=\"robots\" content=\"index, follow, max-snippet:-1, max-image-preview:large, max-video-preview:-1\" \/>\n<link rel=\"canonical\" href=\"https:\/\/www.uaga.eus\/eu\/uaga-apoya-el-lanzamiento-global-del-decenio-de-la-agricultura-familiar-2018-2028-que-tendra-lugar-el-29-de-mayo-en-roma\/\" \/>\n<meta property=\"og:locale\" content=\"en_US\" \/>\n<meta property=\"og:type\" content=\"article\" \/>\n<meta property=\"og:title\" content=\"UAGA apoya el lanzamiento global del Decenio de la Agricultura Familiar 2018-2028 que tendr\u00e1 lugar el 29 de mayo en Roma - UAGA\" \/>\n<meta property=\"og:description\" content=\"El Foro Rural Mundial, del que forma parte UAGA, informa que el pr\u00f3ximo 29 de mayo tendr\u00e1 lugar el Lanzamiento oficial del Decenio de la Agricultura Familiar de las Naciones Unidas en Roma. Con esta acci\u00f3n se pretende \u00a0reforzar los compromisos pol\u00edticos y los acuerdos institucionales en beneficio de la agricultura familiar, tras el \u00e9xito [&hellip;]\" \/>\n<meta property=\"og:url\" content=\"https:\/\/www.uaga.eus\/eu\/uaga-apoya-el-lanzamiento-global-del-decenio-de-la-agricultura-familiar-2018-2028-que-tendra-lugar-el-29-de-mayo-en-roma\/\" \/>\n<meta property=\"og:site_name\" content=\"UAGA\" \/>\n<meta property=\"article:published_time\" content=\"2019-05-24T11:23:17+00:00\" \/>\n<meta property=\"og:image\" content=\"https:\/\/www.uaga.eus\/wp-content\/uploads\/2019\/05\/aiaf2018_es.jpg\" \/>\n\t<meta property=\"og:image:width\" content=\"200\" \/>\n\t<meta property=\"og:image:height\" content=\"167\" \/>\n\t<meta property=\"og:image:type\" content=\"image\/jpeg\" \/>\n<meta name=\"author\" content=\"Blanca S\u00e1nchez\" \/>\n<meta name=\"twitter:card\" content=\"summary_large_image\" \/>\n<meta name=\"twitter:label1\" content=\"Written by\" \/>\n\t<meta name=\"twitter:data1\" content=\"Blanca S\u00e1nchez\" \/>\n\t<meta name=\"twitter:label2\" content=\"Est. reading time\" \/>\n\t<meta name=\"twitter:data2\" content=\"1 minutua\" \/>\n<script type=\"application\/ld+json\" class=\"yoast-schema-graph\">{\"@context\":\"https:\/\/schema.org\",\"@graph\":[{\"@type\":\"WebPage\",\"@id\":\"https:\/\/www.uaga.eus\/eu\/uaga-apoya-el-lanzamiento-global-del-decenio-de-la-agricultura-familiar-2018-2028-que-tendra-lugar-el-29-de-mayo-en-roma\/\",\"url\":\"https:\/\/www.uaga.eus\/eu\/uaga-apoya-el-lanzamiento-global-del-decenio-de-la-agricultura-familiar-2018-2028-que-tendra-lugar-el-29-de-mayo-en-roma\/\",\"name\":\"UAGA apoya el lanzamiento global del Decenio de la Agricultura Familiar 2018-2028 que tendr\u00e1 lugar el 29 de mayo en Roma - UAGA\",\"isPartOf\":{\"@id\":\"https:\/\/www.uaga.eus\/#website\"},\"datePublished\":\"2019-05-24T11:23:17+00:00\",\"dateModified\":\"2019-05-24T11:23:17+00:00\",\"author\":{\"@id\":\"https:\/\/www.uaga.eus\/#\/schema\/person\/48c3cbf0f33d1b788226dbb6518689cf\"},\"breadcrumb\":{\"@id\":\"https:\/\/www.uaga.eus\/eu\/uaga-apoya-el-lanzamiento-global-del-decenio-de-la-agricultura-familiar-2018-2028-que-tendra-lugar-el-29-de-mayo-en-roma\/#breadcrumb\"},\"inLanguage\":\"eu\",\"potentialAction\":[{\"@type\":\"ReadAction\",\"target\":[\"https:\/\/www.uaga.eus\/eu\/uaga-apoya-el-lanzamiento-global-del-decenio-de-la-agricultura-familiar-2018-2028-que-tendra-lugar-el-29-de-mayo-en-roma\/\"]}]},{\"@type\":\"BreadcrumbList\",\"@id\":\"https:\/\/www.uaga.eus\/eu\/uaga-apoya-el-lanzamiento-global-del-decenio-de-la-agricultura-familiar-2018-2028-que-tendra-lugar-el-29-de-mayo-en-roma\/#breadcrumb\",\"itemListElement\":[{\"@type\":\"ListItem\",\"position\":1,\"name\":\"Inicio\",\"item\":\"https:\/\/www.uaga.eus\/\"},{\"@type\":\"ListItem\",\"position\":2,\"name\":\"UAGA apoya el lanzamiento global del Decenio de la Agricultura Familiar 2018-2028 que tendr\u00e1 lugar el 29 de mayo en Roma\"}]},{\"@type\":\"WebSite\",\"@id\":\"https:\/\/www.uaga.eus\/#website\",\"url\":\"https:\/\/www.uaga.eus\/\",\"name\":\"UAGA\",\"description\":\"Uni\u00f3n Agroganadera de \u00c1lava - Araba Nekazarien Elkartea\",\"potentialAction\":[{\"@type\":\"SearchAction\",\"target\":{\"@type\":\"EntryPoint\",\"urlTemplate\":\"https:\/\/www.uaga.eus\/?s={search_term_string}\"},\"query-input\":\"required name=search_term_string\"}],\"inLanguage\":\"eu\"},{\"@type\":\"Person\",\"@id\":\"https:\/\/www.uaga.eus\/#\/schema\/person\/48c3cbf0f33d1b788226dbb6518689cf\",\"name\":\"Blanca S\u00e1nchez\",\"image\":{\"@type\":\"ImageObject\",\"inLanguage\":\"eu\",\"@id\":\"https:\/\/www.uaga.eus\/#\/schema\/person\/image\/\",\"url\":\"https:\/\/secure.gravatar.com\/avatar\/0dc91c20648254b1ce84877283f6751b?s=96&d=mm&r=g\",\"contentUrl\":\"https:\/\/secure.gravatar.com\/avatar\/0dc91c20648254b1ce84877283f6751b?s=96&d=mm&r=g\",\"caption\":\"Blanca S\u00e1nchez\"},\"url\":\"https:\/\/www.uaga.eus\/eu\/author\/bsanchez\/\"}]}<\/script>\n<!-- \/ Yoast SEO plugin. -->","yoast_head_json":{"title":"UAGA apoya el lanzamiento global del Decenio de la Agricultura Familiar 2018-2028 que tendr\u00e1 lugar el 29 de mayo en Roma - UAGA","robots":{"index":"index","follow":"follow","max-snippet":"max-snippet:-1","max-image-preview":"max-image-preview:large","max-video-preview":"max-video-preview:-1"},"canonical":"https:\/\/www.uaga.eus\/eu\/uaga-apoya-el-lanzamiento-global-del-decenio-de-la-agricultura-familiar-2018-2028-que-tendra-lugar-el-29-de-mayo-en-roma\/","og_locale":"en_US","og_type":"article","og_title":"UAGA apoya el lanzamiento global del Decenio de la Agricultura Familiar 2018-2028 que tendr\u00e1 lugar el 29 de mayo en Roma - UAGA","og_description":"El Foro Rural Mundial, del que forma parte UAGA, informa que el pr\u00f3ximo 29 de mayo tendr\u00e1 lugar el Lanzamiento oficial del Decenio de la Agricultura Familiar de las Naciones Unidas en Roma. Con esta acci\u00f3n se pretende \u00a0reforzar los compromisos pol\u00edticos y los acuerdos institucionales en beneficio de la agricultura familiar, tras el \u00e9xito [&hellip;]","og_url":"https:\/\/www.uaga.eus\/eu\/uaga-apoya-el-lanzamiento-global-del-decenio-de-la-agricultura-familiar-2018-2028-que-tendra-lugar-el-29-de-mayo-en-roma\/","og_site_name":"UAGA","article_published_time":"2019-05-24T11:23:17+00:00","og_image":[{"width":200,"height":167,"url":"https:\/\/www.uaga.eus\/wp-content\/uploads\/2019\/05\/aiaf2018_es.jpg","type":"image\/jpeg"}],"author":"Blanca S\u00e1nchez","twitter_card":"summary_large_image","twitter_misc":{"Written by":"Blanca S\u00e1nchez","Est. reading time":"1 minutua"},"schema":{"@context":"https:\/\/schema.org","@graph":[{"@type":"WebPage","@id":"https:\/\/www.uaga.eus\/eu\/uaga-apoya-el-lanzamiento-global-del-decenio-de-la-agricultura-familiar-2018-2028-que-tendra-lugar-el-29-de-mayo-en-roma\/","url":"https:\/\/www.uaga.eus\/eu\/uaga-apoya-el-lanzamiento-global-del-decenio-de-la-agricultura-familiar-2018-2028-que-tendra-lugar-el-29-de-mayo-en-roma\/","name":"UAGA apoya el lanzamiento global del Decenio de la Agricultura Familiar 2018-2028 que tendr\u00e1 lugar el 29 de mayo en Roma - UAGA","isPartOf":{"@id":"https:\/\/www.uaga.eus\/#website"},"datePublished":"2019-05-24T11:23:17+00:00","dateModified":"2019-05-24T11:23:17+00:00","author":{"@id":"https:\/\/www.uaga.eus\/#\/schema\/person\/48c3cbf0f33d1b788226dbb6518689cf"},"breadcrumb":{"@id":"https:\/\/www.uaga.eus\/eu\/uaga-apoya-el-lanzamiento-global-del-decenio-de-la-agricultura-familiar-2018-2028-que-tendra-lugar-el-29-de-mayo-en-roma\/#breadcrumb"},"inLanguage":"eu","potentialAction":[{"@type":"ReadAction","target":["https:\/\/www.uaga.eus\/eu\/uaga-apoya-el-lanzamiento-global-del-decenio-de-la-agricultura-familiar-2018-2028-que-tendra-lugar-el-29-de-mayo-en-roma\/"]}]},{"@type":"BreadcrumbList","@id":"https:\/\/www.uaga.eus\/eu\/uaga-apoya-el-lanzamiento-global-del-decenio-de-la-agricultura-familiar-2018-2028-que-tendra-lugar-el-29-de-mayo-en-roma\/#breadcrumb","itemListElement":[{"@type":"ListItem","position":1,"name":"Inicio","item":"https:\/\/www.uaga.eus\/"},{"@type":"ListItem","position":2,"name":"UAGA apoya el lanzamiento global del Decenio de la Agricultura Familiar 2018-2028 que tendr\u00e1 lugar el 29 de mayo en Roma"}]},{"@type":"WebSite","@id":"https:\/\/www.uaga.eus\/#website","url":"https:\/\/www.uaga.eus\/","name":"UAGA","description":"Uni\u00f3n Agroganadera de \u00c1lava - Araba Nekazarien Elkartea","potentialAction":[{"@type":"SearchAction","target":{"@type":"EntryPoint","urlTemplate":"https:\/\/www.uaga.eus\/?s={search_term_string}"},"query-input":"required name=search_term_string"}],"inLanguage":"eu"},{"@type":"Person","@id":"https:\/\/www.uaga.eus\/#\/schema\/person\/48c3cbf0f33d1b788226dbb6518689cf","name":"Blanca S\u00e1nchez","image":{"@type":"ImageObject","inLanguage":"eu","@id":"https:\/\/www.uaga.eus\/#\/schema\/person\/image\/","url":"https:\/\/secure.gravatar.com\/avatar\/0dc91c20648254b1ce84877283f6751b?s=96&d=mm&r=g","contentUrl":"https:\/\/secure.gravatar.com\/avatar\/0dc91c20648254b1ce84877283f6751b?s=96&d=mm&r=g","caption":"Blanca S\u00e1nchez"},"url":"https:\/\/www.uaga.eus\/eu\/author\/bsanchez\/"}]}},"_links":{"self":[{"href":"https:\/\/www.uaga.eus\/eu\/wp-json\/wp\/v2\/posts\/6100"}],"collection":[{"href":"https:\/\/www.uaga.eus\/eu\/wp-json\/wp\/v2\/posts"}],"about":[{"href":"https:\/\/www.uaga.eus\/eu\/wp-json\/wp\/v2\/types\/post"}],"author":[{"embeddable":true,"href":"https:\/\/www.uaga.eus\/eu\/wp-json\/wp\/v2\/users\/4"}],"replies":[{"embeddable":true,"href":"https:\/\/www.uaga.eus\/eu\/wp-json\/wp\/v2\/comments?post=6100"}],"version-history":[{"count":1,"href":"https:\/\/www.uaga.eus\/eu\/wp-json\/wp\/v2\/posts\/6100\/revisions"}],"predecessor-version":[{"id":6103,"href":"https:\/\/www.uaga.eus\/eu\/wp-json\/wp\/v2\/posts\/6100\/revisions\/6103"}],"wp:featuredmedia":[{"embeddable":true,"href":"https:\/\/www.uaga.eus\/eu\/wp-json\/wp\/v2\/media\/6101"}],"wp:attachment":[{"href":"https:\/\/www.uaga.eus\/eu\/wp-json\/wp\/v2\/media?parent=6100"}],"wp:term":[{"taxonomy":"category","embeddable":true,"href":"https:\/\/www.uaga.eus\/eu\/wp-json\/wp\/v2\/categories?post=6100"},{"taxonomy":"post_tag","embeddable":true,"href":"https:\/\/www.uaga.eus\/eu\/wp-json\/wp\/v2\/tags?post=6100"}],"curies":[{"name":"wp","href":"https:\/\/api.w.org\/{rel}","templated":true}]}}