{"id":6087,"date":"2019-05-21T10:23:28","date_gmt":"2019-05-21T10:23:28","guid":{"rendered":"https:\/\/www.uaga.eus\/?p=6087"},"modified":"2019-05-21T10:23:28","modified_gmt":"2019-05-21T10:23:28","slug":"uaga-organiza-este-ano-el-encuentro-estatal-de-jovenes-de-coag-2019-en-alava-el-31-de-mayo-1-y-2-de-junio-animate-y-participa","status":"publish","type":"post","link":"https:\/\/www.uaga.eus\/eu\/uaga-organiza-este-ano-el-encuentro-estatal-de-jovenes-de-coag-2019-en-alava-el-31-de-mayo-1-y-2-de-junio-animate-y-participa\/","title":{"rendered":"UAGA organiza este a\u00f1o el Encuentro Estatal de J\u00f3venes de COAG 2019 en \u00c1lava, el 31 de mayo, 1 y 2 de junio \u00a1An\u00edmate y participa!"},"content":{"rendered":"<p>El pr\u00f3ximo 31 de mayo, 1 y 2 de junio se va a celebrar en \u00c1lava el encuentro de j\u00f3venes de COAG: Cambio Clim\u00e1tico y futuro sostenible para el sector agrario.<\/p>\n<p>El encuentro de j\u00f3venes de COAG es una oportunidad para fomentar las relaciones con los j\u00f3venes de COAG de otras comunidades, compartir experiencias y aprender unos de otros. Se realizar\u00e1n 2 visitas a explotaciones de j\u00f3venes en Rioja Alavesa y Kuartango para conocer su realidad. Adem\u00e1s, se llevar\u00e1n a cabo ponencias sobre el Cambio Clim\u00e1tico e innovaci\u00f3n, normativa y pol\u00edticas agrarias en base al Cambio Clim\u00e1tico y retos de los j\u00f3venes a nivel internacional.<\/p>\n<p>La incorporaci\u00f3n de j\u00f3venes al sector, fomentar su participaci\u00f3n y asegurar el relevo generacional son objetivos estrat\u00e9gicos prioritarios de UAGA.<\/p>\n<p>Puedes consultar el programa en el siguiente\u00a0<a href=\"https:\/\/gallery.mailchimp.com\/498b950ccfc4b8d0e600d7e48\/files\/fb91a29f-2f7e-4041-82b9-cbacfa430b12\/INVITAC%C3%8DON_UAGA_LAB_.01.pdf\" target=\"_blank\" rel=\"noopener\">enlace<\/a>.<\/p>\n<p>Ll\u00e1manos para confirmar tu asistencia.<\/p>\n<p>No te lo puedes perder, \u00a1AN\u00cdMATE Y PARTICIPA!<br \/>\n+ info Gustavo: 635704865<\/p>\n","protected":false},"excerpt":{"rendered":"<p>El pr\u00f3ximo 31 de mayo, 1 y 2 de junio se va a celebrar en \u00c1lava el encuentro de j\u00f3venes de COAG: Cambio Clim\u00e1tico y futuro sostenible para el sector agrario. El encuentro de j\u00f3venes de COAG es una oportunidad para fomentar las relaciones con los j\u00f3venes de COAG de otras comunidades, compartir experiencias y [&hellip;]<\/p>\n","protected":false},"author":4,"featured_media":6088,"comment_status":"closed","ping_status":"closed","sticky":false,"template":"","format":"standard","meta":{"footnotes":""},"categories":[3],"tags":[],"yoast_head":"<!-- This site is optimized with the Yoast SEO plugin v21.5 - https:\/\/yoast.com\/wordpress\/plugins\/seo\/ -->\n<title>UAGA organiza este a\u00f1o el Encuentro Estatal de J\u00f3venes de COAG 2019 en \u00c1lava, el 31 de mayo, 1 y 2 de junio \u00a1An\u00edmate y participa! - UAGA<\/title>\n<meta name=\"robots\" content=\"index, follow, max-snippet:-1, max-image-preview:large, max-video-preview:-1\" \/>\n<link rel=\"canonical\" href=\"https:\/\/www.uaga.eus\/uaga-organiza-este-ano-el-encuentro-estatal-de-jovenes-de-coag-2019-en-alava-el-31-de-mayo-1-y-2-de-junio-animate-y-participa\/\" \/>\n<meta property=\"og:locale\" content=\"en_US\" \/>\n<meta property=\"og:type\" content=\"article\" \/>\n<meta property=\"og:title\" content=\"UAGA organiza este a\u00f1o el Encuentro Estatal de J\u00f3venes de COAG 2019 en \u00c1lava, el 31 de mayo, 1 y 2 de junio \u00a1An\u00edmate y participa! - UAGA\" \/>\n<meta property=\"og:description\" content=\"El pr\u00f3ximo 31 de mayo, 1 y 2 de junio se va a celebrar en \u00c1lava el encuentro de j\u00f3venes de COAG: Cambio Clim\u00e1tico y futuro sostenible para el sector agrario. El encuentro de j\u00f3venes de COAG es una oportunidad para fomentar las relaciones con los j\u00f3venes de COAG de otras comunidades, compartir experiencias y [&hellip;]\" \/>\n<meta property=\"og:url\" content=\"https:\/\/www.uaga.eus\/uaga-organiza-este-ano-el-encuentro-estatal-de-jovenes-de-coag-2019-en-alava-el-31-de-mayo-1-y-2-de-junio-animate-y-participa\/\" \/>\n<meta property=\"og:site_name\" content=\"UAGA\" \/>\n<meta property=\"article:published_time\" content=\"2019-05-21T10:23:28+00:00\" \/>\n<meta property=\"og:image\" content=\"https:\/\/www.uaga.eus\/wp-content\/uploads\/2019\/05\/imagen-invitacion-jovenes.jpg\" \/>\n\t<meta property=\"og:image:width\" content=\"650\" \/>\n\t<meta property=\"og:image:height\" content=\"376\" \/>\n\t<meta property=\"og:image:type\" content=\"image\/jpeg\" \/>\n<meta name=\"author\" content=\"Blanca S\u00e1nchez\" \/>\n<meta name=\"twitter:card\" content=\"summary_large_image\" \/>\n<meta name=\"twitter:label1\" content=\"Written by\" \/>\n\t<meta name=\"twitter:data1\" content=\"Blanca S\u00e1nchez\" \/>\n\t<meta name=\"twitter:label2\" content=\"Est. reading time\" \/>\n\t<meta name=\"twitter:data2\" content=\"1 minutua\" \/>\n<script type=\"application\/ld+json\" class=\"yoast-schema-graph\">{\"@context\":\"https:\/\/schema.org\",\"@graph\":[{\"@type\":\"WebPage\",\"@id\":\"https:\/\/www.uaga.eus\/uaga-organiza-este-ano-el-encuentro-estatal-de-jovenes-de-coag-2019-en-alava-el-31-de-mayo-1-y-2-de-junio-animate-y-participa\/\",\"url\":\"https:\/\/www.uaga.eus\/uaga-organiza-este-ano-el-encuentro-estatal-de-jovenes-de-coag-2019-en-alava-el-31-de-mayo-1-y-2-de-junio-animate-y-participa\/\",\"name\":\"UAGA organiza este a\u00f1o el Encuentro Estatal de J\u00f3venes de COAG 2019 en \u00c1lava, el 31 de mayo, 1 y 2 de junio \u00a1An\u00edmate y participa! - UAGA\",\"isPartOf\":{\"@id\":\"https:\/\/www.uaga.eus\/#website\"},\"datePublished\":\"2019-05-21T10:23:28+00:00\",\"dateModified\":\"2019-05-21T10:23:28+00:00\",\"author\":{\"@id\":\"https:\/\/www.uaga.eus\/#\/schema\/person\/48c3cbf0f33d1b788226dbb6518689cf\"},\"breadcrumb\":{\"@id\":\"https:\/\/www.uaga.eus\/uaga-organiza-este-ano-el-encuentro-estatal-de-jovenes-de-coag-2019-en-alava-el-31-de-mayo-1-y-2-de-junio-animate-y-participa\/#breadcrumb\"},\"inLanguage\":\"eu\",\"potentialAction\":[{\"@type\":\"ReadAction\",\"target\":[\"https:\/\/www.uaga.eus\/uaga-organiza-este-ano-el-encuentro-estatal-de-jovenes-de-coag-2019-en-alava-el-31-de-mayo-1-y-2-de-junio-animate-y-participa\/\"]}]},{\"@type\":\"BreadcrumbList\",\"@id\":\"https:\/\/www.uaga.eus\/uaga-organiza-este-ano-el-encuentro-estatal-de-jovenes-de-coag-2019-en-alava-el-31-de-mayo-1-y-2-de-junio-animate-y-participa\/#breadcrumb\",\"itemListElement\":[{\"@type\":\"ListItem\",\"position\":1,\"name\":\"Inicio\",\"item\":\"https:\/\/www.uaga.eus\/\"},{\"@type\":\"ListItem\",\"position\":2,\"name\":\"UAGA organiza este a\u00f1o el Encuentro Estatal de J\u00f3venes de COAG 2019 en \u00c1lava, el 31 de mayo, 1 y 2 de junio \u00a1An\u00edmate y participa!\"}]},{\"@type\":\"WebSite\",\"@id\":\"https:\/\/www.uaga.eus\/#website\",\"url\":\"https:\/\/www.uaga.eus\/\",\"name\":\"UAGA\",\"description\":\"Uni\u00f3n Agroganadera de \u00c1lava - Araba Nekazarien Elkartea\",\"potentialAction\":[{\"@type\":\"SearchAction\",\"target\":{\"@type\":\"EntryPoint\",\"urlTemplate\":\"https:\/\/www.uaga.eus\/?s={search_term_string}\"},\"query-input\":\"required name=search_term_string\"}],\"inLanguage\":\"eu\"},{\"@type\":\"Person\",\"@id\":\"https:\/\/www.uaga.eus\/#\/schema\/person\/48c3cbf0f33d1b788226dbb6518689cf\",\"name\":\"Blanca S\u00e1nchez\",\"image\":{\"@type\":\"ImageObject\",\"inLanguage\":\"eu\",\"@id\":\"https:\/\/www.uaga.eus\/#\/schema\/person\/image\/\",\"url\":\"https:\/\/secure.gravatar.com\/avatar\/0dc91c20648254b1ce84877283f6751b?s=96&d=mm&r=g\",\"contentUrl\":\"https:\/\/secure.gravatar.com\/avatar\/0dc91c20648254b1ce84877283f6751b?s=96&d=mm&r=g\",\"caption\":\"Blanca S\u00e1nchez\"},\"url\":\"https:\/\/www.uaga.eus\/eu\/author\/bsanchez\/\"}]}<\/script>\n<!-- \/ Yoast SEO plugin. -->","yoast_head_json":{"title":"UAGA organiza este a\u00f1o el Encuentro Estatal de J\u00f3venes de COAG 2019 en \u00c1lava, el 31 de mayo, 1 y 2 de junio \u00a1An\u00edmate y participa! - UAGA","robots":{"index":"index","follow":"follow","max-snippet":"max-snippet:-1","max-image-preview":"max-image-preview:large","max-video-preview":"max-video-preview:-1"},"canonical":"https:\/\/www.uaga.eus\/uaga-organiza-este-ano-el-encuentro-estatal-de-jovenes-de-coag-2019-en-alava-el-31-de-mayo-1-y-2-de-junio-animate-y-participa\/","og_locale":"en_US","og_type":"article","og_title":"UAGA organiza este a\u00f1o el Encuentro Estatal de J\u00f3venes de COAG 2019 en \u00c1lava, el 31 de mayo, 1 y 2 de junio \u00a1An\u00edmate y participa! - UAGA","og_description":"El pr\u00f3ximo 31 de mayo, 1 y 2 de junio se va a celebrar en \u00c1lava el encuentro de j\u00f3venes de COAG: Cambio Clim\u00e1tico y futuro sostenible para el sector agrario. El encuentro de j\u00f3venes de COAG es una oportunidad para fomentar las relaciones con los j\u00f3venes de COAG de otras comunidades, compartir experiencias y [&hellip;]","og_url":"https:\/\/www.uaga.eus\/uaga-organiza-este-ano-el-encuentro-estatal-de-jovenes-de-coag-2019-en-alava-el-31-de-mayo-1-y-2-de-junio-animate-y-participa\/","og_site_name":"UAGA","article_published_time":"2019-05-21T10:23:28+00:00","og_image":[{"width":650,"height":376,"url":"https:\/\/www.uaga.eus\/wp-content\/uploads\/2019\/05\/imagen-invitacion-jovenes.jpg","type":"image\/jpeg"}],"author":"Blanca S\u00e1nchez","twitter_card":"summary_large_image","twitter_misc":{"Written by":"Blanca S\u00e1nchez","Est. reading time":"1 minutua"},"schema":{"@context":"https:\/\/schema.org","@graph":[{"@type":"WebPage","@id":"https:\/\/www.uaga.eus\/uaga-organiza-este-ano-el-encuentro-estatal-de-jovenes-de-coag-2019-en-alava-el-31-de-mayo-1-y-2-de-junio-animate-y-participa\/","url":"https:\/\/www.uaga.eus\/uaga-organiza-este-ano-el-encuentro-estatal-de-jovenes-de-coag-2019-en-alava-el-31-de-mayo-1-y-2-de-junio-animate-y-participa\/","name":"UAGA organiza este a\u00f1o el Encuentro Estatal de J\u00f3venes de COAG 2019 en \u00c1lava, el 31 de mayo, 1 y 2 de junio \u00a1An\u00edmate y participa! - UAGA","isPartOf":{"@id":"https:\/\/www.uaga.eus\/#website"},"datePublished":"2019-05-21T10:23:28+00:00","dateModified":"2019-05-21T10:23:28+00:00","author":{"@id":"https:\/\/www.uaga.eus\/#\/schema\/person\/48c3cbf0f33d1b788226dbb6518689cf"},"breadcrumb":{"@id":"https:\/\/www.uaga.eus\/uaga-organiza-este-ano-el-encuentro-estatal-de-jovenes-de-coag-2019-en-alava-el-31-de-mayo-1-y-2-de-junio-animate-y-participa\/#breadcrumb"},"inLanguage":"eu","potentialAction":[{"@type":"ReadAction","target":["https:\/\/www.uaga.eus\/uaga-organiza-este-ano-el-encuentro-estatal-de-jovenes-de-coag-2019-en-alava-el-31-de-mayo-1-y-2-de-junio-animate-y-participa\/"]}]},{"@type":"BreadcrumbList","@id":"https:\/\/www.uaga.eus\/uaga-organiza-este-ano-el-encuentro-estatal-de-jovenes-de-coag-2019-en-alava-el-31-de-mayo-1-y-2-de-junio-animate-y-participa\/#breadcrumb","itemListElement":[{"@type":"ListItem","position":1,"name":"Inicio","item":"https:\/\/www.uaga.eus\/"},{"@type":"ListItem","position":2,"name":"UAGA organiza este a\u00f1o el Encuentro Estatal de J\u00f3venes de COAG 2019 en \u00c1lava, el 31 de mayo, 1 y 2 de junio \u00a1An\u00edmate y participa!"}]},{"@type":"WebSite","@id":"https:\/\/www.uaga.eus\/#website","url":"https:\/\/www.uaga.eus\/","name":"UAGA","description":"Uni\u00f3n Agroganadera de \u00c1lava - Araba Nekazarien Elkartea","potentialAction":[{"@type":"SearchAction","target":{"@type":"EntryPoint","urlTemplate":"https:\/\/www.uaga.eus\/?s={search_term_string}"},"query-input":"required name=search_term_string"}],"inLanguage":"eu"},{"@type":"Person","@id":"https:\/\/www.uaga.eus\/#\/schema\/person\/48c3cbf0f33d1b788226dbb6518689cf","name":"Blanca S\u00e1nchez","image":{"@type":"ImageObject","inLanguage":"eu","@id":"https:\/\/www.uaga.eus\/#\/schema\/person\/image\/","url":"https:\/\/secure.gravatar.com\/avatar\/0dc91c20648254b1ce84877283f6751b?s=96&d=mm&r=g","contentUrl":"https:\/\/secure.gravatar.com\/avatar\/0dc91c20648254b1ce84877283f6751b?s=96&d=mm&r=g","caption":"Blanca S\u00e1nchez"},"url":"https:\/\/www.uaga.eus\/eu\/author\/bsanchez\/"}]}},"_links":{"self":[{"href":"https:\/\/www.uaga.eus\/eu\/wp-json\/wp\/v2\/posts\/6087"}],"collection":[{"href":"https:\/\/www.uaga.eus\/eu\/wp-json\/wp\/v2\/posts"}],"about":[{"href":"https:\/\/www.uaga.eus\/eu\/wp-json\/wp\/v2\/types\/post"}],"author":[{"embeddable":true,"href":"https:\/\/www.uaga.eus\/eu\/wp-json\/wp\/v2\/users\/4"}],"replies":[{"embeddable":true,"href":"https:\/\/www.uaga.eus\/eu\/wp-json\/wp\/v2\/comments?post=6087"}],"version-history":[{"count":2,"href":"https:\/\/www.uaga.eus\/eu\/wp-json\/wp\/v2\/posts\/6087\/revisions"}],"predecessor-version":[{"id":6090,"href":"https:\/\/www.uaga.eus\/eu\/wp-json\/wp\/v2\/posts\/6087\/revisions\/6090"}],"wp:featuredmedia":[{"embeddable":true,"href":"https:\/\/www.uaga.eus\/eu\/wp-json\/wp\/v2\/media\/6088"}],"wp:attachment":[{"href":"https:\/\/www.uaga.eus\/eu\/wp-json\/wp\/v2\/media?parent=6087"}],"wp:term":[{"taxonomy":"category","embeddable":true,"href":"https:\/\/www.uaga.eus\/eu\/wp-json\/wp\/v2\/categories?post=6087"},{"taxonomy":"post_tag","embeddable":true,"href":"https:\/\/www.uaga.eus\/eu\/wp-json\/wp\/v2\/tags?post=6087"}],"curies":[{"name":"wp","href":"https:\/\/api.w.org\/{rel}","templated":true}]}}