{"id":6083,"date":"2019-05-21T10:19:56","date_gmt":"2019-05-21T10:19:56","guid":{"rendered":"https:\/\/www.uaga.eus\/?p=6083"},"modified":"2019-05-21T10:28:06","modified_gmt":"2019-05-21T10:28:06","slug":"uaga-participa-en-la-reunion-mensual-con-el-departamento-de-agricultura-de-diputacion","status":"publish","type":"post","link":"https:\/\/www.uaga.eus\/eu\/uaga-participa-en-la-reunion-mensual-con-el-departamento-de-agricultura-de-diputacion\/","title":{"rendered":"UAGA participa en la reuni\u00f3n mensual con el Departamento de Agricultura de Diputaci\u00f3n"},"content":{"rendered":"<p>UAGA ha mantenido esta semana la reuni\u00f3n mensual con el Diputado y la Directora de Agricultura de Diputaci\u00f3n. Entre otros asuntos, se ha tratado\u00a0 la situaci\u00f3n actual del sector de remolacha, el regad\u00edo de Noryeste o\u00a0la finalizaci\u00f3n de la recogida de la lana acumulada en las explotaciones de ovino. Adem\u00e1s se ha informado sobre\u00a0la puesta en marcha del Plan de Gesti\u00f3n del Jabal\u00ed de Diputaci\u00f3n, en el que\u00a0 se ha empezado por informar a las explotaciones porcinas sobre la aplicaci\u00f3n de medidas de bioseguridad. Por otra parte, tambi\u00e9n ha empezado a funcionar\u00a0un grupo de trabajo para analizar las tarifas del agua en los distintos sectores, con el fin de buscar una soluci\u00f3n a las altas tarifas, por ejemplo para el sector ganadero de Ayala.<\/p>\n<p>Nos preocupa especialmente la decisi\u00f3n que se tomar\u00e1 en el Departamento de Medio Ambiente del Gobierno Vasco sobre la inclusi\u00f3n o no del lobo en el Cat\u00e1logo Vasco de Especies Amenazadas. UAGA se opone firmemente a su inclusi\u00f3n en el CVEA y hemos solicitado a Diputaci\u00f3n un posicionamiento claro por su parte sobre este tema que afecta enormemente al futuro del sector ganadero alav\u00e9s.<\/p>\n","protected":false},"excerpt":{"rendered":"<p>UAGA ha mantenido esta semana la reuni\u00f3n mensual con el Diputado y la Directora de Agricultura de Diputaci\u00f3n. Entre otros asuntos, se ha tratado\u00a0 la situaci\u00f3n actual del sector de remolacha, el regad\u00edo de Noryeste o\u00a0la finalizaci\u00f3n de la recogida de la lana acumulada en las explotaciones de ovino. Adem\u00e1s se ha informado sobre\u00a0la puesta [&hellip;]<\/p>\n","protected":false},"author":4,"featured_media":2144,"comment_status":"closed","ping_status":"closed","sticky":false,"template":"","format":"standard","meta":{"footnotes":""},"categories":[4],"tags":[],"yoast_head":"<!-- This site is optimized with the Yoast SEO plugin v21.5 - https:\/\/yoast.com\/wordpress\/plugins\/seo\/ -->\n<title>UAGA participa en la reuni\u00f3n mensual con el Departamento de Agricultura de Diputaci\u00f3n - UAGA<\/title>\n<meta name=\"robots\" content=\"index, follow, max-snippet:-1, max-image-preview:large, max-video-preview:-1\" \/>\n<link rel=\"canonical\" href=\"https:\/\/www.uaga.eus\/uaga-participa-en-la-reunion-mensual-con-el-departamento-de-agricultura-de-diputacion\/\" \/>\n<meta property=\"og:locale\" content=\"en_US\" \/>\n<meta property=\"og:type\" content=\"article\" \/>\n<meta property=\"og:title\" content=\"UAGA participa en la reuni\u00f3n mensual con el Departamento de Agricultura de Diputaci\u00f3n - UAGA\" \/>\n<meta property=\"og:description\" content=\"UAGA ha mantenido esta semana la reuni\u00f3n mensual con el Diputado y la Directora de Agricultura de Diputaci\u00f3n. Entre otros asuntos, se ha tratado\u00a0 la situaci\u00f3n actual del sector de remolacha, el regad\u00edo de Noryeste o\u00a0la finalizaci\u00f3n de la recogida de la lana acumulada en las explotaciones de ovino. Adem\u00e1s se ha informado sobre\u00a0la puesta [&hellip;]\" \/>\n<meta property=\"og:url\" content=\"https:\/\/www.uaga.eus\/uaga-participa-en-la-reunion-mensual-con-el-departamento-de-agricultura-de-diputacion\/\" \/>\n<meta property=\"og:site_name\" content=\"UAGA\" \/>\n<meta property=\"article:published_time\" content=\"2019-05-21T10:19:56+00:00\" \/>\n<meta property=\"article:modified_time\" content=\"2019-05-21T10:28:06+00:00\" \/>\n<meta property=\"og:image\" content=\"https:\/\/www.uaga.eus\/wp-content\/uploads\/2018\/03\/MARCA-H-COLOR-e1521033120628.jpg\" \/>\n\t<meta property=\"og:image:width\" content=\"700\" \/>\n\t<meta property=\"og:image:height\" content=\"240\" \/>\n\t<meta property=\"og:image:type\" content=\"image\/jpeg\" \/>\n<meta name=\"author\" content=\"Blanca S\u00e1nchez\" \/>\n<meta name=\"twitter:card\" content=\"summary_large_image\" \/>\n<meta name=\"twitter:label1\" content=\"Written by\" \/>\n\t<meta name=\"twitter:data1\" content=\"Blanca S\u00e1nchez\" \/>\n\t<meta name=\"twitter:label2\" content=\"Est. reading time\" \/>\n\t<meta name=\"twitter:data2\" content=\"1 minutua\" \/>\n<script type=\"application\/ld+json\" class=\"yoast-schema-graph\">{\"@context\":\"https:\/\/schema.org\",\"@graph\":[{\"@type\":\"WebPage\",\"@id\":\"https:\/\/www.uaga.eus\/uaga-participa-en-la-reunion-mensual-con-el-departamento-de-agricultura-de-diputacion\/\",\"url\":\"https:\/\/www.uaga.eus\/uaga-participa-en-la-reunion-mensual-con-el-departamento-de-agricultura-de-diputacion\/\",\"name\":\"UAGA participa en la reuni\u00f3n mensual con el Departamento de Agricultura de Diputaci\u00f3n - UAGA\",\"isPartOf\":{\"@id\":\"https:\/\/www.uaga.eus\/#website\"},\"datePublished\":\"2019-05-21T10:19:56+00:00\",\"dateModified\":\"2019-05-21T10:28:06+00:00\",\"author\":{\"@id\":\"https:\/\/www.uaga.eus\/#\/schema\/person\/48c3cbf0f33d1b788226dbb6518689cf\"},\"breadcrumb\":{\"@id\":\"https:\/\/www.uaga.eus\/uaga-participa-en-la-reunion-mensual-con-el-departamento-de-agricultura-de-diputacion\/#breadcrumb\"},\"inLanguage\":\"eu\",\"potentialAction\":[{\"@type\":\"ReadAction\",\"target\":[\"https:\/\/www.uaga.eus\/uaga-participa-en-la-reunion-mensual-con-el-departamento-de-agricultura-de-diputacion\/\"]}]},{\"@type\":\"BreadcrumbList\",\"@id\":\"https:\/\/www.uaga.eus\/uaga-participa-en-la-reunion-mensual-con-el-departamento-de-agricultura-de-diputacion\/#breadcrumb\",\"itemListElement\":[{\"@type\":\"ListItem\",\"position\":1,\"name\":\"Inicio\",\"item\":\"https:\/\/www.uaga.eus\/\"},{\"@type\":\"ListItem\",\"position\":2,\"name\":\"UAGA participa en la reuni\u00f3n mensual con el Departamento de Agricultura de Diputaci\u00f3n\"}]},{\"@type\":\"WebSite\",\"@id\":\"https:\/\/www.uaga.eus\/#website\",\"url\":\"https:\/\/www.uaga.eus\/\",\"name\":\"UAGA\",\"description\":\"Uni\u00f3n Agroganadera de \u00c1lava - Araba Nekazarien Elkartea\",\"potentialAction\":[{\"@type\":\"SearchAction\",\"target\":{\"@type\":\"EntryPoint\",\"urlTemplate\":\"https:\/\/www.uaga.eus\/?s={search_term_string}\"},\"query-input\":\"required name=search_term_string\"}],\"inLanguage\":\"eu\"},{\"@type\":\"Person\",\"@id\":\"https:\/\/www.uaga.eus\/#\/schema\/person\/48c3cbf0f33d1b788226dbb6518689cf\",\"name\":\"Blanca S\u00e1nchez\",\"image\":{\"@type\":\"ImageObject\",\"inLanguage\":\"eu\",\"@id\":\"https:\/\/www.uaga.eus\/#\/schema\/person\/image\/\",\"url\":\"https:\/\/secure.gravatar.com\/avatar\/0dc91c20648254b1ce84877283f6751b?s=96&d=mm&r=g\",\"contentUrl\":\"https:\/\/secure.gravatar.com\/avatar\/0dc91c20648254b1ce84877283f6751b?s=96&d=mm&r=g\",\"caption\":\"Blanca S\u00e1nchez\"},\"url\":\"https:\/\/www.uaga.eus\/eu\/author\/bsanchez\/\"}]}<\/script>\n<!-- \/ Yoast SEO plugin. -->","yoast_head_json":{"title":"UAGA participa en la reuni\u00f3n mensual con el Departamento de Agricultura de Diputaci\u00f3n - UAGA","robots":{"index":"index","follow":"follow","max-snippet":"max-snippet:-1","max-image-preview":"max-image-preview:large","max-video-preview":"max-video-preview:-1"},"canonical":"https:\/\/www.uaga.eus\/uaga-participa-en-la-reunion-mensual-con-el-departamento-de-agricultura-de-diputacion\/","og_locale":"en_US","og_type":"article","og_title":"UAGA participa en la reuni\u00f3n mensual con el Departamento de Agricultura de Diputaci\u00f3n - UAGA","og_description":"UAGA ha mantenido esta semana la reuni\u00f3n mensual con el Diputado y la Directora de Agricultura de Diputaci\u00f3n. Entre otros asuntos, se ha tratado\u00a0 la situaci\u00f3n actual del sector de remolacha, el regad\u00edo de Noryeste o\u00a0la finalizaci\u00f3n de la recogida de la lana acumulada en las explotaciones de ovino. Adem\u00e1s se ha informado sobre\u00a0la puesta [&hellip;]","og_url":"https:\/\/www.uaga.eus\/uaga-participa-en-la-reunion-mensual-con-el-departamento-de-agricultura-de-diputacion\/","og_site_name":"UAGA","article_published_time":"2019-05-21T10:19:56+00:00","article_modified_time":"2019-05-21T10:28:06+00:00","og_image":[{"width":700,"height":240,"url":"https:\/\/www.uaga.eus\/wp-content\/uploads\/2018\/03\/MARCA-H-COLOR-e1521033120628.jpg","type":"image\/jpeg"}],"author":"Blanca S\u00e1nchez","twitter_card":"summary_large_image","twitter_misc":{"Written by":"Blanca S\u00e1nchez","Est. reading time":"1 minutua"},"schema":{"@context":"https:\/\/schema.org","@graph":[{"@type":"WebPage","@id":"https:\/\/www.uaga.eus\/uaga-participa-en-la-reunion-mensual-con-el-departamento-de-agricultura-de-diputacion\/","url":"https:\/\/www.uaga.eus\/uaga-participa-en-la-reunion-mensual-con-el-departamento-de-agricultura-de-diputacion\/","name":"UAGA participa en la reuni\u00f3n mensual con el Departamento de Agricultura de Diputaci\u00f3n - UAGA","isPartOf":{"@id":"https:\/\/www.uaga.eus\/#website"},"datePublished":"2019-05-21T10:19:56+00:00","dateModified":"2019-05-21T10:28:06+00:00","author":{"@id":"https:\/\/www.uaga.eus\/#\/schema\/person\/48c3cbf0f33d1b788226dbb6518689cf"},"breadcrumb":{"@id":"https:\/\/www.uaga.eus\/uaga-participa-en-la-reunion-mensual-con-el-departamento-de-agricultura-de-diputacion\/#breadcrumb"},"inLanguage":"eu","potentialAction":[{"@type":"ReadAction","target":["https:\/\/www.uaga.eus\/uaga-participa-en-la-reunion-mensual-con-el-departamento-de-agricultura-de-diputacion\/"]}]},{"@type":"BreadcrumbList","@id":"https:\/\/www.uaga.eus\/uaga-participa-en-la-reunion-mensual-con-el-departamento-de-agricultura-de-diputacion\/#breadcrumb","itemListElement":[{"@type":"ListItem","position":1,"name":"Inicio","item":"https:\/\/www.uaga.eus\/"},{"@type":"ListItem","position":2,"name":"UAGA participa en la reuni\u00f3n mensual con el Departamento de Agricultura de Diputaci\u00f3n"}]},{"@type":"WebSite","@id":"https:\/\/www.uaga.eus\/#website","url":"https:\/\/www.uaga.eus\/","name":"UAGA","description":"Uni\u00f3n Agroganadera de \u00c1lava - Araba Nekazarien Elkartea","potentialAction":[{"@type":"SearchAction","target":{"@type":"EntryPoint","urlTemplate":"https:\/\/www.uaga.eus\/?s={search_term_string}"},"query-input":"required name=search_term_string"}],"inLanguage":"eu"},{"@type":"Person","@id":"https:\/\/www.uaga.eus\/#\/schema\/person\/48c3cbf0f33d1b788226dbb6518689cf","name":"Blanca S\u00e1nchez","image":{"@type":"ImageObject","inLanguage":"eu","@id":"https:\/\/www.uaga.eus\/#\/schema\/person\/image\/","url":"https:\/\/secure.gravatar.com\/avatar\/0dc91c20648254b1ce84877283f6751b?s=96&d=mm&r=g","contentUrl":"https:\/\/secure.gravatar.com\/avatar\/0dc91c20648254b1ce84877283f6751b?s=96&d=mm&r=g","caption":"Blanca S\u00e1nchez"},"url":"https:\/\/www.uaga.eus\/eu\/author\/bsanchez\/"}]}},"_links":{"self":[{"href":"https:\/\/www.uaga.eus\/eu\/wp-json\/wp\/v2\/posts\/6083"}],"collection":[{"href":"https:\/\/www.uaga.eus\/eu\/wp-json\/wp\/v2\/posts"}],"about":[{"href":"https:\/\/www.uaga.eus\/eu\/wp-json\/wp\/v2\/types\/post"}],"author":[{"embeddable":true,"href":"https:\/\/www.uaga.eus\/eu\/wp-json\/wp\/v2\/users\/4"}],"replies":[{"embeddable":true,"href":"https:\/\/www.uaga.eus\/eu\/wp-json\/wp\/v2\/comments?post=6083"}],"version-history":[{"count":2,"href":"https:\/\/www.uaga.eus\/eu\/wp-json\/wp\/v2\/posts\/6083\/revisions"}],"predecessor-version":[{"id":6091,"href":"https:\/\/www.uaga.eus\/eu\/wp-json\/wp\/v2\/posts\/6083\/revisions\/6091"}],"wp:featuredmedia":[{"embeddable":true,"href":"https:\/\/www.uaga.eus\/eu\/wp-json\/wp\/v2\/media\/2144"}],"wp:attachment":[{"href":"https:\/\/www.uaga.eus\/eu\/wp-json\/wp\/v2\/media?parent=6083"}],"wp:term":[{"taxonomy":"category","embeddable":true,"href":"https:\/\/www.uaga.eus\/eu\/wp-json\/wp\/v2\/categories?post=6083"},{"taxonomy":"post_tag","embeddable":true,"href":"https:\/\/www.uaga.eus\/eu\/wp-json\/wp\/v2\/tags?post=6083"}],"curies":[{"name":"wp","href":"https:\/\/api.w.org\/{rel}","templated":true}]}}