{"id":6079,"date":"2019-05-21T10:17:11","date_gmt":"2019-05-21T10:17:11","guid":{"rendered":"https:\/\/www.uaga.eus\/?p=6079"},"modified":"2019-05-21T10:17:11","modified_gmt":"2019-05-21T10:17:11","slug":"uaga-participa-en-la-comision-de-urbanismo-de-alava","status":"publish","type":"post","link":"https:\/\/www.uaga.eus\/eu\/uaga-participa-en-la-comision-de-urbanismo-de-alava\/","title":{"rendered":"UAGA participa en la Comisi\u00f3n de Urbanismo de \u00c1lava"},"content":{"rendered":"<p>El pasado viernes 10 de mayo tuvo lugar una reuni\u00f3n de la Comisi\u00f3n de Urbanismo de \u00c1lava, en la que particip\u00f3 UAGA.<\/p>\n<p>En dicha reuni\u00f3n se analiz\u00f3 la 1\u00aa modificaci\u00f3n puntual del Plan General de Ordenaci\u00f3n Urbana del municipio de Elciego, relativa a la localizaci\u00f3n de bodegas en suelo no urbanizable. La modificaci\u00f3n aprobada matiza la condici\u00f3n actual, quedando que la localizaci\u00f3n de bodegas e industrias agrarias no podr\u00e1n localizarse a menos de 500 metros de distancia del suelo clasificado como urbano y urbanizable que tenga calificaci\u00f3n global residencial.<\/p>\n<p>Adem\u00e1s, se aprob\u00f3 una nueva modificaci\u00f3n de las Normas Subsidiarias de Planeamiento de Ribera Baja por la que se va posibilitar la implantaci\u00f3n de una instalaci\u00f3n solar fotovoltaica en un sector urbanizable. Dicho sector cuenta con un plan parcial aprobado en el a\u00f1o 2006 que no ha sido ni urbanizado ni tampoco edificado, por lo que sigue vacante en su totalidad y sin urbanizar desde hace 13 a\u00f1os. La modificaci\u00f3n incluye el uso global industrial de generaci\u00f3n de energ\u00eda el\u00e9ctrica fotovoltaica, as\u00ed como los usos vinculados a dicha actividad.<\/p>\n<p>Por \u00faltimo, la Secci\u00f3n de Planeamiento, Gesti\u00f3n y Disciplina Urban\u00edstica inform\u00f3 sobre la aprobaci\u00f3n y entrada en vigor de la Ley 4\/2019, de 21 de febrero, de Sostenibilidad energ\u00e9tica de la Comunidad Aut\u00f3noma Vasca, en lo concerniente a la inclusi\u00f3n de un estudio de sostenibilidad energ\u00e9tica al que van a estar sometidos determinadas herramientas de ordenaci\u00f3n territorial, como son: las directrices de ordenaci\u00f3n territorial, los planes territoriales parciales y los planes territoriales sectoriales (DOT, PTP y PTS), as\u00ed como los planes de ordenaci\u00f3n estructural, planes generales de ordenaci\u00f3n urbana (PGOU), planes de carreteras o de infraestructura de transporte y aquellos con inncidencia directa en la log\u00edstica de la distribuci\u00f3n de mercanc\u00edas. Se inform\u00f3 de que el Estudio de sostenibilidad energ\u00e9tica ser\u00e1 obligatorio para los planes que no est\u00e9n inicialmente aprobados en el momento de la entrada en vigor de dicha ley (el 1 de marzo de 2019).<\/p>\n<p>+ info Yolanda:\u00a0615779584<\/p>\n","protected":false},"excerpt":{"rendered":"<p>El pasado viernes 10 de mayo tuvo lugar una reuni\u00f3n de la Comisi\u00f3n de Urbanismo de \u00c1lava, en la que particip\u00f3 UAGA. En dicha reuni\u00f3n se analiz\u00f3 la 1\u00aa modificaci\u00f3n puntual del Plan General de Ordenaci\u00f3n Urbana del municipio de Elciego, relativa a la localizaci\u00f3n de bodegas en suelo no urbanizable. La modificaci\u00f3n aprobada matiza [&hellip;]<\/p>\n","protected":false},"author":4,"featured_media":6066,"comment_status":"closed","ping_status":"closed","sticky":false,"template":"","format":"standard","meta":{"footnotes":""},"categories":[11],"tags":[],"yoast_head":"<!-- This site is optimized with the Yoast SEO plugin v21.5 - https:\/\/yoast.com\/wordpress\/plugins\/seo\/ -->\n<title>UAGA participa en la Comisi\u00f3n de Urbanismo de \u00c1lava - UAGA<\/title>\n<meta name=\"robots\" content=\"index, follow, max-snippet:-1, max-image-preview:large, max-video-preview:-1\" \/>\n<link rel=\"canonical\" href=\"https:\/\/www.uaga.eus\/uaga-participa-en-la-comision-de-urbanismo-de-alava\/\" \/>\n<meta property=\"og:locale\" content=\"en_US\" \/>\n<meta property=\"og:type\" content=\"article\" \/>\n<meta property=\"og:title\" content=\"UAGA participa en la Comisi\u00f3n de Urbanismo de \u00c1lava - UAGA\" \/>\n<meta property=\"og:description\" content=\"El pasado viernes 10 de mayo tuvo lugar una reuni\u00f3n de la Comisi\u00f3n de Urbanismo de \u00c1lava, en la que particip\u00f3 UAGA. En dicha reuni\u00f3n se analiz\u00f3 la 1\u00aa modificaci\u00f3n puntual del Plan General de Ordenaci\u00f3n Urbana del municipio de Elciego, relativa a la localizaci\u00f3n de bodegas en suelo no urbanizable. La modificaci\u00f3n aprobada matiza [&hellip;]\" \/>\n<meta property=\"og:url\" content=\"https:\/\/www.uaga.eus\/uaga-participa-en-la-comision-de-urbanismo-de-alava\/\" \/>\n<meta property=\"og:site_name\" content=\"UAGA\" \/>\n<meta property=\"article:published_time\" content=\"2019-05-21T10:17:11+00:00\" \/>\n<meta property=\"og:image\" content=\"https:\/\/www.uaga.eus\/wp-content\/uploads\/2019\/05\/placas-solares.jpg\" \/>\n\t<meta property=\"og:image:width\" content=\"649\" \/>\n\t<meta property=\"og:image:height\" content=\"366\" \/>\n\t<meta property=\"og:image:type\" content=\"image\/jpeg\" \/>\n<meta name=\"author\" content=\"Blanca S\u00e1nchez\" \/>\n<meta name=\"twitter:card\" content=\"summary_large_image\" \/>\n<meta name=\"twitter:label1\" content=\"Written by\" \/>\n\t<meta name=\"twitter:data1\" content=\"Blanca S\u00e1nchez\" \/>\n\t<meta name=\"twitter:label2\" content=\"Est. reading time\" \/>\n\t<meta name=\"twitter:data2\" content=\"2 minutua\" \/>\n<script type=\"application\/ld+json\" class=\"yoast-schema-graph\">{\"@context\":\"https:\/\/schema.org\",\"@graph\":[{\"@type\":\"WebPage\",\"@id\":\"https:\/\/www.uaga.eus\/uaga-participa-en-la-comision-de-urbanismo-de-alava\/\",\"url\":\"https:\/\/www.uaga.eus\/uaga-participa-en-la-comision-de-urbanismo-de-alava\/\",\"name\":\"UAGA participa en la Comisi\u00f3n de Urbanismo de \u00c1lava - UAGA\",\"isPartOf\":{\"@id\":\"https:\/\/www.uaga.eus\/#website\"},\"datePublished\":\"2019-05-21T10:17:11+00:00\",\"dateModified\":\"2019-05-21T10:17:11+00:00\",\"author\":{\"@id\":\"https:\/\/www.uaga.eus\/#\/schema\/person\/48c3cbf0f33d1b788226dbb6518689cf\"},\"breadcrumb\":{\"@id\":\"https:\/\/www.uaga.eus\/uaga-participa-en-la-comision-de-urbanismo-de-alava\/#breadcrumb\"},\"inLanguage\":\"eu\",\"potentialAction\":[{\"@type\":\"ReadAction\",\"target\":[\"https:\/\/www.uaga.eus\/uaga-participa-en-la-comision-de-urbanismo-de-alava\/\"]}]},{\"@type\":\"BreadcrumbList\",\"@id\":\"https:\/\/www.uaga.eus\/uaga-participa-en-la-comision-de-urbanismo-de-alava\/#breadcrumb\",\"itemListElement\":[{\"@type\":\"ListItem\",\"position\":1,\"name\":\"Inicio\",\"item\":\"https:\/\/www.uaga.eus\/\"},{\"@type\":\"ListItem\",\"position\":2,\"name\":\"UAGA participa en la Comisi\u00f3n de Urbanismo de \u00c1lava\"}]},{\"@type\":\"WebSite\",\"@id\":\"https:\/\/www.uaga.eus\/#website\",\"url\":\"https:\/\/www.uaga.eus\/\",\"name\":\"UAGA\",\"description\":\"Uni\u00f3n Agroganadera de \u00c1lava - Araba Nekazarien Elkartea\",\"potentialAction\":[{\"@type\":\"SearchAction\",\"target\":{\"@type\":\"EntryPoint\",\"urlTemplate\":\"https:\/\/www.uaga.eus\/?s={search_term_string}\"},\"query-input\":\"required name=search_term_string\"}],\"inLanguage\":\"eu\"},{\"@type\":\"Person\",\"@id\":\"https:\/\/www.uaga.eus\/#\/schema\/person\/48c3cbf0f33d1b788226dbb6518689cf\",\"name\":\"Blanca S\u00e1nchez\",\"image\":{\"@type\":\"ImageObject\",\"inLanguage\":\"eu\",\"@id\":\"https:\/\/www.uaga.eus\/#\/schema\/person\/image\/\",\"url\":\"https:\/\/secure.gravatar.com\/avatar\/0dc91c20648254b1ce84877283f6751b?s=96&d=mm&r=g\",\"contentUrl\":\"https:\/\/secure.gravatar.com\/avatar\/0dc91c20648254b1ce84877283f6751b?s=96&d=mm&r=g\",\"caption\":\"Blanca S\u00e1nchez\"},\"url\":\"https:\/\/www.uaga.eus\/eu\/author\/bsanchez\/\"}]}<\/script>\n<!-- \/ Yoast SEO plugin. -->","yoast_head_json":{"title":"UAGA participa en la Comisi\u00f3n de Urbanismo de \u00c1lava - UAGA","robots":{"index":"index","follow":"follow","max-snippet":"max-snippet:-1","max-image-preview":"max-image-preview:large","max-video-preview":"max-video-preview:-1"},"canonical":"https:\/\/www.uaga.eus\/uaga-participa-en-la-comision-de-urbanismo-de-alava\/","og_locale":"en_US","og_type":"article","og_title":"UAGA participa en la Comisi\u00f3n de Urbanismo de \u00c1lava - UAGA","og_description":"El pasado viernes 10 de mayo tuvo lugar una reuni\u00f3n de la Comisi\u00f3n de Urbanismo de \u00c1lava, en la que particip\u00f3 UAGA. En dicha reuni\u00f3n se analiz\u00f3 la 1\u00aa modificaci\u00f3n puntual del Plan General de Ordenaci\u00f3n Urbana del municipio de Elciego, relativa a la localizaci\u00f3n de bodegas en suelo no urbanizable. La modificaci\u00f3n aprobada matiza [&hellip;]","og_url":"https:\/\/www.uaga.eus\/uaga-participa-en-la-comision-de-urbanismo-de-alava\/","og_site_name":"UAGA","article_published_time":"2019-05-21T10:17:11+00:00","og_image":[{"width":649,"height":366,"url":"https:\/\/www.uaga.eus\/wp-content\/uploads\/2019\/05\/placas-solares.jpg","type":"image\/jpeg"}],"author":"Blanca S\u00e1nchez","twitter_card":"summary_large_image","twitter_misc":{"Written by":"Blanca S\u00e1nchez","Est. reading time":"2 minutua"},"schema":{"@context":"https:\/\/schema.org","@graph":[{"@type":"WebPage","@id":"https:\/\/www.uaga.eus\/uaga-participa-en-la-comision-de-urbanismo-de-alava\/","url":"https:\/\/www.uaga.eus\/uaga-participa-en-la-comision-de-urbanismo-de-alava\/","name":"UAGA participa en la Comisi\u00f3n de Urbanismo de \u00c1lava - UAGA","isPartOf":{"@id":"https:\/\/www.uaga.eus\/#website"},"datePublished":"2019-05-21T10:17:11+00:00","dateModified":"2019-05-21T10:17:11+00:00","author":{"@id":"https:\/\/www.uaga.eus\/#\/schema\/person\/48c3cbf0f33d1b788226dbb6518689cf"},"breadcrumb":{"@id":"https:\/\/www.uaga.eus\/uaga-participa-en-la-comision-de-urbanismo-de-alava\/#breadcrumb"},"inLanguage":"eu","potentialAction":[{"@type":"ReadAction","target":["https:\/\/www.uaga.eus\/uaga-participa-en-la-comision-de-urbanismo-de-alava\/"]}]},{"@type":"BreadcrumbList","@id":"https:\/\/www.uaga.eus\/uaga-participa-en-la-comision-de-urbanismo-de-alava\/#breadcrumb","itemListElement":[{"@type":"ListItem","position":1,"name":"Inicio","item":"https:\/\/www.uaga.eus\/"},{"@type":"ListItem","position":2,"name":"UAGA participa en la Comisi\u00f3n de Urbanismo de \u00c1lava"}]},{"@type":"WebSite","@id":"https:\/\/www.uaga.eus\/#website","url":"https:\/\/www.uaga.eus\/","name":"UAGA","description":"Uni\u00f3n Agroganadera de \u00c1lava - Araba Nekazarien Elkartea","potentialAction":[{"@type":"SearchAction","target":{"@type":"EntryPoint","urlTemplate":"https:\/\/www.uaga.eus\/?s={search_term_string}"},"query-input":"required name=search_term_string"}],"inLanguage":"eu"},{"@type":"Person","@id":"https:\/\/www.uaga.eus\/#\/schema\/person\/48c3cbf0f33d1b788226dbb6518689cf","name":"Blanca S\u00e1nchez","image":{"@type":"ImageObject","inLanguage":"eu","@id":"https:\/\/www.uaga.eus\/#\/schema\/person\/image\/","url":"https:\/\/secure.gravatar.com\/avatar\/0dc91c20648254b1ce84877283f6751b?s=96&d=mm&r=g","contentUrl":"https:\/\/secure.gravatar.com\/avatar\/0dc91c20648254b1ce84877283f6751b?s=96&d=mm&r=g","caption":"Blanca S\u00e1nchez"},"url":"https:\/\/www.uaga.eus\/eu\/author\/bsanchez\/"}]}},"_links":{"self":[{"href":"https:\/\/www.uaga.eus\/eu\/wp-json\/wp\/v2\/posts\/6079"}],"collection":[{"href":"https:\/\/www.uaga.eus\/eu\/wp-json\/wp\/v2\/posts"}],"about":[{"href":"https:\/\/www.uaga.eus\/eu\/wp-json\/wp\/v2\/types\/post"}],"author":[{"embeddable":true,"href":"https:\/\/www.uaga.eus\/eu\/wp-json\/wp\/v2\/users\/4"}],"replies":[{"embeddable":true,"href":"https:\/\/www.uaga.eus\/eu\/wp-json\/wp\/v2\/comments?post=6079"}],"version-history":[{"count":1,"href":"https:\/\/www.uaga.eus\/eu\/wp-json\/wp\/v2\/posts\/6079\/revisions"}],"predecessor-version":[{"id":6080,"href":"https:\/\/www.uaga.eus\/eu\/wp-json\/wp\/v2\/posts\/6079\/revisions\/6080"}],"wp:featuredmedia":[{"embeddable":true,"href":"https:\/\/www.uaga.eus\/eu\/wp-json\/wp\/v2\/media\/6066"}],"wp:attachment":[{"href":"https:\/\/www.uaga.eus\/eu\/wp-json\/wp\/v2\/media?parent=6079"}],"wp:term":[{"taxonomy":"category","embeddable":true,"href":"https:\/\/www.uaga.eus\/eu\/wp-json\/wp\/v2\/categories?post=6079"},{"taxonomy":"post_tag","embeddable":true,"href":"https:\/\/www.uaga.eus\/eu\/wp-json\/wp\/v2\/tags?post=6079"}],"curies":[{"name":"wp","href":"https:\/\/api.w.org\/{rel}","templated":true}]}}