{"id":6076,"date":"2019-05-21T10:15:13","date_gmt":"2019-05-21T10:15:13","guid":{"rendered":"https:\/\/www.uaga.eus\/?p=6076"},"modified":"2019-07-19T11:39:06","modified_gmt":"2019-07-19T11:39:06","slug":"uaga-junto-con-otras-organizaciones-del-medio-rural-reclama-su-espacio-en-las-propuestas-electorales-con-motivo-del-dia-del-mundo-rural","status":"publish","type":"post","link":"https:\/\/www.uaga.eus\/eu\/uaga-junto-con-otras-organizaciones-del-medio-rural-reclama-su-espacio-en-las-propuestas-electorales-con-motivo-del-dia-del-mundo-rural\/","title":{"rendered":"UAGA, junto con otras organizaciones del medio rural, reclama su espacio en las propuestas electorales con motivo del D\u00eda del Mundo Rural"},"content":{"rendered":"<p>Las entidades que trabajamos en el medio rural alav\u00e9s -ACOA, C\u00e1ritas, Curas Rurales y UAGA- hemos querido centrar este a\u00f1o la campa\u00f1a del D\u00eda del Mundo Rural en las pr\u00f3ximas elecciones municipales y forales del 26 de mayo.<\/p>\n<p>La campa\u00f1a se centra en las necesidades y reivindicaciones del mundo rural de cara a estas elecciones. Con el lema \u201cEstamos aqu\u00ed \/ Hemen Gaude\u201d, la idea es poner el medio rural en el centro y ser protagonistas de la agenda pol\u00edtica, no s\u00f3lo en per\u00edodo electoral sino durante todos los d\u00edas del a\u00f1o. Nuestro objetivo es aportar a esta sociedad desde nuestro espacio, conscientes de nuestros derechos y nuestras obligaciones.<\/p>\n<p>Para ello hemos realizado un dec\u00e1logo de propuestas dirigidas a todos los partidos pol\u00edticos y a la sociedad, a trav\u00e9s de peque\u00f1os v\u00eddeos, que re\u00fanen temas tan diversos como la protecci\u00f3n del medio ambiente, la igualdad de derechos de todas las personas que convivimos en el medio rural, el fomento de las actividades econ\u00f3micas inherentes al medio rural, la necesidad de servicios o la modernizaci\u00f3n tecnol\u00f3gica de nuestros pueblos.<\/p>\n<p>Puedes ver el\u00a0<a href=\"https:\/\/gallery.mailchimp.com\/498b950ccfc4b8d0e600d7e48\/files\/379a7043-e393-48fc-adcb-e6f069cd215a\/190513_DMR_2019.pdf\" target=\"_blank\" rel=\"noopener\">comunicado<\/a>\u00a0y el\u00a0<a href=\"https:\/\/gallery.mailchimp.com\/498b950ccfc4b8d0e600d7e48\/files\/e8129a3b-74c4-46d8-ab4a-4629358308bb\/decalogo.pdf\" target=\"_blank\" rel=\"noopener\">dec\u00e1logo<\/a>\u00a0aqu\u00ed.<\/p>\n<p>+info: Blanca\u00a0628412202<\/p>\n","protected":false},"excerpt":{"rendered":"<p>Las entidades que trabajamos en el medio rural alav\u00e9s -ACOA, C\u00e1ritas, Curas Rurales y UAGA- hemos querido centrar este a\u00f1o la campa\u00f1a del D\u00eda del Mundo Rural en las pr\u00f3ximas elecciones municipales y forales del 26 de mayo. La campa\u00f1a se centra en las necesidades y reivindicaciones del mundo rural de cara a estas elecciones. [&hellip;]<\/p>\n","protected":false},"author":4,"featured_media":6065,"comment_status":"closed","ping_status":"closed","sticky":false,"template":"","format":"standard","meta":{"footnotes":""},"categories":[37],"tags":[],"yoast_head":"<!-- This site is optimized with the Yoast SEO plugin v21.5 - https:\/\/yoast.com\/wordpress\/plugins\/seo\/ -->\n<title>UAGA, junto con otras organizaciones del medio rural, reclama su espacio en las propuestas electorales con motivo del D\u00eda del Mundo Rural - UAGA<\/title>\n<meta name=\"robots\" content=\"index, follow, max-snippet:-1, max-image-preview:large, max-video-preview:-1\" \/>\n<link rel=\"canonical\" href=\"https:\/\/www.uaga.eus\/uaga-junto-con-otras-organizaciones-del-medio-rural-reclama-su-espacio-en-las-propuestas-electorales-con-motivo-del-dia-del-mundo-rural\/\" \/>\n<meta property=\"og:locale\" content=\"en_US\" \/>\n<meta property=\"og:type\" content=\"article\" \/>\n<meta property=\"og:title\" content=\"UAGA, junto con otras organizaciones del medio rural, reclama su espacio en las propuestas electorales con motivo del D\u00eda del Mundo Rural - UAGA\" \/>\n<meta property=\"og:description\" content=\"Las entidades que trabajamos en el medio rural alav\u00e9s -ACOA, C\u00e1ritas, Curas Rurales y UAGA- hemos querido centrar este a\u00f1o la campa\u00f1a del D\u00eda del Mundo Rural en las pr\u00f3ximas elecciones municipales y forales del 26 de mayo. La campa\u00f1a se centra en las necesidades y reivindicaciones del mundo rural de cara a estas elecciones. [&hellip;]\" \/>\n<meta property=\"og:url\" content=\"https:\/\/www.uaga.eus\/uaga-junto-con-otras-organizaciones-del-medio-rural-reclama-su-espacio-en-las-propuestas-electorales-con-motivo-del-dia-del-mundo-rural\/\" \/>\n<meta property=\"og:site_name\" content=\"UAGA\" \/>\n<meta property=\"article:published_time\" content=\"2019-05-21T10:15:13+00:00\" \/>\n<meta property=\"article:modified_time\" content=\"2019-07-19T11:39:06+00:00\" \/>\n<meta property=\"og:image\" content=\"https:\/\/www.uaga.eus\/wp-content\/uploads\/2019\/05\/DMR.jpg\" \/>\n\t<meta property=\"og:image:width\" content=\"649\" \/>\n\t<meta property=\"og:image:height\" content=\"366\" \/>\n\t<meta property=\"og:image:type\" content=\"image\/jpeg\" \/>\n<meta name=\"author\" content=\"Blanca S\u00e1nchez\" \/>\n<meta name=\"twitter:card\" content=\"summary_large_image\" \/>\n<meta name=\"twitter:label1\" content=\"Written by\" \/>\n\t<meta name=\"twitter:data1\" content=\"Blanca S\u00e1nchez\" \/>\n\t<meta name=\"twitter:label2\" content=\"Est. reading time\" \/>\n\t<meta name=\"twitter:data2\" content=\"1 minutua\" \/>\n<script type=\"application\/ld+json\" class=\"yoast-schema-graph\">{\"@context\":\"https:\/\/schema.org\",\"@graph\":[{\"@type\":\"WebPage\",\"@id\":\"https:\/\/www.uaga.eus\/uaga-junto-con-otras-organizaciones-del-medio-rural-reclama-su-espacio-en-las-propuestas-electorales-con-motivo-del-dia-del-mundo-rural\/\",\"url\":\"https:\/\/www.uaga.eus\/uaga-junto-con-otras-organizaciones-del-medio-rural-reclama-su-espacio-en-las-propuestas-electorales-con-motivo-del-dia-del-mundo-rural\/\",\"name\":\"UAGA, junto con otras organizaciones del medio rural, reclama su espacio en las propuestas electorales con motivo del D\u00eda del Mundo Rural - UAGA\",\"isPartOf\":{\"@id\":\"https:\/\/www.uaga.eus\/#website\"},\"datePublished\":\"2019-05-21T10:15:13+00:00\",\"dateModified\":\"2019-07-19T11:39:06+00:00\",\"author\":{\"@id\":\"https:\/\/www.uaga.eus\/#\/schema\/person\/48c3cbf0f33d1b788226dbb6518689cf\"},\"breadcrumb\":{\"@id\":\"https:\/\/www.uaga.eus\/uaga-junto-con-otras-organizaciones-del-medio-rural-reclama-su-espacio-en-las-propuestas-electorales-con-motivo-del-dia-del-mundo-rural\/#breadcrumb\"},\"inLanguage\":\"eu\",\"potentialAction\":[{\"@type\":\"ReadAction\",\"target\":[\"https:\/\/www.uaga.eus\/uaga-junto-con-otras-organizaciones-del-medio-rural-reclama-su-espacio-en-las-propuestas-electorales-con-motivo-del-dia-del-mundo-rural\/\"]}]},{\"@type\":\"BreadcrumbList\",\"@id\":\"https:\/\/www.uaga.eus\/uaga-junto-con-otras-organizaciones-del-medio-rural-reclama-su-espacio-en-las-propuestas-electorales-con-motivo-del-dia-del-mundo-rural\/#breadcrumb\",\"itemListElement\":[{\"@type\":\"ListItem\",\"position\":1,\"name\":\"Inicio\",\"item\":\"https:\/\/www.uaga.eus\/\"},{\"@type\":\"ListItem\",\"position\":2,\"name\":\"UAGA, junto con otras organizaciones del medio rural, reclama su espacio en las propuestas electorales con motivo del D\u00eda del Mundo Rural\"}]},{\"@type\":\"WebSite\",\"@id\":\"https:\/\/www.uaga.eus\/#website\",\"url\":\"https:\/\/www.uaga.eus\/\",\"name\":\"UAGA\",\"description\":\"Uni\u00f3n Agroganadera de \u00c1lava - Araba Nekazarien Elkartea\",\"potentialAction\":[{\"@type\":\"SearchAction\",\"target\":{\"@type\":\"EntryPoint\",\"urlTemplate\":\"https:\/\/www.uaga.eus\/?s={search_term_string}\"},\"query-input\":\"required name=search_term_string\"}],\"inLanguage\":\"eu\"},{\"@type\":\"Person\",\"@id\":\"https:\/\/www.uaga.eus\/#\/schema\/person\/48c3cbf0f33d1b788226dbb6518689cf\",\"name\":\"Blanca S\u00e1nchez\",\"image\":{\"@type\":\"ImageObject\",\"inLanguage\":\"eu\",\"@id\":\"https:\/\/www.uaga.eus\/#\/schema\/person\/image\/\",\"url\":\"https:\/\/secure.gravatar.com\/avatar\/0dc91c20648254b1ce84877283f6751b?s=96&d=mm&r=g\",\"contentUrl\":\"https:\/\/secure.gravatar.com\/avatar\/0dc91c20648254b1ce84877283f6751b?s=96&d=mm&r=g\",\"caption\":\"Blanca S\u00e1nchez\"},\"url\":\"https:\/\/www.uaga.eus\/eu\/author\/bsanchez\/\"}]}<\/script>\n<!-- \/ Yoast SEO plugin. -->","yoast_head_json":{"title":"UAGA, junto con otras organizaciones del medio rural, reclama su espacio en las propuestas electorales con motivo del D\u00eda del Mundo Rural - UAGA","robots":{"index":"index","follow":"follow","max-snippet":"max-snippet:-1","max-image-preview":"max-image-preview:large","max-video-preview":"max-video-preview:-1"},"canonical":"https:\/\/www.uaga.eus\/uaga-junto-con-otras-organizaciones-del-medio-rural-reclama-su-espacio-en-las-propuestas-electorales-con-motivo-del-dia-del-mundo-rural\/","og_locale":"en_US","og_type":"article","og_title":"UAGA, junto con otras organizaciones del medio rural, reclama su espacio en las propuestas electorales con motivo del D\u00eda del Mundo Rural - UAGA","og_description":"Las entidades que trabajamos en el medio rural alav\u00e9s -ACOA, C\u00e1ritas, Curas Rurales y UAGA- hemos querido centrar este a\u00f1o la campa\u00f1a del D\u00eda del Mundo Rural en las pr\u00f3ximas elecciones municipales y forales del 26 de mayo. La campa\u00f1a se centra en las necesidades y reivindicaciones del mundo rural de cara a estas elecciones. [&hellip;]","og_url":"https:\/\/www.uaga.eus\/uaga-junto-con-otras-organizaciones-del-medio-rural-reclama-su-espacio-en-las-propuestas-electorales-con-motivo-del-dia-del-mundo-rural\/","og_site_name":"UAGA","article_published_time":"2019-05-21T10:15:13+00:00","article_modified_time":"2019-07-19T11:39:06+00:00","og_image":[{"width":649,"height":366,"url":"https:\/\/www.uaga.eus\/wp-content\/uploads\/2019\/05\/DMR.jpg","type":"image\/jpeg"}],"author":"Blanca S\u00e1nchez","twitter_card":"summary_large_image","twitter_misc":{"Written by":"Blanca S\u00e1nchez","Est. reading time":"1 minutua"},"schema":{"@context":"https:\/\/schema.org","@graph":[{"@type":"WebPage","@id":"https:\/\/www.uaga.eus\/uaga-junto-con-otras-organizaciones-del-medio-rural-reclama-su-espacio-en-las-propuestas-electorales-con-motivo-del-dia-del-mundo-rural\/","url":"https:\/\/www.uaga.eus\/uaga-junto-con-otras-organizaciones-del-medio-rural-reclama-su-espacio-en-las-propuestas-electorales-con-motivo-del-dia-del-mundo-rural\/","name":"UAGA, junto con otras organizaciones del medio rural, reclama su espacio en las propuestas electorales con motivo del D\u00eda del Mundo Rural - UAGA","isPartOf":{"@id":"https:\/\/www.uaga.eus\/#website"},"datePublished":"2019-05-21T10:15:13+00:00","dateModified":"2019-07-19T11:39:06+00:00","author":{"@id":"https:\/\/www.uaga.eus\/#\/schema\/person\/48c3cbf0f33d1b788226dbb6518689cf"},"breadcrumb":{"@id":"https:\/\/www.uaga.eus\/uaga-junto-con-otras-organizaciones-del-medio-rural-reclama-su-espacio-en-las-propuestas-electorales-con-motivo-del-dia-del-mundo-rural\/#breadcrumb"},"inLanguage":"eu","potentialAction":[{"@type":"ReadAction","target":["https:\/\/www.uaga.eus\/uaga-junto-con-otras-organizaciones-del-medio-rural-reclama-su-espacio-en-las-propuestas-electorales-con-motivo-del-dia-del-mundo-rural\/"]}]},{"@type":"BreadcrumbList","@id":"https:\/\/www.uaga.eus\/uaga-junto-con-otras-organizaciones-del-medio-rural-reclama-su-espacio-en-las-propuestas-electorales-con-motivo-del-dia-del-mundo-rural\/#breadcrumb","itemListElement":[{"@type":"ListItem","position":1,"name":"Inicio","item":"https:\/\/www.uaga.eus\/"},{"@type":"ListItem","position":2,"name":"UAGA, junto con otras organizaciones del medio rural, reclama su espacio en las propuestas electorales con motivo del D\u00eda del Mundo Rural"}]},{"@type":"WebSite","@id":"https:\/\/www.uaga.eus\/#website","url":"https:\/\/www.uaga.eus\/","name":"UAGA","description":"Uni\u00f3n Agroganadera de \u00c1lava - Araba Nekazarien Elkartea","potentialAction":[{"@type":"SearchAction","target":{"@type":"EntryPoint","urlTemplate":"https:\/\/www.uaga.eus\/?s={search_term_string}"},"query-input":"required name=search_term_string"}],"inLanguage":"eu"},{"@type":"Person","@id":"https:\/\/www.uaga.eus\/#\/schema\/person\/48c3cbf0f33d1b788226dbb6518689cf","name":"Blanca S\u00e1nchez","image":{"@type":"ImageObject","inLanguage":"eu","@id":"https:\/\/www.uaga.eus\/#\/schema\/person\/image\/","url":"https:\/\/secure.gravatar.com\/avatar\/0dc91c20648254b1ce84877283f6751b?s=96&d=mm&r=g","contentUrl":"https:\/\/secure.gravatar.com\/avatar\/0dc91c20648254b1ce84877283f6751b?s=96&d=mm&r=g","caption":"Blanca S\u00e1nchez"},"url":"https:\/\/www.uaga.eus\/eu\/author\/bsanchez\/"}]}},"_links":{"self":[{"href":"https:\/\/www.uaga.eus\/eu\/wp-json\/wp\/v2\/posts\/6076"}],"collection":[{"href":"https:\/\/www.uaga.eus\/eu\/wp-json\/wp\/v2\/posts"}],"about":[{"href":"https:\/\/www.uaga.eus\/eu\/wp-json\/wp\/v2\/types\/post"}],"author":[{"embeddable":true,"href":"https:\/\/www.uaga.eus\/eu\/wp-json\/wp\/v2\/users\/4"}],"replies":[{"embeddable":true,"href":"https:\/\/www.uaga.eus\/eu\/wp-json\/wp\/v2\/comments?post=6076"}],"version-history":[{"count":2,"href":"https:\/\/www.uaga.eus\/eu\/wp-json\/wp\/v2\/posts\/6076\/revisions"}],"predecessor-version":[{"id":6078,"href":"https:\/\/www.uaga.eus\/eu\/wp-json\/wp\/v2\/posts\/6076\/revisions\/6078"}],"wp:featuredmedia":[{"embeddable":true,"href":"https:\/\/www.uaga.eus\/eu\/wp-json\/wp\/v2\/media\/6065"}],"wp:attachment":[{"href":"https:\/\/www.uaga.eus\/eu\/wp-json\/wp\/v2\/media?parent=6076"}],"wp:term":[{"taxonomy":"category","embeddable":true,"href":"https:\/\/www.uaga.eus\/eu\/wp-json\/wp\/v2\/categories?post=6076"},{"taxonomy":"post_tag","embeddable":true,"href":"https:\/\/www.uaga.eus\/eu\/wp-json\/wp\/v2\/tags?post=6076"}],"curies":[{"name":"wp","href":"https:\/\/api.w.org\/{rel}","templated":true}]}}