{"id":6073,"date":"2019-05-21T10:14:21","date_gmt":"2019-05-21T10:14:21","guid":{"rendered":"https:\/\/www.uaga.eus\/?p=6073"},"modified":"2019-05-21T10:14:43","modified_gmt":"2019-05-21T10:14:43","slug":"uaga-te-anima-a-participar-en-la-manifestacion-contra-el-tav-organizada-por-ahtrik-ez-araba-el-18-de-mayo-en-vitoria-gasteiz","status":"publish","type":"post","link":"https:\/\/www.uaga.eus\/eu\/uaga-te-anima-a-participar-en-la-manifestacion-contra-el-tav-organizada-por-ahtrik-ez-araba-el-18-de-mayo-en-vitoria-gasteiz\/","title":{"rendered":"UAGA te anima a participar en la manifestaci\u00f3n contra el TAV organizada por AHTrik EZ Araba el 18 de mayo en Vitoria-Gasteiz"},"content":{"rendered":"<p>Este s\u00e1bado 18 de mayo se va a celebrar en Vitoria-Gasteiz la manifestaci\u00f3n a favor de un Tren Social y en contra del Tren de Alta Velocidad. UAGA se ha adherido a la manifestaci\u00f3n junto con otros colectivos &#8211; todos los concejos y ayuntamientos de la Llanada, los de Zambrana y Lantaron, Manzanos, ELA, LAB, ESK, Steilas,\u00a0Arabako Emakumeen Asanblada, Arabako Pentsionistak Lanean, Gazte Mugimendua, Berriztu, asociaciones vecinales de Gasteiz, entre otros-.<\/p>\n<p>Esta semana se ha realizado una rueda de prensa para mostrar los motivos que han llevado a\u00a0 esta movilizaci\u00f3n. Las organizaciones asistentes dejaron patente su apuesta por un tren p\u00fablico y social, que una pueblos y comarcas y ciudades y que vertebre el territorio. Por contra el Tren de Alta Velocidad supone un gran impacto paisaj\u00edstico y ambiental. En la manifestaci\u00f3n se va a exigir que nuestros recursos se destinen a proyectos sostenibles, que no marginen a nadie y que respeten nuestro entorno.<\/p>\n<p>UAGA os anima a participar en la manifestaci\u00f3n que partir\u00e1 a las 12,30h de la plaza San Anton de Vitoria-Gasteiz.<\/p>\n<p>Puedes leer\u00a0<a href=\"https:\/\/gallery.mailchimp.com\/498b950ccfc4b8d0e600d7e48\/files\/d21ce32a-bcc3-4c72-9c16-f14f43205b69\/Comunicado_AHTrik_Ez.pdf\" target=\"_blank\" rel=\"noopener\">aqu\u00ed<\/a>\u00a0el comunicado completo<\/p>","protected":false},"excerpt":{"rendered":"<p>Este s\u00e1bado 18 de mayo se va a celebrar en Vitoria-Gasteiz la manifestaci\u00f3n a favor de un Tren Social y en contra del Tren de Alta Velocidad. UAGA se ha adherido a la manifestaci\u00f3n junto con otros colectivos &#8211; todos los concejos y ayuntamientos de la Llanada, los de Zambrana y Lantaron, Manzanos, ELA, LAB, [&hellip;]<\/p>\n","protected":false},"author":4,"featured_media":6019,"comment_status":"closed","ping_status":"closed","sticky":false,"template":"","format":"standard","meta":{"footnotes":""},"categories":[11],"tags":[],"yoast_head":"<!-- This site is optimized with the Yoast SEO plugin v21.5 - https:\/\/yoast.com\/wordpress\/plugins\/seo\/ -->\n<title>UAGA te anima a participar en la manifestaci\u00f3n contra el TAV organizada por AHTrik EZ Araba el 18 de mayo en Vitoria-Gasteiz - UAGA<\/title>\n<meta name=\"robots\" content=\"index, follow, max-snippet:-1, max-image-preview:large, max-video-preview:-1\" \/>\n<link rel=\"canonical\" href=\"https:\/\/www.uaga.eus\/uaga-te-anima-a-participar-en-la-manifestacion-contra-el-tav-organizada-por-ahtrik-ez-araba-el-18-de-mayo-en-vitoria-gasteiz\/\" \/>\n<meta property=\"og:locale\" content=\"en_US\" \/>\n<meta property=\"og:type\" content=\"article\" \/>\n<meta property=\"og:title\" content=\"UAGA te anima a participar en la manifestaci\u00f3n contra el TAV organizada por AHTrik EZ Araba el 18 de mayo en Vitoria-Gasteiz - UAGA\" \/>\n<meta property=\"og:description\" content=\"Este s\u00e1bado 18 de mayo se va a celebrar en Vitoria-Gasteiz la manifestaci\u00f3n a favor de un Tren Social y en contra del Tren de Alta Velocidad. UAGA se ha adherido a la manifestaci\u00f3n junto con otros colectivos &#8211; todos los concejos y ayuntamientos de la Llanada, los de Zambrana y Lantaron, Manzanos, ELA, LAB, [&hellip;]\" \/>\n<meta property=\"og:url\" content=\"https:\/\/www.uaga.eus\/uaga-te-anima-a-participar-en-la-manifestacion-contra-el-tav-organizada-por-ahtrik-ez-araba-el-18-de-mayo-en-vitoria-gasteiz\/\" \/>\n<meta property=\"og:site_name\" content=\"UAGA\" \/>\n<meta property=\"article:published_time\" content=\"2019-05-21T10:14:21+00:00\" \/>\n<meta property=\"article:modified_time\" content=\"2019-05-21T10:14:43+00:00\" \/>\n<meta property=\"og:image\" content=\"https:\/\/www.uaga.eus\/wp-content\/uploads\/2019\/05\/AHTrik-ez.jpg\" \/>\n\t<meta property=\"og:image:width\" content=\"650\" \/>\n\t<meta property=\"og:image:height\" content=\"488\" \/>\n\t<meta property=\"og:image:type\" content=\"image\/jpeg\" \/>\n<meta name=\"author\" content=\"Blanca S\u00e1nchez\" \/>\n<meta name=\"twitter:card\" content=\"summary_large_image\" \/>\n<meta name=\"twitter:label1\" content=\"Written by\" \/>\n\t<meta name=\"twitter:data1\" content=\"Blanca S\u00e1nchez\" \/>\n\t<meta name=\"twitter:label2\" content=\"Est. reading time\" \/>\n\t<meta name=\"twitter:data2\" content=\"2 minutua\" \/>\n<script type=\"application\/ld+json\" class=\"yoast-schema-graph\">{\"@context\":\"https:\/\/schema.org\",\"@graph\":[{\"@type\":\"WebPage\",\"@id\":\"https:\/\/www.uaga.eus\/uaga-te-anima-a-participar-en-la-manifestacion-contra-el-tav-organizada-por-ahtrik-ez-araba-el-18-de-mayo-en-vitoria-gasteiz\/\",\"url\":\"https:\/\/www.uaga.eus\/uaga-te-anima-a-participar-en-la-manifestacion-contra-el-tav-organizada-por-ahtrik-ez-araba-el-18-de-mayo-en-vitoria-gasteiz\/\",\"name\":\"UAGA te anima a participar en la manifestaci\u00f3n contra el TAV organizada por AHTrik EZ Araba el 18 de mayo en Vitoria-Gasteiz - UAGA\",\"isPartOf\":{\"@id\":\"https:\/\/www.uaga.eus\/#website\"},\"datePublished\":\"2019-05-21T10:14:21+00:00\",\"dateModified\":\"2019-05-21T10:14:43+00:00\",\"author\":{\"@id\":\"https:\/\/www.uaga.eus\/#\/schema\/person\/48c3cbf0f33d1b788226dbb6518689cf\"},\"breadcrumb\":{\"@id\":\"https:\/\/www.uaga.eus\/uaga-te-anima-a-participar-en-la-manifestacion-contra-el-tav-organizada-por-ahtrik-ez-araba-el-18-de-mayo-en-vitoria-gasteiz\/#breadcrumb\"},\"inLanguage\":\"eu\",\"potentialAction\":[{\"@type\":\"ReadAction\",\"target\":[\"https:\/\/www.uaga.eus\/uaga-te-anima-a-participar-en-la-manifestacion-contra-el-tav-organizada-por-ahtrik-ez-araba-el-18-de-mayo-en-vitoria-gasteiz\/\"]}]},{\"@type\":\"BreadcrumbList\",\"@id\":\"https:\/\/www.uaga.eus\/uaga-te-anima-a-participar-en-la-manifestacion-contra-el-tav-organizada-por-ahtrik-ez-araba-el-18-de-mayo-en-vitoria-gasteiz\/#breadcrumb\",\"itemListElement\":[{\"@type\":\"ListItem\",\"position\":1,\"name\":\"Inicio\",\"item\":\"https:\/\/www.uaga.eus\/\"},{\"@type\":\"ListItem\",\"position\":2,\"name\":\"UAGA te anima a participar en la manifestaci\u00f3n contra el TAV organizada por AHTrik EZ Araba el 18 de mayo en Vitoria-Gasteiz\"}]},{\"@type\":\"WebSite\",\"@id\":\"https:\/\/www.uaga.eus\/#website\",\"url\":\"https:\/\/www.uaga.eus\/\",\"name\":\"UAGA\",\"description\":\"Uni\u00f3n Agroganadera de \u00c1lava - Araba Nekazarien Elkartea\",\"potentialAction\":[{\"@type\":\"SearchAction\",\"target\":{\"@type\":\"EntryPoint\",\"urlTemplate\":\"https:\/\/www.uaga.eus\/?s={search_term_string}\"},\"query-input\":\"required name=search_term_string\"}],\"inLanguage\":\"eu\"},{\"@type\":\"Person\",\"@id\":\"https:\/\/www.uaga.eus\/#\/schema\/person\/48c3cbf0f33d1b788226dbb6518689cf\",\"name\":\"Blanca S\u00e1nchez\",\"image\":{\"@type\":\"ImageObject\",\"inLanguage\":\"eu\",\"@id\":\"https:\/\/www.uaga.eus\/#\/schema\/person\/image\/\",\"url\":\"https:\/\/secure.gravatar.com\/avatar\/0dc91c20648254b1ce84877283f6751b?s=96&d=mm&r=g\",\"contentUrl\":\"https:\/\/secure.gravatar.com\/avatar\/0dc91c20648254b1ce84877283f6751b?s=96&d=mm&r=g\",\"caption\":\"Blanca S\u00e1nchez\"},\"url\":\"https:\/\/www.uaga.eus\/eu\/author\/bsanchez\/\"}]}<\/script>\n<!-- \/ Yoast SEO plugin. -->","yoast_head_json":{"title":"UAGA te anima a participar en la manifestaci\u00f3n contra el TAV organizada por AHTrik EZ Araba el 18 de mayo en Vitoria-Gasteiz - UAGA","robots":{"index":"index","follow":"follow","max-snippet":"max-snippet:-1","max-image-preview":"max-image-preview:large","max-video-preview":"max-video-preview:-1"},"canonical":"https:\/\/www.uaga.eus\/uaga-te-anima-a-participar-en-la-manifestacion-contra-el-tav-organizada-por-ahtrik-ez-araba-el-18-de-mayo-en-vitoria-gasteiz\/","og_locale":"en_US","og_type":"article","og_title":"UAGA te anima a participar en la manifestaci\u00f3n contra el TAV organizada por AHTrik EZ Araba el 18 de mayo en Vitoria-Gasteiz - UAGA","og_description":"Este s\u00e1bado 18 de mayo se va a celebrar en Vitoria-Gasteiz la manifestaci\u00f3n a favor de un Tren Social y en contra del Tren de Alta Velocidad. UAGA se ha adherido a la manifestaci\u00f3n junto con otros colectivos &#8211; todos los concejos y ayuntamientos de la Llanada, los de Zambrana y Lantaron, Manzanos, ELA, LAB, [&hellip;]","og_url":"https:\/\/www.uaga.eus\/uaga-te-anima-a-participar-en-la-manifestacion-contra-el-tav-organizada-por-ahtrik-ez-araba-el-18-de-mayo-en-vitoria-gasteiz\/","og_site_name":"UAGA","article_published_time":"2019-05-21T10:14:21+00:00","article_modified_time":"2019-05-21T10:14:43+00:00","og_image":[{"width":650,"height":488,"url":"https:\/\/www.uaga.eus\/wp-content\/uploads\/2019\/05\/AHTrik-ez.jpg","type":"image\/jpeg"}],"author":"Blanca S\u00e1nchez","twitter_card":"summary_large_image","twitter_misc":{"Written by":"Blanca S\u00e1nchez","Est. reading time":"2 minutua"},"schema":{"@context":"https:\/\/schema.org","@graph":[{"@type":"WebPage","@id":"https:\/\/www.uaga.eus\/uaga-te-anima-a-participar-en-la-manifestacion-contra-el-tav-organizada-por-ahtrik-ez-araba-el-18-de-mayo-en-vitoria-gasteiz\/","url":"https:\/\/www.uaga.eus\/uaga-te-anima-a-participar-en-la-manifestacion-contra-el-tav-organizada-por-ahtrik-ez-araba-el-18-de-mayo-en-vitoria-gasteiz\/","name":"UAGA te anima a participar en la manifestaci\u00f3n contra el TAV organizada por AHTrik EZ Araba el 18 de mayo en Vitoria-Gasteiz - UAGA","isPartOf":{"@id":"https:\/\/www.uaga.eus\/#website"},"datePublished":"2019-05-21T10:14:21+00:00","dateModified":"2019-05-21T10:14:43+00:00","author":{"@id":"https:\/\/www.uaga.eus\/#\/schema\/person\/48c3cbf0f33d1b788226dbb6518689cf"},"breadcrumb":{"@id":"https:\/\/www.uaga.eus\/uaga-te-anima-a-participar-en-la-manifestacion-contra-el-tav-organizada-por-ahtrik-ez-araba-el-18-de-mayo-en-vitoria-gasteiz\/#breadcrumb"},"inLanguage":"eu","potentialAction":[{"@type":"ReadAction","target":["https:\/\/www.uaga.eus\/uaga-te-anima-a-participar-en-la-manifestacion-contra-el-tav-organizada-por-ahtrik-ez-araba-el-18-de-mayo-en-vitoria-gasteiz\/"]}]},{"@type":"BreadcrumbList","@id":"https:\/\/www.uaga.eus\/uaga-te-anima-a-participar-en-la-manifestacion-contra-el-tav-organizada-por-ahtrik-ez-araba-el-18-de-mayo-en-vitoria-gasteiz\/#breadcrumb","itemListElement":[{"@type":"ListItem","position":1,"name":"Inicio","item":"https:\/\/www.uaga.eus\/"},{"@type":"ListItem","position":2,"name":"UAGA te anima a participar en la manifestaci\u00f3n contra el TAV organizada por AHTrik EZ Araba el 18 de mayo en Vitoria-Gasteiz"}]},{"@type":"WebSite","@id":"https:\/\/www.uaga.eus\/#website","url":"https:\/\/www.uaga.eus\/","name":"UAGA","description":"Uni\u00f3n Agroganadera de \u00c1lava - Araba Nekazarien Elkartea","potentialAction":[{"@type":"SearchAction","target":{"@type":"EntryPoint","urlTemplate":"https:\/\/www.uaga.eus\/?s={search_term_string}"},"query-input":"required name=search_term_string"}],"inLanguage":"eu"},{"@type":"Person","@id":"https:\/\/www.uaga.eus\/#\/schema\/person\/48c3cbf0f33d1b788226dbb6518689cf","name":"Blanca S\u00e1nchez","image":{"@type":"ImageObject","inLanguage":"eu","@id":"https:\/\/www.uaga.eus\/#\/schema\/person\/image\/","url":"https:\/\/secure.gravatar.com\/avatar\/0dc91c20648254b1ce84877283f6751b?s=96&d=mm&r=g","contentUrl":"https:\/\/secure.gravatar.com\/avatar\/0dc91c20648254b1ce84877283f6751b?s=96&d=mm&r=g","caption":"Blanca S\u00e1nchez"},"url":"https:\/\/www.uaga.eus\/eu\/author\/bsanchez\/"}]}},"_links":{"self":[{"href":"https:\/\/www.uaga.eus\/eu\/wp-json\/wp\/v2\/posts\/6073"}],"collection":[{"href":"https:\/\/www.uaga.eus\/eu\/wp-json\/wp\/v2\/posts"}],"about":[{"href":"https:\/\/www.uaga.eus\/eu\/wp-json\/wp\/v2\/types\/post"}],"author":[{"embeddable":true,"href":"https:\/\/www.uaga.eus\/eu\/wp-json\/wp\/v2\/users\/4"}],"replies":[{"embeddable":true,"href":"https:\/\/www.uaga.eus\/eu\/wp-json\/wp\/v2\/comments?post=6073"}],"version-history":[{"count":2,"href":"https:\/\/www.uaga.eus\/eu\/wp-json\/wp\/v2\/posts\/6073\/revisions"}],"predecessor-version":[{"id":6075,"href":"https:\/\/www.uaga.eus\/eu\/wp-json\/wp\/v2\/posts\/6073\/revisions\/6075"}],"wp:featuredmedia":[{"embeddable":true,"href":"https:\/\/www.uaga.eus\/eu\/wp-json\/wp\/v2\/media\/6019"}],"wp:attachment":[{"href":"https:\/\/www.uaga.eus\/eu\/wp-json\/wp\/v2\/media?parent=6073"}],"wp:term":[{"taxonomy":"category","embeddable":true,"href":"https:\/\/www.uaga.eus\/eu\/wp-json\/wp\/v2\/categories?post=6073"},{"taxonomy":"post_tag","embeddable":true,"href":"https:\/\/www.uaga.eus\/eu\/wp-json\/wp\/v2\/tags?post=6073"}],"curies":[{"name":"wp","href":"https:\/\/api.w.org\/{rel}","templated":true}]}}