{"id":6071,"date":"2019-05-21T10:13:22","date_gmt":"2019-05-21T10:13:22","guid":{"rendered":"https:\/\/www.uaga.eus\/?p=6071"},"modified":"2019-05-21T10:13:22","modified_gmt":"2019-05-21T10:13:22","slug":"proximas-jornadas-para-cumplir-con-la-formacion-requerida-por-la-ayuda-agroambiental","status":"publish","type":"post","link":"https:\/\/www.uaga.eus\/eu\/proximas-jornadas-para-cumplir-con-la-formacion-requerida-por-la-ayuda-agroambiental\/","title":{"rendered":"Pr\u00f3ximas jornadas para cumplir con la formaci\u00f3n requerida por la ayuda agroambiental"},"content":{"rendered":"<p>Para cumplir el compromiso de formaci\u00f3n anual exigido en la medida agroambiental de Diversificaci\u00f3n de cultivos extensivos en regad\u00edo el departamento de Agricultura de la Diputaci\u00f3n organiza cada a\u00f1o una Jornada de Formaci\u00f3n. Tambi\u00e9n permite que la asistencia a otras jornadas de inter\u00e9s puedan validarse como requisito.<br \/>\nAhora quedan dos jornadas con las que se podr\u00e1 cumplir el requisito anterior:<br \/>\n\u2022\u00a0\u00a0 \u00a0<strong>Jornada organizada por la DFA<\/strong>: este a\u00f1o tendr\u00e1 lugar la semana del\u00a0<strong>24 al 28 de junio<\/strong>. Los temas a exponer (a falta de cerrar el programa) ser\u00e1n:<br \/>\no\u00a0\u00a0 \u00a0Ensayo en remolacha en \u00c1lava: fertilizaci\u00f3n nitrogenada, cercospora, control<br \/>\nmec\u00e1nico de malas hierbas,&#8230;<br \/>\no\u00a0\u00a0 \u00a0Avisos relacionado con el cumplimiento de la medida agroambiental<br \/>\no\u00a0\u00a0 \u00a0Estrategias en cultivos ante la reducci\u00f3n de fitosanitarios registrados.<\/p>\n<p>\u2022\u00a0\u00a0 \u00a0<strong>Jornadas\u00a0<a href=\"https:\/\/www.uaga.eus\/alava-acogera-las-vii-jornadas-nacionales-de-innovacion-y-transferencia-de-cultivos-extensivos-genvce-2019-los-dias-28-y-29-de-mayo\/\" target=\"_blank\" rel=\"noopener\">GENVCE<\/a>\u00a02019, el 28 y 29 de mayo<\/strong>.\u00a0Dado que este a\u00f1o se celebran el \u00c1lava las VII Jornadas de Transferencia e innovaci\u00f3n en cultivos extensivos de invierno, GENVCE 2019, la Diputaci\u00f3n ha considerado que la asistencia a estas jornadas tambi\u00e9n pueda valer para cumplir con el requisito de formaci\u00f3n requerido por las ayudas agroambientales.<br \/>\n+info Yolanda: 615779584<\/p>\n","protected":false},"excerpt":{"rendered":"<p>Para cumplir el compromiso de formaci\u00f3n anual exigido en la medida agroambiental de Diversificaci\u00f3n de cultivos extensivos en regad\u00edo el departamento de Agricultura de la Diputaci\u00f3n organiza cada a\u00f1o una Jornada de Formaci\u00f3n. Tambi\u00e9n permite que la asistencia a otras jornadas de inter\u00e9s puedan validarse como requisito. Ahora quedan dos jornadas con las que se [&hellip;]<\/p>\n","protected":false},"author":4,"featured_media":2936,"comment_status":"closed","ping_status":"closed","sticky":false,"template":"","format":"standard","meta":{"footnotes":""},"categories":[7,66],"tags":[],"yoast_head":"<!-- This site is optimized with the Yoast SEO plugin v21.5 - https:\/\/yoast.com\/wordpress\/plugins\/seo\/ -->\n<title>Pr\u00f3ximas jornadas para cumplir con la formaci\u00f3n requerida por la ayuda agroambiental - UAGA<\/title>\n<meta name=\"robots\" content=\"index, follow, max-snippet:-1, max-image-preview:large, max-video-preview:-1\" \/>\n<link rel=\"canonical\" href=\"https:\/\/www.uaga.eus\/proximas-jornadas-para-cumplir-con-la-formacion-requerida-por-la-ayuda-agroambiental\/\" \/>\n<meta property=\"og:locale\" content=\"en_US\" \/>\n<meta property=\"og:type\" content=\"article\" \/>\n<meta property=\"og:title\" content=\"Pr\u00f3ximas jornadas para cumplir con la formaci\u00f3n requerida por la ayuda agroambiental - UAGA\" \/>\n<meta property=\"og:description\" content=\"Para cumplir el compromiso de formaci\u00f3n anual exigido en la medida agroambiental de Diversificaci\u00f3n de cultivos extensivos en regad\u00edo el departamento de Agricultura de la Diputaci\u00f3n organiza cada a\u00f1o una Jornada de Formaci\u00f3n. Tambi\u00e9n permite que la asistencia a otras jornadas de inter\u00e9s puedan validarse como requisito. Ahora quedan dos jornadas con las que se [&hellip;]\" \/>\n<meta property=\"og:url\" content=\"https:\/\/www.uaga.eus\/proximas-jornadas-para-cumplir-con-la-formacion-requerida-por-la-ayuda-agroambiental\/\" \/>\n<meta property=\"og:site_name\" content=\"UAGA\" \/>\n<meta property=\"article:published_time\" content=\"2019-05-21T10:13:22+00:00\" \/>\n<meta property=\"og:image\" content=\"https:\/\/www.uaga.eus\/wp-content\/uploads\/2018\/06\/P1000287-e1527850681164.jpg\" \/>\n\t<meta property=\"og:image:width\" content=\"699\" \/>\n\t<meta property=\"og:image:height\" content=\"378\" \/>\n\t<meta property=\"og:image:type\" content=\"image\/jpeg\" \/>\n<meta name=\"author\" content=\"Blanca S\u00e1nchez\" \/>\n<meta name=\"twitter:card\" content=\"summary_large_image\" \/>\n<meta name=\"twitter:label1\" content=\"Written by\" \/>\n\t<meta name=\"twitter:data1\" content=\"Blanca S\u00e1nchez\" \/>\n\t<meta name=\"twitter:label2\" content=\"Est. reading time\" \/>\n\t<meta name=\"twitter:data2\" content=\"1 minutua\" \/>\n<script type=\"application\/ld+json\" class=\"yoast-schema-graph\">{\"@context\":\"https:\/\/schema.org\",\"@graph\":[{\"@type\":\"WebPage\",\"@id\":\"https:\/\/www.uaga.eus\/proximas-jornadas-para-cumplir-con-la-formacion-requerida-por-la-ayuda-agroambiental\/\",\"url\":\"https:\/\/www.uaga.eus\/proximas-jornadas-para-cumplir-con-la-formacion-requerida-por-la-ayuda-agroambiental\/\",\"name\":\"Pr\u00f3ximas jornadas para cumplir con la formaci\u00f3n requerida por la ayuda agroambiental - UAGA\",\"isPartOf\":{\"@id\":\"https:\/\/www.uaga.eus\/#website\"},\"datePublished\":\"2019-05-21T10:13:22+00:00\",\"dateModified\":\"2019-05-21T10:13:22+00:00\",\"author\":{\"@id\":\"https:\/\/www.uaga.eus\/#\/schema\/person\/48c3cbf0f33d1b788226dbb6518689cf\"},\"breadcrumb\":{\"@id\":\"https:\/\/www.uaga.eus\/proximas-jornadas-para-cumplir-con-la-formacion-requerida-por-la-ayuda-agroambiental\/#breadcrumb\"},\"inLanguage\":\"eu\",\"potentialAction\":[{\"@type\":\"ReadAction\",\"target\":[\"https:\/\/www.uaga.eus\/proximas-jornadas-para-cumplir-con-la-formacion-requerida-por-la-ayuda-agroambiental\/\"]}]},{\"@type\":\"BreadcrumbList\",\"@id\":\"https:\/\/www.uaga.eus\/proximas-jornadas-para-cumplir-con-la-formacion-requerida-por-la-ayuda-agroambiental\/#breadcrumb\",\"itemListElement\":[{\"@type\":\"ListItem\",\"position\":1,\"name\":\"Inicio\",\"item\":\"https:\/\/www.uaga.eus\/\"},{\"@type\":\"ListItem\",\"position\":2,\"name\":\"Pr\u00f3ximas jornadas para cumplir con la formaci\u00f3n requerida por la ayuda agroambiental\"}]},{\"@type\":\"WebSite\",\"@id\":\"https:\/\/www.uaga.eus\/#website\",\"url\":\"https:\/\/www.uaga.eus\/\",\"name\":\"UAGA\",\"description\":\"Uni\u00f3n Agroganadera de \u00c1lava - Araba Nekazarien Elkartea\",\"potentialAction\":[{\"@type\":\"SearchAction\",\"target\":{\"@type\":\"EntryPoint\",\"urlTemplate\":\"https:\/\/www.uaga.eus\/?s={search_term_string}\"},\"query-input\":\"required name=search_term_string\"}],\"inLanguage\":\"eu\"},{\"@type\":\"Person\",\"@id\":\"https:\/\/www.uaga.eus\/#\/schema\/person\/48c3cbf0f33d1b788226dbb6518689cf\",\"name\":\"Blanca S\u00e1nchez\",\"image\":{\"@type\":\"ImageObject\",\"inLanguage\":\"eu\",\"@id\":\"https:\/\/www.uaga.eus\/#\/schema\/person\/image\/\",\"url\":\"https:\/\/secure.gravatar.com\/avatar\/0dc91c20648254b1ce84877283f6751b?s=96&d=mm&r=g\",\"contentUrl\":\"https:\/\/secure.gravatar.com\/avatar\/0dc91c20648254b1ce84877283f6751b?s=96&d=mm&r=g\",\"caption\":\"Blanca S\u00e1nchez\"},\"url\":\"https:\/\/www.uaga.eus\/eu\/author\/bsanchez\/\"}]}<\/script>\n<!-- \/ Yoast SEO plugin. -->","yoast_head_json":{"title":"Pr\u00f3ximas jornadas para cumplir con la formaci\u00f3n requerida por la ayuda agroambiental - UAGA","robots":{"index":"index","follow":"follow","max-snippet":"max-snippet:-1","max-image-preview":"max-image-preview:large","max-video-preview":"max-video-preview:-1"},"canonical":"https:\/\/www.uaga.eus\/proximas-jornadas-para-cumplir-con-la-formacion-requerida-por-la-ayuda-agroambiental\/","og_locale":"en_US","og_type":"article","og_title":"Pr\u00f3ximas jornadas para cumplir con la formaci\u00f3n requerida por la ayuda agroambiental - UAGA","og_description":"Para cumplir el compromiso de formaci\u00f3n anual exigido en la medida agroambiental de Diversificaci\u00f3n de cultivos extensivos en regad\u00edo el departamento de Agricultura de la Diputaci\u00f3n organiza cada a\u00f1o una Jornada de Formaci\u00f3n. Tambi\u00e9n permite que la asistencia a otras jornadas de inter\u00e9s puedan validarse como requisito. Ahora quedan dos jornadas con las que se [&hellip;]","og_url":"https:\/\/www.uaga.eus\/proximas-jornadas-para-cumplir-con-la-formacion-requerida-por-la-ayuda-agroambiental\/","og_site_name":"UAGA","article_published_time":"2019-05-21T10:13:22+00:00","og_image":[{"width":699,"height":378,"url":"https:\/\/www.uaga.eus\/wp-content\/uploads\/2018\/06\/P1000287-e1527850681164.jpg","type":"image\/jpeg"}],"author":"Blanca S\u00e1nchez","twitter_card":"summary_large_image","twitter_misc":{"Written by":"Blanca S\u00e1nchez","Est. reading time":"1 minutua"},"schema":{"@context":"https:\/\/schema.org","@graph":[{"@type":"WebPage","@id":"https:\/\/www.uaga.eus\/proximas-jornadas-para-cumplir-con-la-formacion-requerida-por-la-ayuda-agroambiental\/","url":"https:\/\/www.uaga.eus\/proximas-jornadas-para-cumplir-con-la-formacion-requerida-por-la-ayuda-agroambiental\/","name":"Pr\u00f3ximas jornadas para cumplir con la formaci\u00f3n requerida por la ayuda agroambiental - UAGA","isPartOf":{"@id":"https:\/\/www.uaga.eus\/#website"},"datePublished":"2019-05-21T10:13:22+00:00","dateModified":"2019-05-21T10:13:22+00:00","author":{"@id":"https:\/\/www.uaga.eus\/#\/schema\/person\/48c3cbf0f33d1b788226dbb6518689cf"},"breadcrumb":{"@id":"https:\/\/www.uaga.eus\/proximas-jornadas-para-cumplir-con-la-formacion-requerida-por-la-ayuda-agroambiental\/#breadcrumb"},"inLanguage":"eu","potentialAction":[{"@type":"ReadAction","target":["https:\/\/www.uaga.eus\/proximas-jornadas-para-cumplir-con-la-formacion-requerida-por-la-ayuda-agroambiental\/"]}]},{"@type":"BreadcrumbList","@id":"https:\/\/www.uaga.eus\/proximas-jornadas-para-cumplir-con-la-formacion-requerida-por-la-ayuda-agroambiental\/#breadcrumb","itemListElement":[{"@type":"ListItem","position":1,"name":"Inicio","item":"https:\/\/www.uaga.eus\/"},{"@type":"ListItem","position":2,"name":"Pr\u00f3ximas jornadas para cumplir con la formaci\u00f3n requerida por la ayuda agroambiental"}]},{"@type":"WebSite","@id":"https:\/\/www.uaga.eus\/#website","url":"https:\/\/www.uaga.eus\/","name":"UAGA","description":"Uni\u00f3n Agroganadera de \u00c1lava - Araba Nekazarien Elkartea","potentialAction":[{"@type":"SearchAction","target":{"@type":"EntryPoint","urlTemplate":"https:\/\/www.uaga.eus\/?s={search_term_string}"},"query-input":"required name=search_term_string"}],"inLanguage":"eu"},{"@type":"Person","@id":"https:\/\/www.uaga.eus\/#\/schema\/person\/48c3cbf0f33d1b788226dbb6518689cf","name":"Blanca S\u00e1nchez","image":{"@type":"ImageObject","inLanguage":"eu","@id":"https:\/\/www.uaga.eus\/#\/schema\/person\/image\/","url":"https:\/\/secure.gravatar.com\/avatar\/0dc91c20648254b1ce84877283f6751b?s=96&d=mm&r=g","contentUrl":"https:\/\/secure.gravatar.com\/avatar\/0dc91c20648254b1ce84877283f6751b?s=96&d=mm&r=g","caption":"Blanca S\u00e1nchez"},"url":"https:\/\/www.uaga.eus\/eu\/author\/bsanchez\/"}]}},"_links":{"self":[{"href":"https:\/\/www.uaga.eus\/eu\/wp-json\/wp\/v2\/posts\/6071"}],"collection":[{"href":"https:\/\/www.uaga.eus\/eu\/wp-json\/wp\/v2\/posts"}],"about":[{"href":"https:\/\/www.uaga.eus\/eu\/wp-json\/wp\/v2\/types\/post"}],"author":[{"embeddable":true,"href":"https:\/\/www.uaga.eus\/eu\/wp-json\/wp\/v2\/users\/4"}],"replies":[{"embeddable":true,"href":"https:\/\/www.uaga.eus\/eu\/wp-json\/wp\/v2\/comments?post=6071"}],"version-history":[{"count":1,"href":"https:\/\/www.uaga.eus\/eu\/wp-json\/wp\/v2\/posts\/6071\/revisions"}],"predecessor-version":[{"id":6072,"href":"https:\/\/www.uaga.eus\/eu\/wp-json\/wp\/v2\/posts\/6071\/revisions\/6072"}],"wp:featuredmedia":[{"embeddable":true,"href":"https:\/\/www.uaga.eus\/eu\/wp-json\/wp\/v2\/media\/2936"}],"wp:attachment":[{"href":"https:\/\/www.uaga.eus\/eu\/wp-json\/wp\/v2\/media?parent=6071"}],"wp:term":[{"taxonomy":"category","embeddable":true,"href":"https:\/\/www.uaga.eus\/eu\/wp-json\/wp\/v2\/categories?post=6071"},{"taxonomy":"post_tag","embeddable":true,"href":"https:\/\/www.uaga.eus\/eu\/wp-json\/wp\/v2\/tags?post=6071"}],"curies":[{"name":"wp","href":"https:\/\/api.w.org\/{rel}","templated":true}]}}