{"id":6064,"date":"2019-05-21T10:11:30","date_gmt":"2019-05-21T10:11:30","guid":{"rendered":"https:\/\/www.uaga.eus\/?p=6064"},"modified":"2019-05-21T10:11:30","modified_gmt":"2019-05-21T10:11:30","slug":"uaga-representa-al-sector-agrario-alaves-en-la-recepcion-ofrecida-por-el-ayuntamiento-de-vitoria-gasteiz-el-dia-de-san-isidro-2","status":"publish","type":"post","link":"https:\/\/www.uaga.eus\/eu\/uaga-representa-al-sector-agrario-alaves-en-la-recepcion-ofrecida-por-el-ayuntamiento-de-vitoria-gasteiz-el-dia-de-san-isidro-2\/","title":{"rendered":"UAGA representa al sector agrario alav\u00e9s en la recepci\u00f3n ofrecida por el Ayuntamiento de Vitoria-Gasteiz el d\u00eda de San Isidro"},"content":{"rendered":"<p>UAGA particip\u00f3 el 15 de mayo en la tradicional recepci\u00f3n que el Ayuntamiento de Vitoria-Gasteiz realiza cada a\u00f1o a los pueblos del municipio con motivo de la celebraci\u00f3n del D\u00eda de San Isidro Labrador. Javier Torre, Presidente de UAGA,\u00a0asisti\u00f3 en representaci\u00f3n del sector agrario alav\u00e9s.<\/p>\n<p>El alcalde, junto con otros miembros de la Corporaci\u00f3n Municipal y de otras instituciones, destac\u00f3 el trabajo de los concejos y las entidades locales menores que conforman el municipio de Vitoria-Gasteiz para conservar el entorno rural.<\/p>\n","protected":false},"excerpt":{"rendered":"<p>UAGA particip\u00f3 el 15 de mayo en la tradicional recepci\u00f3n que el Ayuntamiento de Vitoria-Gasteiz realiza cada a\u00f1o a los pueblos del municipio con motivo de la celebraci\u00f3n del D\u00eda de San Isidro Labrador. Javier Torre, Presidente de UAGA,\u00a0asisti\u00f3 en representaci\u00f3n del sector agrario alav\u00e9s. El alcalde, junto con otros miembros de la Corporaci\u00f3n Municipal [&hellip;]<\/p>\n","protected":false},"author":4,"featured_media":6069,"comment_status":"closed","ping_status":"closed","sticky":false,"template":"","format":"standard","meta":{"footnotes":""},"categories":[37],"tags":[],"yoast_head":"<!-- This site is optimized with the Yoast SEO plugin v21.5 - https:\/\/yoast.com\/wordpress\/plugins\/seo\/ -->\n<title>UAGA representa al sector agrario alav\u00e9s en la recepci\u00f3n ofrecida por el Ayuntamiento de Vitoria-Gasteiz el d\u00eda de San Isidro - UAGA<\/title>\n<meta name=\"robots\" content=\"index, follow, max-snippet:-1, max-image-preview:large, max-video-preview:-1\" \/>\n<link rel=\"canonical\" href=\"https:\/\/www.uaga.eus\/uaga-representa-al-sector-agrario-alaves-en-la-recepcion-ofrecida-por-el-ayuntamiento-de-vitoria-gasteiz-el-dia-de-san-isidro-2\/\" \/>\n<meta property=\"og:locale\" content=\"en_US\" \/>\n<meta property=\"og:type\" content=\"article\" \/>\n<meta property=\"og:title\" content=\"UAGA representa al sector agrario alav\u00e9s en la recepci\u00f3n ofrecida por el Ayuntamiento de Vitoria-Gasteiz el d\u00eda de San Isidro - UAGA\" \/>\n<meta property=\"og:description\" content=\"UAGA particip\u00f3 el 15 de mayo en la tradicional recepci\u00f3n que el Ayuntamiento de Vitoria-Gasteiz realiza cada a\u00f1o a los pueblos del municipio con motivo de la celebraci\u00f3n del D\u00eda de San Isidro Labrador. Javier Torre, Presidente de UAGA,\u00a0asisti\u00f3 en representaci\u00f3n del sector agrario alav\u00e9s. El alcalde, junto con otros miembros de la Corporaci\u00f3n Municipal [&hellip;]\" \/>\n<meta property=\"og:url\" content=\"https:\/\/www.uaga.eus\/uaga-representa-al-sector-agrario-alaves-en-la-recepcion-ofrecida-por-el-ayuntamiento-de-vitoria-gasteiz-el-dia-de-san-isidro-2\/\" \/>\n<meta property=\"og:site_name\" content=\"UAGA\" \/>\n<meta property=\"article:published_time\" content=\"2019-05-21T10:11:30+00:00\" \/>\n<meta property=\"og:image\" content=\"https:\/\/www.uaga.eus\/wp-content\/uploads\/2019\/05\/Recepci\u00f3n-san-isidro-ayto.jpg\" \/>\n\t<meta property=\"og:image:width\" content=\"650\" \/>\n\t<meta property=\"og:image:height\" content=\"337\" \/>\n\t<meta property=\"og:image:type\" content=\"image\/jpeg\" \/>\n<meta name=\"author\" content=\"Blanca S\u00e1nchez\" \/>\n<meta name=\"twitter:card\" content=\"summary_large_image\" \/>\n<meta name=\"twitter:label1\" content=\"Written by\" \/>\n\t<meta name=\"twitter:data1\" content=\"Blanca S\u00e1nchez\" \/>\n<script type=\"application\/ld+json\" class=\"yoast-schema-graph\">{\"@context\":\"https:\/\/schema.org\",\"@graph\":[{\"@type\":\"WebPage\",\"@id\":\"https:\/\/www.uaga.eus\/uaga-representa-al-sector-agrario-alaves-en-la-recepcion-ofrecida-por-el-ayuntamiento-de-vitoria-gasteiz-el-dia-de-san-isidro-2\/\",\"url\":\"https:\/\/www.uaga.eus\/uaga-representa-al-sector-agrario-alaves-en-la-recepcion-ofrecida-por-el-ayuntamiento-de-vitoria-gasteiz-el-dia-de-san-isidro-2\/\",\"name\":\"UAGA representa al sector agrario alav\u00e9s en la recepci\u00f3n ofrecida por el Ayuntamiento de Vitoria-Gasteiz el d\u00eda de San Isidro - UAGA\",\"isPartOf\":{\"@id\":\"https:\/\/www.uaga.eus\/#website\"},\"datePublished\":\"2019-05-21T10:11:30+00:00\",\"dateModified\":\"2019-05-21T10:11:30+00:00\",\"author\":{\"@id\":\"https:\/\/www.uaga.eus\/#\/schema\/person\/48c3cbf0f33d1b788226dbb6518689cf\"},\"breadcrumb\":{\"@id\":\"https:\/\/www.uaga.eus\/uaga-representa-al-sector-agrario-alaves-en-la-recepcion-ofrecida-por-el-ayuntamiento-de-vitoria-gasteiz-el-dia-de-san-isidro-2\/#breadcrumb\"},\"inLanguage\":\"eu\",\"potentialAction\":[{\"@type\":\"ReadAction\",\"target\":[\"https:\/\/www.uaga.eus\/uaga-representa-al-sector-agrario-alaves-en-la-recepcion-ofrecida-por-el-ayuntamiento-de-vitoria-gasteiz-el-dia-de-san-isidro-2\/\"]}]},{\"@type\":\"BreadcrumbList\",\"@id\":\"https:\/\/www.uaga.eus\/uaga-representa-al-sector-agrario-alaves-en-la-recepcion-ofrecida-por-el-ayuntamiento-de-vitoria-gasteiz-el-dia-de-san-isidro-2\/#breadcrumb\",\"itemListElement\":[{\"@type\":\"ListItem\",\"position\":1,\"name\":\"Inicio\",\"item\":\"https:\/\/www.uaga.eus\/\"},{\"@type\":\"ListItem\",\"position\":2,\"name\":\"UAGA representa al sector agrario alav\u00e9s en la recepci\u00f3n ofrecida por el Ayuntamiento de Vitoria-Gasteiz el d\u00eda de San Isidro\"}]},{\"@type\":\"WebSite\",\"@id\":\"https:\/\/www.uaga.eus\/#website\",\"url\":\"https:\/\/www.uaga.eus\/\",\"name\":\"UAGA\",\"description\":\"Uni\u00f3n Agroganadera de \u00c1lava - Araba Nekazarien Elkartea\",\"potentialAction\":[{\"@type\":\"SearchAction\",\"target\":{\"@type\":\"EntryPoint\",\"urlTemplate\":\"https:\/\/www.uaga.eus\/?s={search_term_string}\"},\"query-input\":\"required name=search_term_string\"}],\"inLanguage\":\"eu\"},{\"@type\":\"Person\",\"@id\":\"https:\/\/www.uaga.eus\/#\/schema\/person\/48c3cbf0f33d1b788226dbb6518689cf\",\"name\":\"Blanca S\u00e1nchez\",\"image\":{\"@type\":\"ImageObject\",\"inLanguage\":\"eu\",\"@id\":\"https:\/\/www.uaga.eus\/#\/schema\/person\/image\/\",\"url\":\"https:\/\/secure.gravatar.com\/avatar\/0dc91c20648254b1ce84877283f6751b?s=96&d=mm&r=g\",\"contentUrl\":\"https:\/\/secure.gravatar.com\/avatar\/0dc91c20648254b1ce84877283f6751b?s=96&d=mm&r=g\",\"caption\":\"Blanca S\u00e1nchez\"},\"url\":\"https:\/\/www.uaga.eus\/eu\/author\/bsanchez\/\"}]}<\/script>\n<!-- \/ Yoast SEO plugin. -->","yoast_head_json":{"title":"UAGA representa al sector agrario alav\u00e9s en la recepci\u00f3n ofrecida por el Ayuntamiento de Vitoria-Gasteiz el d\u00eda de San Isidro - UAGA","robots":{"index":"index","follow":"follow","max-snippet":"max-snippet:-1","max-image-preview":"max-image-preview:large","max-video-preview":"max-video-preview:-1"},"canonical":"https:\/\/www.uaga.eus\/uaga-representa-al-sector-agrario-alaves-en-la-recepcion-ofrecida-por-el-ayuntamiento-de-vitoria-gasteiz-el-dia-de-san-isidro-2\/","og_locale":"en_US","og_type":"article","og_title":"UAGA representa al sector agrario alav\u00e9s en la recepci\u00f3n ofrecida por el Ayuntamiento de Vitoria-Gasteiz el d\u00eda de San Isidro - UAGA","og_description":"UAGA particip\u00f3 el 15 de mayo en la tradicional recepci\u00f3n que el Ayuntamiento de Vitoria-Gasteiz realiza cada a\u00f1o a los pueblos del municipio con motivo de la celebraci\u00f3n del D\u00eda de San Isidro Labrador. Javier Torre, Presidente de UAGA,\u00a0asisti\u00f3 en representaci\u00f3n del sector agrario alav\u00e9s. El alcalde, junto con otros miembros de la Corporaci\u00f3n Municipal [&hellip;]","og_url":"https:\/\/www.uaga.eus\/uaga-representa-al-sector-agrario-alaves-en-la-recepcion-ofrecida-por-el-ayuntamiento-de-vitoria-gasteiz-el-dia-de-san-isidro-2\/","og_site_name":"UAGA","article_published_time":"2019-05-21T10:11:30+00:00","og_image":[{"width":650,"height":337,"url":"https:\/\/www.uaga.eus\/wp-content\/uploads\/2019\/05\/Recepci\u00f3n-san-isidro-ayto.jpg","type":"image\/jpeg"}],"author":"Blanca S\u00e1nchez","twitter_card":"summary_large_image","twitter_misc":{"Written by":"Blanca S\u00e1nchez"},"schema":{"@context":"https:\/\/schema.org","@graph":[{"@type":"WebPage","@id":"https:\/\/www.uaga.eus\/uaga-representa-al-sector-agrario-alaves-en-la-recepcion-ofrecida-por-el-ayuntamiento-de-vitoria-gasteiz-el-dia-de-san-isidro-2\/","url":"https:\/\/www.uaga.eus\/uaga-representa-al-sector-agrario-alaves-en-la-recepcion-ofrecida-por-el-ayuntamiento-de-vitoria-gasteiz-el-dia-de-san-isidro-2\/","name":"UAGA representa al sector agrario alav\u00e9s en la recepci\u00f3n ofrecida por el Ayuntamiento de Vitoria-Gasteiz el d\u00eda de San Isidro - UAGA","isPartOf":{"@id":"https:\/\/www.uaga.eus\/#website"},"datePublished":"2019-05-21T10:11:30+00:00","dateModified":"2019-05-21T10:11:30+00:00","author":{"@id":"https:\/\/www.uaga.eus\/#\/schema\/person\/48c3cbf0f33d1b788226dbb6518689cf"},"breadcrumb":{"@id":"https:\/\/www.uaga.eus\/uaga-representa-al-sector-agrario-alaves-en-la-recepcion-ofrecida-por-el-ayuntamiento-de-vitoria-gasteiz-el-dia-de-san-isidro-2\/#breadcrumb"},"inLanguage":"eu","potentialAction":[{"@type":"ReadAction","target":["https:\/\/www.uaga.eus\/uaga-representa-al-sector-agrario-alaves-en-la-recepcion-ofrecida-por-el-ayuntamiento-de-vitoria-gasteiz-el-dia-de-san-isidro-2\/"]}]},{"@type":"BreadcrumbList","@id":"https:\/\/www.uaga.eus\/uaga-representa-al-sector-agrario-alaves-en-la-recepcion-ofrecida-por-el-ayuntamiento-de-vitoria-gasteiz-el-dia-de-san-isidro-2\/#breadcrumb","itemListElement":[{"@type":"ListItem","position":1,"name":"Inicio","item":"https:\/\/www.uaga.eus\/"},{"@type":"ListItem","position":2,"name":"UAGA representa al sector agrario alav\u00e9s en la recepci\u00f3n ofrecida por el Ayuntamiento de Vitoria-Gasteiz el d\u00eda de San Isidro"}]},{"@type":"WebSite","@id":"https:\/\/www.uaga.eus\/#website","url":"https:\/\/www.uaga.eus\/","name":"UAGA","description":"Uni\u00f3n Agroganadera de \u00c1lava - Araba Nekazarien Elkartea","potentialAction":[{"@type":"SearchAction","target":{"@type":"EntryPoint","urlTemplate":"https:\/\/www.uaga.eus\/?s={search_term_string}"},"query-input":"required name=search_term_string"}],"inLanguage":"eu"},{"@type":"Person","@id":"https:\/\/www.uaga.eus\/#\/schema\/person\/48c3cbf0f33d1b788226dbb6518689cf","name":"Blanca S\u00e1nchez","image":{"@type":"ImageObject","inLanguage":"eu","@id":"https:\/\/www.uaga.eus\/#\/schema\/person\/image\/","url":"https:\/\/secure.gravatar.com\/avatar\/0dc91c20648254b1ce84877283f6751b?s=96&d=mm&r=g","contentUrl":"https:\/\/secure.gravatar.com\/avatar\/0dc91c20648254b1ce84877283f6751b?s=96&d=mm&r=g","caption":"Blanca S\u00e1nchez"},"url":"https:\/\/www.uaga.eus\/eu\/author\/bsanchez\/"}]}},"_links":{"self":[{"href":"https:\/\/www.uaga.eus\/eu\/wp-json\/wp\/v2\/posts\/6064"}],"collection":[{"href":"https:\/\/www.uaga.eus\/eu\/wp-json\/wp\/v2\/posts"}],"about":[{"href":"https:\/\/www.uaga.eus\/eu\/wp-json\/wp\/v2\/types\/post"}],"author":[{"embeddable":true,"href":"https:\/\/www.uaga.eus\/eu\/wp-json\/wp\/v2\/users\/4"}],"replies":[{"embeddable":true,"href":"https:\/\/www.uaga.eus\/eu\/wp-json\/wp\/v2\/comments?post=6064"}],"version-history":[{"count":1,"href":"https:\/\/www.uaga.eus\/eu\/wp-json\/wp\/v2\/posts\/6064\/revisions"}],"predecessor-version":[{"id":6070,"href":"https:\/\/www.uaga.eus\/eu\/wp-json\/wp\/v2\/posts\/6064\/revisions\/6070"}],"wp:featuredmedia":[{"embeddable":true,"href":"https:\/\/www.uaga.eus\/eu\/wp-json\/wp\/v2\/media\/6069"}],"wp:attachment":[{"href":"https:\/\/www.uaga.eus\/eu\/wp-json\/wp\/v2\/media?parent=6064"}],"wp:term":[{"taxonomy":"category","embeddable":true,"href":"https:\/\/www.uaga.eus\/eu\/wp-json\/wp\/v2\/categories?post=6064"},{"taxonomy":"post_tag","embeddable":true,"href":"https:\/\/www.uaga.eus\/eu\/wp-json\/wp\/v2\/tags?post=6064"}],"curies":[{"name":"wp","href":"https:\/\/api.w.org\/{rel}","templated":true}]}}