{"id":6038,"date":"2019-05-10T12:07:40","date_gmt":"2019-05-10T12:07:40","guid":{"rendered":"https:\/\/www.uaga.eus\/?p=6038"},"modified":"2019-05-10T12:12:17","modified_gmt":"2019-05-10T12:12:17","slug":"ponemos-en-marcha-el-comite-de-jovenes-de-uaga-animate-y-participa","status":"publish","type":"post","link":"https:\/\/www.uaga.eus\/eu\/ponemos-en-marcha-el-comite-de-jovenes-de-uaga-animate-y-participa\/","title":{"rendered":"Ponemos en marcha el Comit\u00e9 de J\u00f3venes de UAGA. AN\u00cdMATE Y PARTICIPA \u00a1\u00a1\u00a1\u00a1"},"content":{"rendered":"<p>Esta semana hemos constituido el Comit\u00e9 de J\u00f3venes de UAGA, surgido de una propuesta impulsada por el grupo de j\u00f3venes que participaron en la reuni\u00f3n de marzo en la que se debatieron los retos principales para los j\u00f3venes del sector agr\u00edcola y ganadero de \u00c1lava.<\/p>\n<p>El Comit\u00e9 de J\u00f3venes est\u00e1 integrado inicialmente por ocho j\u00f3venes, pero est\u00e1 abierto a nuevas incorporaciones hasta conseguir que el equipo est\u00e9 integrado por j\u00f3venes, chicos y chicas, de todas las comarcas y sectores.<\/p>\n<p>Adem\u00e1s, participan dos miembros del Comit\u00e9 Ejecutivo de UAGA, Yosu Aguinaco y Eva Caicedo, as\u00ed como dos t\u00e9cnicos, Gustavo Valencia y Sugoi Auzmendi.<\/p>\n<p>Este Comit\u00e9 de J\u00f3venes se ha creado con el objetivo de disponer de un \u00e1mbito espec\u00edfico que represente a todos los j\u00f3venes y facilite su comunicaci\u00f3n con UAGA, de manera que participen directamente en la estrategia a futuro del sector, incorporando sus inquietudes, problem\u00e1ticas y propuestas.<\/p>\n<p>El fin \u00faltimo del Comit\u00e9 es fomentar la incorporaci\u00f3n de j\u00f3venes al sector y hacer evolucionar a UAGA para adecuarnos a las necesidades de las nuevas generaciones.<\/p>\n<p>AN\u00cdMATE Y PARTICIPA \u00a1\u00a1\u00a1\u00a1<\/p>\n<p>+info: Gustavo\u00a0635704865 \/ Sugoi 675707696<\/p>\n","protected":false},"excerpt":{"rendered":"<p>Esta semana hemos constituido el Comit\u00e9 de J\u00f3venes de UAGA, surgido de una propuesta impulsada por el grupo de j\u00f3venes que participaron en la reuni\u00f3n de marzo en la que se debatieron los retos principales para los j\u00f3venes del sector agr\u00edcola y ganadero de \u00c1lava. El Comit\u00e9 de J\u00f3venes est\u00e1 integrado inicialmente por ocho j\u00f3venes, [&hellip;]<\/p>\n","protected":false},"author":4,"featured_media":6041,"comment_status":"closed","ping_status":"closed","sticky":false,"template":"","format":"standard","meta":{"footnotes":""},"categories":[3],"tags":[],"yoast_head":"<!-- This site is optimized with the Yoast SEO plugin v21.5 - https:\/\/yoast.com\/wordpress\/plugins\/seo\/ -->\n<title>Ponemos en marcha el Comit\u00e9 de J\u00f3venes de UAGA. AN\u00cdMATE Y PARTICIPA \u00a1\u00a1\u00a1\u00a1 - UAGA<\/title>\n<meta name=\"robots\" content=\"index, follow, max-snippet:-1, max-image-preview:large, max-video-preview:-1\" \/>\n<link rel=\"canonical\" href=\"https:\/\/www.uaga.eus\/ponemos-en-marcha-el-comite-de-jovenes-de-uaga-animate-y-participa\/\" \/>\n<meta property=\"og:locale\" content=\"en_US\" \/>\n<meta property=\"og:type\" content=\"article\" \/>\n<meta property=\"og:title\" content=\"Ponemos en marcha el Comit\u00e9 de J\u00f3venes de UAGA. AN\u00cdMATE Y PARTICIPA \u00a1\u00a1\u00a1\u00a1 - UAGA\" \/>\n<meta property=\"og:description\" content=\"Esta semana hemos constituido el Comit\u00e9 de J\u00f3venes de UAGA, surgido de una propuesta impulsada por el grupo de j\u00f3venes que participaron en la reuni\u00f3n de marzo en la que se debatieron los retos principales para los j\u00f3venes del sector agr\u00edcola y ganadero de \u00c1lava. El Comit\u00e9 de J\u00f3venes est\u00e1 integrado inicialmente por ocho j\u00f3venes, [&hellip;]\" \/>\n<meta property=\"og:url\" content=\"https:\/\/www.uaga.eus\/ponemos-en-marcha-el-comite-de-jovenes-de-uaga-animate-y-participa\/\" \/>\n<meta property=\"og:site_name\" content=\"UAGA\" \/>\n<meta property=\"article:published_time\" content=\"2019-05-10T12:07:40+00:00\" \/>\n<meta property=\"article:modified_time\" content=\"2019-05-10T12:12:17+00:00\" \/>\n<meta property=\"og:image\" content=\"https:\/\/www.uaga.eus\/wp-content\/uploads\/2019\/05\/190519-comisi\u00f3n-jovenes-2-e1557490326129.jpg\" \/>\n\t<meta property=\"og:image:width\" content=\"700\" \/>\n\t<meta property=\"og:image:height\" content=\"404\" \/>\n\t<meta property=\"og:image:type\" content=\"image\/jpeg\" \/>\n<meta name=\"author\" content=\"Blanca S\u00e1nchez\" \/>\n<meta name=\"twitter:card\" content=\"summary_large_image\" \/>\n<meta name=\"twitter:label1\" content=\"Written by\" \/>\n\t<meta name=\"twitter:data1\" content=\"Blanca S\u00e1nchez\" \/>\n\t<meta name=\"twitter:label2\" content=\"Est. reading time\" \/>\n\t<meta name=\"twitter:data2\" content=\"1 minutua\" \/>\n<script type=\"application\/ld+json\" class=\"yoast-schema-graph\">{\"@context\":\"https:\/\/schema.org\",\"@graph\":[{\"@type\":\"WebPage\",\"@id\":\"https:\/\/www.uaga.eus\/ponemos-en-marcha-el-comite-de-jovenes-de-uaga-animate-y-participa\/\",\"url\":\"https:\/\/www.uaga.eus\/ponemos-en-marcha-el-comite-de-jovenes-de-uaga-animate-y-participa\/\",\"name\":\"Ponemos en marcha el Comit\u00e9 de J\u00f3venes de UAGA. AN\u00cdMATE Y PARTICIPA \u00a1\u00a1\u00a1\u00a1 - UAGA\",\"isPartOf\":{\"@id\":\"https:\/\/www.uaga.eus\/#website\"},\"datePublished\":\"2019-05-10T12:07:40+00:00\",\"dateModified\":\"2019-05-10T12:12:17+00:00\",\"author\":{\"@id\":\"https:\/\/www.uaga.eus\/#\/schema\/person\/48c3cbf0f33d1b788226dbb6518689cf\"},\"breadcrumb\":{\"@id\":\"https:\/\/www.uaga.eus\/ponemos-en-marcha-el-comite-de-jovenes-de-uaga-animate-y-participa\/#breadcrumb\"},\"inLanguage\":\"eu\",\"potentialAction\":[{\"@type\":\"ReadAction\",\"target\":[\"https:\/\/www.uaga.eus\/ponemos-en-marcha-el-comite-de-jovenes-de-uaga-animate-y-participa\/\"]}]},{\"@type\":\"BreadcrumbList\",\"@id\":\"https:\/\/www.uaga.eus\/ponemos-en-marcha-el-comite-de-jovenes-de-uaga-animate-y-participa\/#breadcrumb\",\"itemListElement\":[{\"@type\":\"ListItem\",\"position\":1,\"name\":\"Inicio\",\"item\":\"https:\/\/www.uaga.eus\/\"},{\"@type\":\"ListItem\",\"position\":2,\"name\":\"Ponemos en marcha el Comit\u00e9 de J\u00f3venes de UAGA. AN\u00cdMATE Y PARTICIPA \u00a1\u00a1\u00a1\u00a1\"}]},{\"@type\":\"WebSite\",\"@id\":\"https:\/\/www.uaga.eus\/#website\",\"url\":\"https:\/\/www.uaga.eus\/\",\"name\":\"UAGA\",\"description\":\"Uni\u00f3n Agroganadera de \u00c1lava - Araba Nekazarien Elkartea\",\"potentialAction\":[{\"@type\":\"SearchAction\",\"target\":{\"@type\":\"EntryPoint\",\"urlTemplate\":\"https:\/\/www.uaga.eus\/?s={search_term_string}\"},\"query-input\":\"required name=search_term_string\"}],\"inLanguage\":\"eu\"},{\"@type\":\"Person\",\"@id\":\"https:\/\/www.uaga.eus\/#\/schema\/person\/48c3cbf0f33d1b788226dbb6518689cf\",\"name\":\"Blanca S\u00e1nchez\",\"image\":{\"@type\":\"ImageObject\",\"inLanguage\":\"eu\",\"@id\":\"https:\/\/www.uaga.eus\/#\/schema\/person\/image\/\",\"url\":\"https:\/\/secure.gravatar.com\/avatar\/0dc91c20648254b1ce84877283f6751b?s=96&d=mm&r=g\",\"contentUrl\":\"https:\/\/secure.gravatar.com\/avatar\/0dc91c20648254b1ce84877283f6751b?s=96&d=mm&r=g\",\"caption\":\"Blanca S\u00e1nchez\"},\"url\":\"https:\/\/www.uaga.eus\/eu\/author\/bsanchez\/\"}]}<\/script>\n<!-- \/ Yoast SEO plugin. -->","yoast_head_json":{"title":"Ponemos en marcha el Comit\u00e9 de J\u00f3venes de UAGA. AN\u00cdMATE Y PARTICIPA \u00a1\u00a1\u00a1\u00a1 - UAGA","robots":{"index":"index","follow":"follow","max-snippet":"max-snippet:-1","max-image-preview":"max-image-preview:large","max-video-preview":"max-video-preview:-1"},"canonical":"https:\/\/www.uaga.eus\/ponemos-en-marcha-el-comite-de-jovenes-de-uaga-animate-y-participa\/","og_locale":"en_US","og_type":"article","og_title":"Ponemos en marcha el Comit\u00e9 de J\u00f3venes de UAGA. AN\u00cdMATE Y PARTICIPA \u00a1\u00a1\u00a1\u00a1 - UAGA","og_description":"Esta semana hemos constituido el Comit\u00e9 de J\u00f3venes de UAGA, surgido de una propuesta impulsada por el grupo de j\u00f3venes que participaron en la reuni\u00f3n de marzo en la que se debatieron los retos principales para los j\u00f3venes del sector agr\u00edcola y ganadero de \u00c1lava. El Comit\u00e9 de J\u00f3venes est\u00e1 integrado inicialmente por ocho j\u00f3venes, [&hellip;]","og_url":"https:\/\/www.uaga.eus\/ponemos-en-marcha-el-comite-de-jovenes-de-uaga-animate-y-participa\/","og_site_name":"UAGA","article_published_time":"2019-05-10T12:07:40+00:00","article_modified_time":"2019-05-10T12:12:17+00:00","og_image":[{"width":700,"height":404,"url":"https:\/\/www.uaga.eus\/wp-content\/uploads\/2019\/05\/190519-comisi\u00f3n-jovenes-2-e1557490326129.jpg","type":"image\/jpeg"}],"author":"Blanca S\u00e1nchez","twitter_card":"summary_large_image","twitter_misc":{"Written by":"Blanca S\u00e1nchez","Est. reading time":"1 minutua"},"schema":{"@context":"https:\/\/schema.org","@graph":[{"@type":"WebPage","@id":"https:\/\/www.uaga.eus\/ponemos-en-marcha-el-comite-de-jovenes-de-uaga-animate-y-participa\/","url":"https:\/\/www.uaga.eus\/ponemos-en-marcha-el-comite-de-jovenes-de-uaga-animate-y-participa\/","name":"Ponemos en marcha el Comit\u00e9 de J\u00f3venes de UAGA. AN\u00cdMATE Y PARTICIPA \u00a1\u00a1\u00a1\u00a1 - UAGA","isPartOf":{"@id":"https:\/\/www.uaga.eus\/#website"},"datePublished":"2019-05-10T12:07:40+00:00","dateModified":"2019-05-10T12:12:17+00:00","author":{"@id":"https:\/\/www.uaga.eus\/#\/schema\/person\/48c3cbf0f33d1b788226dbb6518689cf"},"breadcrumb":{"@id":"https:\/\/www.uaga.eus\/ponemos-en-marcha-el-comite-de-jovenes-de-uaga-animate-y-participa\/#breadcrumb"},"inLanguage":"eu","potentialAction":[{"@type":"ReadAction","target":["https:\/\/www.uaga.eus\/ponemos-en-marcha-el-comite-de-jovenes-de-uaga-animate-y-participa\/"]}]},{"@type":"BreadcrumbList","@id":"https:\/\/www.uaga.eus\/ponemos-en-marcha-el-comite-de-jovenes-de-uaga-animate-y-participa\/#breadcrumb","itemListElement":[{"@type":"ListItem","position":1,"name":"Inicio","item":"https:\/\/www.uaga.eus\/"},{"@type":"ListItem","position":2,"name":"Ponemos en marcha el Comit\u00e9 de J\u00f3venes de UAGA. AN\u00cdMATE Y PARTICIPA \u00a1\u00a1\u00a1\u00a1"}]},{"@type":"WebSite","@id":"https:\/\/www.uaga.eus\/#website","url":"https:\/\/www.uaga.eus\/","name":"UAGA","description":"Uni\u00f3n Agroganadera de \u00c1lava - Araba Nekazarien Elkartea","potentialAction":[{"@type":"SearchAction","target":{"@type":"EntryPoint","urlTemplate":"https:\/\/www.uaga.eus\/?s={search_term_string}"},"query-input":"required name=search_term_string"}],"inLanguage":"eu"},{"@type":"Person","@id":"https:\/\/www.uaga.eus\/#\/schema\/person\/48c3cbf0f33d1b788226dbb6518689cf","name":"Blanca S\u00e1nchez","image":{"@type":"ImageObject","inLanguage":"eu","@id":"https:\/\/www.uaga.eus\/#\/schema\/person\/image\/","url":"https:\/\/secure.gravatar.com\/avatar\/0dc91c20648254b1ce84877283f6751b?s=96&d=mm&r=g","contentUrl":"https:\/\/secure.gravatar.com\/avatar\/0dc91c20648254b1ce84877283f6751b?s=96&d=mm&r=g","caption":"Blanca S\u00e1nchez"},"url":"https:\/\/www.uaga.eus\/eu\/author\/bsanchez\/"}]}},"_links":{"self":[{"href":"https:\/\/www.uaga.eus\/eu\/wp-json\/wp\/v2\/posts\/6038"}],"collection":[{"href":"https:\/\/www.uaga.eus\/eu\/wp-json\/wp\/v2\/posts"}],"about":[{"href":"https:\/\/www.uaga.eus\/eu\/wp-json\/wp\/v2\/types\/post"}],"author":[{"embeddable":true,"href":"https:\/\/www.uaga.eus\/eu\/wp-json\/wp\/v2\/users\/4"}],"replies":[{"embeddable":true,"href":"https:\/\/www.uaga.eus\/eu\/wp-json\/wp\/v2\/comments?post=6038"}],"version-history":[{"count":1,"href":"https:\/\/www.uaga.eus\/eu\/wp-json\/wp\/v2\/posts\/6038\/revisions"}],"predecessor-version":[{"id":6040,"href":"https:\/\/www.uaga.eus\/eu\/wp-json\/wp\/v2\/posts\/6038\/revisions\/6040"}],"wp:featuredmedia":[{"embeddable":true,"href":"https:\/\/www.uaga.eus\/eu\/wp-json\/wp\/v2\/media\/6041"}],"wp:attachment":[{"href":"https:\/\/www.uaga.eus\/eu\/wp-json\/wp\/v2\/media?parent=6038"}],"wp:term":[{"taxonomy":"category","embeddable":true,"href":"https:\/\/www.uaga.eus\/eu\/wp-json\/wp\/v2\/categories?post=6038"},{"taxonomy":"post_tag","embeddable":true,"href":"https:\/\/www.uaga.eus\/eu\/wp-json\/wp\/v2\/tags?post=6038"}],"curies":[{"name":"wp","href":"https:\/\/api.w.org\/{rel}","templated":true}]}}