{"id":6030,"date":"2019-05-10T12:03:00","date_gmt":"2019-05-10T12:03:00","guid":{"rendered":"https:\/\/www.uaga.eus\/?p=6030"},"modified":"2019-05-10T12:03:08","modified_gmt":"2019-05-10T12:03:08","slug":"las-explotaciones-ganaderas-de-ovino-deben-asumir-la-gestion-del-residuo-de-la-lana-a-partir-de-este-ano-2019","status":"publish","type":"post","link":"https:\/\/www.uaga.eus\/eu\/las-explotaciones-ganaderas-de-ovino-deben-asumir-la-gestion-del-residuo-de-la-lana-a-partir-de-este-ano-2019\/","title":{"rendered":"Las explotaciones ganaderas de ovino deben asumir la gesti\u00f3n del residuo de la lana a partir de este a\u00f1o 2019\u00a0"},"content":{"rendered":"<p>Tras haber solicitado UAGA a Diputaci\u00f3n la b\u00fasqueda de una soluci\u00f3n a la problem\u00e1tica de acumulaci\u00f3n de lana de los \u00faltimos a\u00f1os en algunas explotaciones ganaderas y debido a la dificultad de eliminar este residuo, la Diputaci\u00f3n se comprometi\u00f3 a asumir el coste de la recogida de la lana acumulada proveniente de los esquileos de campa\u00f1as anteriores hasta 2018, encargando la gesti\u00f3n a ABERE.<\/p>\n<p>A partir de esta campa\u00f1a, las propias explotaciones ganaderas son las que deben asumir la gesti\u00f3n de este residuo.<\/p>\n<p>En los \u00faltimos tres meses, ABERE ha recogido, para su incineraci\u00f3n, la lana acumulada en 106 explotaciones ganaderas, un total de 157 toneladas, con un volumen de 1.060 m3.<\/p>\n<p>+info Gustavo:\u00a0635704865<\/p>\n","protected":false},"excerpt":{"rendered":"<p>Tras haber solicitado UAGA a Diputaci\u00f3n la b\u00fasqueda de una soluci\u00f3n a la problem\u00e1tica de acumulaci\u00f3n de lana de los \u00faltimos a\u00f1os en algunas explotaciones ganaderas y debido a la dificultad de eliminar este residuo, la Diputaci\u00f3n se comprometi\u00f3 a asumir el coste de la recogida de la lana acumulada proveniente de los esquileos de [&hellip;]<\/p>\n","protected":false},"author":4,"featured_media":4738,"comment_status":"closed","ping_status":"closed","sticky":false,"template":"","format":"standard","meta":{"footnotes":""},"categories":[8],"tags":[],"yoast_head":"<!-- This site is optimized with the Yoast SEO plugin v21.5 - https:\/\/yoast.com\/wordpress\/plugins\/seo\/ -->\n<title>Las explotaciones ganaderas de ovino deben asumir la gesti\u00f3n del residuo de la lana a partir de este a\u00f1o 2019\u00a0 - UAGA<\/title>\n<meta name=\"robots\" content=\"index, follow, max-snippet:-1, max-image-preview:large, max-video-preview:-1\" \/>\n<link rel=\"canonical\" href=\"https:\/\/www.uaga.eus\/las-explotaciones-ganaderas-de-ovino-deben-asumir-la-gestion-del-residuo-de-la-lana-a-partir-de-este-ano-2019\/\" \/>\n<meta property=\"og:locale\" content=\"en_US\" \/>\n<meta property=\"og:type\" content=\"article\" \/>\n<meta property=\"og:title\" content=\"Las explotaciones ganaderas de ovino deben asumir la gesti\u00f3n del residuo de la lana a partir de este a\u00f1o 2019\u00a0 - UAGA\" \/>\n<meta property=\"og:description\" content=\"Tras haber solicitado UAGA a Diputaci\u00f3n la b\u00fasqueda de una soluci\u00f3n a la problem\u00e1tica de acumulaci\u00f3n de lana de los \u00faltimos a\u00f1os en algunas explotaciones ganaderas y debido a la dificultad de eliminar este residuo, la Diputaci\u00f3n se comprometi\u00f3 a asumir el coste de la recogida de la lana acumulada proveniente de los esquileos de [&hellip;]\" \/>\n<meta property=\"og:url\" content=\"https:\/\/www.uaga.eus\/las-explotaciones-ganaderas-de-ovino-deben-asumir-la-gestion-del-residuo-de-la-lana-a-partir-de-este-ano-2019\/\" \/>\n<meta property=\"og:site_name\" content=\"UAGA\" \/>\n<meta property=\"article:published_time\" content=\"2019-05-10T12:03:00+00:00\" \/>\n<meta property=\"article:modified_time\" content=\"2019-05-10T12:03:08+00:00\" \/>\n<meta property=\"og:image\" content=\"https:\/\/www.uaga.eus\/wp-content\/uploads\/2018\/11\/esquileo-e1541158916958.jpg\" \/>\n\t<meta property=\"og:image:width\" content=\"700\" \/>\n\t<meta property=\"og:image:height\" content=\"358\" \/>\n\t<meta property=\"og:image:type\" content=\"image\/jpeg\" \/>\n<meta name=\"author\" content=\"Blanca S\u00e1nchez\" \/>\n<meta name=\"twitter:card\" content=\"summary_large_image\" \/>\n<meta name=\"twitter:label1\" content=\"Written by\" \/>\n\t<meta name=\"twitter:data1\" content=\"Blanca S\u00e1nchez\" \/>\n\t<meta name=\"twitter:label2\" content=\"Est. reading time\" \/>\n\t<meta name=\"twitter:data2\" content=\"1 minutua\" \/>\n<script type=\"application\/ld+json\" class=\"yoast-schema-graph\">{\"@context\":\"https:\/\/schema.org\",\"@graph\":[{\"@type\":\"WebPage\",\"@id\":\"https:\/\/www.uaga.eus\/las-explotaciones-ganaderas-de-ovino-deben-asumir-la-gestion-del-residuo-de-la-lana-a-partir-de-este-ano-2019\/\",\"url\":\"https:\/\/www.uaga.eus\/las-explotaciones-ganaderas-de-ovino-deben-asumir-la-gestion-del-residuo-de-la-lana-a-partir-de-este-ano-2019\/\",\"name\":\"Las explotaciones ganaderas de ovino deben asumir la gesti\u00f3n del residuo de la lana a partir de este a\u00f1o 2019\u00a0 - UAGA\",\"isPartOf\":{\"@id\":\"https:\/\/www.uaga.eus\/#website\"},\"datePublished\":\"2019-05-10T12:03:00+00:00\",\"dateModified\":\"2019-05-10T12:03:08+00:00\",\"author\":{\"@id\":\"https:\/\/www.uaga.eus\/#\/schema\/person\/48c3cbf0f33d1b788226dbb6518689cf\"},\"breadcrumb\":{\"@id\":\"https:\/\/www.uaga.eus\/las-explotaciones-ganaderas-de-ovino-deben-asumir-la-gestion-del-residuo-de-la-lana-a-partir-de-este-ano-2019\/#breadcrumb\"},\"inLanguage\":\"eu\",\"potentialAction\":[{\"@type\":\"ReadAction\",\"target\":[\"https:\/\/www.uaga.eus\/las-explotaciones-ganaderas-de-ovino-deben-asumir-la-gestion-del-residuo-de-la-lana-a-partir-de-este-ano-2019\/\"]}]},{\"@type\":\"BreadcrumbList\",\"@id\":\"https:\/\/www.uaga.eus\/las-explotaciones-ganaderas-de-ovino-deben-asumir-la-gestion-del-residuo-de-la-lana-a-partir-de-este-ano-2019\/#breadcrumb\",\"itemListElement\":[{\"@type\":\"ListItem\",\"position\":1,\"name\":\"Inicio\",\"item\":\"https:\/\/www.uaga.eus\/\"},{\"@type\":\"ListItem\",\"position\":2,\"name\":\"Las explotaciones ganaderas de ovino deben asumir la gesti\u00f3n del residuo de la lana a partir de este a\u00f1o 2019\u00a0\"}]},{\"@type\":\"WebSite\",\"@id\":\"https:\/\/www.uaga.eus\/#website\",\"url\":\"https:\/\/www.uaga.eus\/\",\"name\":\"UAGA\",\"description\":\"Uni\u00f3n Agroganadera de \u00c1lava - Araba Nekazarien Elkartea\",\"potentialAction\":[{\"@type\":\"SearchAction\",\"target\":{\"@type\":\"EntryPoint\",\"urlTemplate\":\"https:\/\/www.uaga.eus\/?s={search_term_string}\"},\"query-input\":\"required name=search_term_string\"}],\"inLanguage\":\"eu\"},{\"@type\":\"Person\",\"@id\":\"https:\/\/www.uaga.eus\/#\/schema\/person\/48c3cbf0f33d1b788226dbb6518689cf\",\"name\":\"Blanca S\u00e1nchez\",\"image\":{\"@type\":\"ImageObject\",\"inLanguage\":\"eu\",\"@id\":\"https:\/\/www.uaga.eus\/#\/schema\/person\/image\/\",\"url\":\"https:\/\/secure.gravatar.com\/avatar\/0dc91c20648254b1ce84877283f6751b?s=96&d=mm&r=g\",\"contentUrl\":\"https:\/\/secure.gravatar.com\/avatar\/0dc91c20648254b1ce84877283f6751b?s=96&d=mm&r=g\",\"caption\":\"Blanca S\u00e1nchez\"},\"url\":\"https:\/\/www.uaga.eus\/eu\/author\/bsanchez\/\"}]}<\/script>\n<!-- \/ Yoast SEO plugin. -->","yoast_head_json":{"title":"Las explotaciones ganaderas de ovino deben asumir la gesti\u00f3n del residuo de la lana a partir de este a\u00f1o 2019\u00a0 - UAGA","robots":{"index":"index","follow":"follow","max-snippet":"max-snippet:-1","max-image-preview":"max-image-preview:large","max-video-preview":"max-video-preview:-1"},"canonical":"https:\/\/www.uaga.eus\/las-explotaciones-ganaderas-de-ovino-deben-asumir-la-gestion-del-residuo-de-la-lana-a-partir-de-este-ano-2019\/","og_locale":"en_US","og_type":"article","og_title":"Las explotaciones ganaderas de ovino deben asumir la gesti\u00f3n del residuo de la lana a partir de este a\u00f1o 2019\u00a0 - UAGA","og_description":"Tras haber solicitado UAGA a Diputaci\u00f3n la b\u00fasqueda de una soluci\u00f3n a la problem\u00e1tica de acumulaci\u00f3n de lana de los \u00faltimos a\u00f1os en algunas explotaciones ganaderas y debido a la dificultad de eliminar este residuo, la Diputaci\u00f3n se comprometi\u00f3 a asumir el coste de la recogida de la lana acumulada proveniente de los esquileos de [&hellip;]","og_url":"https:\/\/www.uaga.eus\/las-explotaciones-ganaderas-de-ovino-deben-asumir-la-gestion-del-residuo-de-la-lana-a-partir-de-este-ano-2019\/","og_site_name":"UAGA","article_published_time":"2019-05-10T12:03:00+00:00","article_modified_time":"2019-05-10T12:03:08+00:00","og_image":[{"width":700,"height":358,"url":"https:\/\/www.uaga.eus\/wp-content\/uploads\/2018\/11\/esquileo-e1541158916958.jpg","type":"image\/jpeg"}],"author":"Blanca S\u00e1nchez","twitter_card":"summary_large_image","twitter_misc":{"Written by":"Blanca S\u00e1nchez","Est. reading time":"1 minutua"},"schema":{"@context":"https:\/\/schema.org","@graph":[{"@type":"WebPage","@id":"https:\/\/www.uaga.eus\/las-explotaciones-ganaderas-de-ovino-deben-asumir-la-gestion-del-residuo-de-la-lana-a-partir-de-este-ano-2019\/","url":"https:\/\/www.uaga.eus\/las-explotaciones-ganaderas-de-ovino-deben-asumir-la-gestion-del-residuo-de-la-lana-a-partir-de-este-ano-2019\/","name":"Las explotaciones ganaderas de ovino deben asumir la gesti\u00f3n del residuo de la lana a partir de este a\u00f1o 2019\u00a0 - UAGA","isPartOf":{"@id":"https:\/\/www.uaga.eus\/#website"},"datePublished":"2019-05-10T12:03:00+00:00","dateModified":"2019-05-10T12:03:08+00:00","author":{"@id":"https:\/\/www.uaga.eus\/#\/schema\/person\/48c3cbf0f33d1b788226dbb6518689cf"},"breadcrumb":{"@id":"https:\/\/www.uaga.eus\/las-explotaciones-ganaderas-de-ovino-deben-asumir-la-gestion-del-residuo-de-la-lana-a-partir-de-este-ano-2019\/#breadcrumb"},"inLanguage":"eu","potentialAction":[{"@type":"ReadAction","target":["https:\/\/www.uaga.eus\/las-explotaciones-ganaderas-de-ovino-deben-asumir-la-gestion-del-residuo-de-la-lana-a-partir-de-este-ano-2019\/"]}]},{"@type":"BreadcrumbList","@id":"https:\/\/www.uaga.eus\/las-explotaciones-ganaderas-de-ovino-deben-asumir-la-gestion-del-residuo-de-la-lana-a-partir-de-este-ano-2019\/#breadcrumb","itemListElement":[{"@type":"ListItem","position":1,"name":"Inicio","item":"https:\/\/www.uaga.eus\/"},{"@type":"ListItem","position":2,"name":"Las explotaciones ganaderas de ovino deben asumir la gesti\u00f3n del residuo de la lana a partir de este a\u00f1o 2019\u00a0"}]},{"@type":"WebSite","@id":"https:\/\/www.uaga.eus\/#website","url":"https:\/\/www.uaga.eus\/","name":"UAGA","description":"Uni\u00f3n Agroganadera de \u00c1lava - Araba Nekazarien Elkartea","potentialAction":[{"@type":"SearchAction","target":{"@type":"EntryPoint","urlTemplate":"https:\/\/www.uaga.eus\/?s={search_term_string}"},"query-input":"required name=search_term_string"}],"inLanguage":"eu"},{"@type":"Person","@id":"https:\/\/www.uaga.eus\/#\/schema\/person\/48c3cbf0f33d1b788226dbb6518689cf","name":"Blanca S\u00e1nchez","image":{"@type":"ImageObject","inLanguage":"eu","@id":"https:\/\/www.uaga.eus\/#\/schema\/person\/image\/","url":"https:\/\/secure.gravatar.com\/avatar\/0dc91c20648254b1ce84877283f6751b?s=96&d=mm&r=g","contentUrl":"https:\/\/secure.gravatar.com\/avatar\/0dc91c20648254b1ce84877283f6751b?s=96&d=mm&r=g","caption":"Blanca S\u00e1nchez"},"url":"https:\/\/www.uaga.eus\/eu\/author\/bsanchez\/"}]}},"_links":{"self":[{"href":"https:\/\/www.uaga.eus\/eu\/wp-json\/wp\/v2\/posts\/6030"}],"collection":[{"href":"https:\/\/www.uaga.eus\/eu\/wp-json\/wp\/v2\/posts"}],"about":[{"href":"https:\/\/www.uaga.eus\/eu\/wp-json\/wp\/v2\/types\/post"}],"author":[{"embeddable":true,"href":"https:\/\/www.uaga.eus\/eu\/wp-json\/wp\/v2\/users\/4"}],"replies":[{"embeddable":true,"href":"https:\/\/www.uaga.eus\/eu\/wp-json\/wp\/v2\/comments?post=6030"}],"version-history":[{"count":1,"href":"https:\/\/www.uaga.eus\/eu\/wp-json\/wp\/v2\/posts\/6030\/revisions"}],"predecessor-version":[{"id":6031,"href":"https:\/\/www.uaga.eus\/eu\/wp-json\/wp\/v2\/posts\/6030\/revisions\/6031"}],"wp:featuredmedia":[{"embeddable":true,"href":"https:\/\/www.uaga.eus\/eu\/wp-json\/wp\/v2\/media\/4738"}],"wp:attachment":[{"href":"https:\/\/www.uaga.eus\/eu\/wp-json\/wp\/v2\/media?parent=6030"}],"wp:term":[{"taxonomy":"category","embeddable":true,"href":"https:\/\/www.uaga.eus\/eu\/wp-json\/wp\/v2\/categories?post=6030"},{"taxonomy":"post_tag","embeddable":true,"href":"https:\/\/www.uaga.eus\/eu\/wp-json\/wp\/v2\/tags?post=6030"}],"curies":[{"name":"wp","href":"https:\/\/api.w.org\/{rel}","templated":true}]}}