{"id":6024,"date":"2019-05-10T11:59:05","date_gmt":"2019-05-10T11:59:05","guid":{"rendered":"https:\/\/www.uaga.eus\/?p=6024"},"modified":"2019-05-10T21:06:27","modified_gmt":"2019-05-10T21:06:27","slug":"la-feria-de-san-isidro-de-respaldiza-reconocera-la-labor-de-las-mujeres-agricultoras-y-ganaderas-con-la-colaboracion-de-uaga","status":"publish","type":"post","link":"https:\/\/www.uaga.eus\/eu\/la-feria-de-san-isidro-de-respaldiza-reconocera-la-labor-de-las-mujeres-agricultoras-y-ganaderas-con-la-colaboracion-de-uaga\/","title":{"rendered":"La Feria de San Isidro de Respaldiza reconoce la labor de las mujeres agricultoras y ganaderas, con la colaboraci\u00f3n de UAGA"},"content":{"rendered":"<p>Respaldiza celebrar\u00e1 el 15 de mayo su tradicional Feria de San Isidro, incorporando este a\u00f1o\u00a0la perspectiva de g\u00e9nero en toda la programaci\u00f3n.<\/p>\n<p>Durante todo el d\u00eda, habr\u00e1 una <strong>exposici\u00f3n fotogr\u00e1fica<\/strong> sobre mujeres agricultoras y ganaderas de \u00c1lava, cedida por UAGA.<\/p>\n<p>A las 13 h. se colocar\u00e1 una <strong>red morada<\/strong> en el ferial, como s\u00edmbolo del trabajo en red de las mujeres de Ayala.<\/p>\n<p>Y a las 18 h. habr\u00e1 una <strong>tertulia-caf\u00e9<\/strong> con mujeres del sector de Ayala para conocer su trabajo y reconocer su labor.<\/p>\n<p>Desde la Cuadrilla de Ayala invitan a todos a participar y celebrar juntos este d\u00eda festivo.<\/p>\n<p>Es tarea de todos, hombres y mujeres, visibilizar y reconocer el trabajo de las mujeres agricultoras y ganaderas.<\/p>\n<p>Puedes ver aqu\u00ed el\u00a0<a href=\"https:\/\/gallery.mailchimp.com\/498b950ccfc4b8d0e600d7e48\/files\/823a7081-cf7b-4652-9ce9-4d5109a0611b\/SanIsidro2019.pdf\" target=\"_blank\" rel=\"noopener\" data-cke-saved-href=\"https:\/\/gallery.mailchimp.com\/498b950ccfc4b8d0e600d7e48\/files\/823a7081-cf7b-4652-9ce9-4d5109a0611b\/SanIsidro2019.pdf\">cartel<\/a>\u00a0con el programa de la jornada.<\/p>\n<p>+ info:\u00a0 \u00a0BLANCA\u00a0 \u00a0628 412 202<\/p>\n","protected":false},"excerpt":{"rendered":"<p>Respaldiza celebrar\u00e1 el 15 de mayo su tradicional Feria de San Isidro, incorporando este a\u00f1o\u00a0la perspectiva de g\u00e9nero en toda la programaci\u00f3n. Durante todo el d\u00eda, habr\u00e1 una exposici\u00f3n fotogr\u00e1fica sobre mujeres agricultoras y ganaderas de \u00c1lava, cedida por UAGA. A las 13 h. se colocar\u00e1 una red morada en el ferial, como s\u00edmbolo del [&hellip;]<\/p>\n","protected":false},"author":4,"featured_media":6016,"comment_status":"closed","ping_status":"closed","sticky":false,"template":"","format":"standard","meta":{"footnotes":""},"categories":[37],"tags":[],"yoast_head":"<!-- This site is optimized with the Yoast SEO plugin v21.5 - https:\/\/yoast.com\/wordpress\/plugins\/seo\/ -->\n<title>La Feria de San Isidro de Respaldiza reconoce la labor de las mujeres agricultoras y ganaderas, con la colaboraci\u00f3n de UAGA - UAGA<\/title>\n<meta name=\"robots\" content=\"index, follow, max-snippet:-1, max-image-preview:large, max-video-preview:-1\" \/>\n<link rel=\"canonical\" href=\"https:\/\/www.uaga.eus\/la-feria-de-san-isidro-de-respaldiza-reconocera-la-labor-de-las-mujeres-agricultoras-y-ganaderas-con-la-colaboracion-de-uaga\/\" \/>\n<meta property=\"og:locale\" content=\"en_US\" \/>\n<meta property=\"og:type\" content=\"article\" \/>\n<meta property=\"og:title\" content=\"La Feria de San Isidro de Respaldiza reconoce la labor de las mujeres agricultoras y ganaderas, con la colaboraci\u00f3n de UAGA - UAGA\" \/>\n<meta property=\"og:description\" content=\"Respaldiza celebrar\u00e1 el 15 de mayo su tradicional Feria de San Isidro, incorporando este a\u00f1o\u00a0la perspectiva de g\u00e9nero en toda la programaci\u00f3n. Durante todo el d\u00eda, habr\u00e1 una exposici\u00f3n fotogr\u00e1fica sobre mujeres agricultoras y ganaderas de \u00c1lava, cedida por UAGA. A las 13 h. se colocar\u00e1 una red morada en el ferial, como s\u00edmbolo del [&hellip;]\" \/>\n<meta property=\"og:url\" content=\"https:\/\/www.uaga.eus\/la-feria-de-san-isidro-de-respaldiza-reconocera-la-labor-de-las-mujeres-agricultoras-y-ganaderas-con-la-colaboracion-de-uaga\/\" \/>\n<meta property=\"og:site_name\" content=\"UAGA\" \/>\n<meta property=\"article:published_time\" content=\"2019-05-10T11:59:05+00:00\" \/>\n<meta property=\"article:modified_time\" content=\"2019-05-10T21:06:27+00:00\" \/>\n<meta property=\"og:image\" content=\"https:\/\/www.uaga.eus\/wp-content\/uploads\/2019\/05\/ganadera.jpg\" \/>\n\t<meta property=\"og:image:width\" content=\"650\" \/>\n\t<meta property=\"og:image:height\" content=\"343\" \/>\n\t<meta property=\"og:image:type\" content=\"image\/jpeg\" \/>\n<meta name=\"author\" content=\"Blanca S\u00e1nchez\" \/>\n<meta name=\"twitter:card\" content=\"summary_large_image\" \/>\n<meta name=\"twitter:label1\" content=\"Written by\" \/>\n\t<meta name=\"twitter:data1\" content=\"Blanca S\u00e1nchez\" \/>\n\t<meta name=\"twitter:label2\" content=\"Est. reading time\" \/>\n\t<meta name=\"twitter:data2\" content=\"1 minutua\" \/>\n<script type=\"application\/ld+json\" class=\"yoast-schema-graph\">{\"@context\":\"https:\/\/schema.org\",\"@graph\":[{\"@type\":\"WebPage\",\"@id\":\"https:\/\/www.uaga.eus\/la-feria-de-san-isidro-de-respaldiza-reconocera-la-labor-de-las-mujeres-agricultoras-y-ganaderas-con-la-colaboracion-de-uaga\/\",\"url\":\"https:\/\/www.uaga.eus\/la-feria-de-san-isidro-de-respaldiza-reconocera-la-labor-de-las-mujeres-agricultoras-y-ganaderas-con-la-colaboracion-de-uaga\/\",\"name\":\"La Feria de San Isidro de Respaldiza reconoce la labor de las mujeres agricultoras y ganaderas, con la colaboraci\u00f3n de UAGA - UAGA\",\"isPartOf\":{\"@id\":\"https:\/\/www.uaga.eus\/#website\"},\"datePublished\":\"2019-05-10T11:59:05+00:00\",\"dateModified\":\"2019-05-10T21:06:27+00:00\",\"author\":{\"@id\":\"https:\/\/www.uaga.eus\/#\/schema\/person\/48c3cbf0f33d1b788226dbb6518689cf\"},\"breadcrumb\":{\"@id\":\"https:\/\/www.uaga.eus\/la-feria-de-san-isidro-de-respaldiza-reconocera-la-labor-de-las-mujeres-agricultoras-y-ganaderas-con-la-colaboracion-de-uaga\/#breadcrumb\"},\"inLanguage\":\"eu\",\"potentialAction\":[{\"@type\":\"ReadAction\",\"target\":[\"https:\/\/www.uaga.eus\/la-feria-de-san-isidro-de-respaldiza-reconocera-la-labor-de-las-mujeres-agricultoras-y-ganaderas-con-la-colaboracion-de-uaga\/\"]}]},{\"@type\":\"BreadcrumbList\",\"@id\":\"https:\/\/www.uaga.eus\/la-feria-de-san-isidro-de-respaldiza-reconocera-la-labor-de-las-mujeres-agricultoras-y-ganaderas-con-la-colaboracion-de-uaga\/#breadcrumb\",\"itemListElement\":[{\"@type\":\"ListItem\",\"position\":1,\"name\":\"Inicio\",\"item\":\"https:\/\/www.uaga.eus\/\"},{\"@type\":\"ListItem\",\"position\":2,\"name\":\"La Feria de San Isidro de Respaldiza reconoce la labor de las mujeres agricultoras y ganaderas, con la colaboraci\u00f3n de UAGA\"}]},{\"@type\":\"WebSite\",\"@id\":\"https:\/\/www.uaga.eus\/#website\",\"url\":\"https:\/\/www.uaga.eus\/\",\"name\":\"UAGA\",\"description\":\"Uni\u00f3n Agroganadera de \u00c1lava - Araba Nekazarien Elkartea\",\"potentialAction\":[{\"@type\":\"SearchAction\",\"target\":{\"@type\":\"EntryPoint\",\"urlTemplate\":\"https:\/\/www.uaga.eus\/?s={search_term_string}\"},\"query-input\":\"required name=search_term_string\"}],\"inLanguage\":\"eu\"},{\"@type\":\"Person\",\"@id\":\"https:\/\/www.uaga.eus\/#\/schema\/person\/48c3cbf0f33d1b788226dbb6518689cf\",\"name\":\"Blanca S\u00e1nchez\",\"image\":{\"@type\":\"ImageObject\",\"inLanguage\":\"eu\",\"@id\":\"https:\/\/www.uaga.eus\/#\/schema\/person\/image\/\",\"url\":\"https:\/\/secure.gravatar.com\/avatar\/0dc91c20648254b1ce84877283f6751b?s=96&d=mm&r=g\",\"contentUrl\":\"https:\/\/secure.gravatar.com\/avatar\/0dc91c20648254b1ce84877283f6751b?s=96&d=mm&r=g\",\"caption\":\"Blanca S\u00e1nchez\"},\"url\":\"https:\/\/www.uaga.eus\/eu\/author\/bsanchez\/\"}]}<\/script>\n<!-- \/ Yoast SEO plugin. -->","yoast_head_json":{"title":"La Feria de San Isidro de Respaldiza reconoce la labor de las mujeres agricultoras y ganaderas, con la colaboraci\u00f3n de UAGA - UAGA","robots":{"index":"index","follow":"follow","max-snippet":"max-snippet:-1","max-image-preview":"max-image-preview:large","max-video-preview":"max-video-preview:-1"},"canonical":"https:\/\/www.uaga.eus\/la-feria-de-san-isidro-de-respaldiza-reconocera-la-labor-de-las-mujeres-agricultoras-y-ganaderas-con-la-colaboracion-de-uaga\/","og_locale":"en_US","og_type":"article","og_title":"La Feria de San Isidro de Respaldiza reconoce la labor de las mujeres agricultoras y ganaderas, con la colaboraci\u00f3n de UAGA - UAGA","og_description":"Respaldiza celebrar\u00e1 el 15 de mayo su tradicional Feria de San Isidro, incorporando este a\u00f1o\u00a0la perspectiva de g\u00e9nero en toda la programaci\u00f3n. Durante todo el d\u00eda, habr\u00e1 una exposici\u00f3n fotogr\u00e1fica sobre mujeres agricultoras y ganaderas de \u00c1lava, cedida por UAGA. A las 13 h. se colocar\u00e1 una red morada en el ferial, como s\u00edmbolo del [&hellip;]","og_url":"https:\/\/www.uaga.eus\/la-feria-de-san-isidro-de-respaldiza-reconocera-la-labor-de-las-mujeres-agricultoras-y-ganaderas-con-la-colaboracion-de-uaga\/","og_site_name":"UAGA","article_published_time":"2019-05-10T11:59:05+00:00","article_modified_time":"2019-05-10T21:06:27+00:00","og_image":[{"width":650,"height":343,"url":"https:\/\/www.uaga.eus\/wp-content\/uploads\/2019\/05\/ganadera.jpg","type":"image\/jpeg"}],"author":"Blanca S\u00e1nchez","twitter_card":"summary_large_image","twitter_misc":{"Written by":"Blanca S\u00e1nchez","Est. reading time":"1 minutua"},"schema":{"@context":"https:\/\/schema.org","@graph":[{"@type":"WebPage","@id":"https:\/\/www.uaga.eus\/la-feria-de-san-isidro-de-respaldiza-reconocera-la-labor-de-las-mujeres-agricultoras-y-ganaderas-con-la-colaboracion-de-uaga\/","url":"https:\/\/www.uaga.eus\/la-feria-de-san-isidro-de-respaldiza-reconocera-la-labor-de-las-mujeres-agricultoras-y-ganaderas-con-la-colaboracion-de-uaga\/","name":"La Feria de San Isidro de Respaldiza reconoce la labor de las mujeres agricultoras y ganaderas, con la colaboraci\u00f3n de UAGA - UAGA","isPartOf":{"@id":"https:\/\/www.uaga.eus\/#website"},"datePublished":"2019-05-10T11:59:05+00:00","dateModified":"2019-05-10T21:06:27+00:00","author":{"@id":"https:\/\/www.uaga.eus\/#\/schema\/person\/48c3cbf0f33d1b788226dbb6518689cf"},"breadcrumb":{"@id":"https:\/\/www.uaga.eus\/la-feria-de-san-isidro-de-respaldiza-reconocera-la-labor-de-las-mujeres-agricultoras-y-ganaderas-con-la-colaboracion-de-uaga\/#breadcrumb"},"inLanguage":"eu","potentialAction":[{"@type":"ReadAction","target":["https:\/\/www.uaga.eus\/la-feria-de-san-isidro-de-respaldiza-reconocera-la-labor-de-las-mujeres-agricultoras-y-ganaderas-con-la-colaboracion-de-uaga\/"]}]},{"@type":"BreadcrumbList","@id":"https:\/\/www.uaga.eus\/la-feria-de-san-isidro-de-respaldiza-reconocera-la-labor-de-las-mujeres-agricultoras-y-ganaderas-con-la-colaboracion-de-uaga\/#breadcrumb","itemListElement":[{"@type":"ListItem","position":1,"name":"Inicio","item":"https:\/\/www.uaga.eus\/"},{"@type":"ListItem","position":2,"name":"La Feria de San Isidro de Respaldiza reconoce la labor de las mujeres agricultoras y ganaderas, con la colaboraci\u00f3n de UAGA"}]},{"@type":"WebSite","@id":"https:\/\/www.uaga.eus\/#website","url":"https:\/\/www.uaga.eus\/","name":"UAGA","description":"Uni\u00f3n Agroganadera de \u00c1lava - Araba Nekazarien Elkartea","potentialAction":[{"@type":"SearchAction","target":{"@type":"EntryPoint","urlTemplate":"https:\/\/www.uaga.eus\/?s={search_term_string}"},"query-input":"required name=search_term_string"}],"inLanguage":"eu"},{"@type":"Person","@id":"https:\/\/www.uaga.eus\/#\/schema\/person\/48c3cbf0f33d1b788226dbb6518689cf","name":"Blanca S\u00e1nchez","image":{"@type":"ImageObject","inLanguage":"eu","@id":"https:\/\/www.uaga.eus\/#\/schema\/person\/image\/","url":"https:\/\/secure.gravatar.com\/avatar\/0dc91c20648254b1ce84877283f6751b?s=96&d=mm&r=g","contentUrl":"https:\/\/secure.gravatar.com\/avatar\/0dc91c20648254b1ce84877283f6751b?s=96&d=mm&r=g","caption":"Blanca S\u00e1nchez"},"url":"https:\/\/www.uaga.eus\/eu\/author\/bsanchez\/"}]}},"_links":{"self":[{"href":"https:\/\/www.uaga.eus\/eu\/wp-json\/wp\/v2\/posts\/6024"}],"collection":[{"href":"https:\/\/www.uaga.eus\/eu\/wp-json\/wp\/v2\/posts"}],"about":[{"href":"https:\/\/www.uaga.eus\/eu\/wp-json\/wp\/v2\/types\/post"}],"author":[{"embeddable":true,"href":"https:\/\/www.uaga.eus\/eu\/wp-json\/wp\/v2\/users\/4"}],"replies":[{"embeddable":true,"href":"https:\/\/www.uaga.eus\/eu\/wp-json\/wp\/v2\/comments?post=6024"}],"version-history":[{"count":4,"href":"https:\/\/www.uaga.eus\/eu\/wp-json\/wp\/v2\/posts\/6024\/revisions"}],"predecessor-version":[{"id":6051,"href":"https:\/\/www.uaga.eus\/eu\/wp-json\/wp\/v2\/posts\/6024\/revisions\/6051"}],"wp:featuredmedia":[{"embeddable":true,"href":"https:\/\/www.uaga.eus\/eu\/wp-json\/wp\/v2\/media\/6016"}],"wp:attachment":[{"href":"https:\/\/www.uaga.eus\/eu\/wp-json\/wp\/v2\/media?parent=6024"}],"wp:term":[{"taxonomy":"category","embeddable":true,"href":"https:\/\/www.uaga.eus\/eu\/wp-json\/wp\/v2\/categories?post=6024"},{"taxonomy":"post_tag","embeddable":true,"href":"https:\/\/www.uaga.eus\/eu\/wp-json\/wp\/v2\/tags?post=6024"}],"curies":[{"name":"wp","href":"https:\/\/api.w.org\/{rel}","templated":true}]}}