{"id":6022,"date":"2019-05-10T11:57:59","date_gmt":"2019-05-10T11:57:59","guid":{"rendered":"https:\/\/www.uaga.eus\/?p=6022"},"modified":"2019-05-10T21:09:29","modified_gmt":"2019-05-10T21:09:29","slug":"feria-agroecologica-en-el-campus-de-alava-el-14-de-mayo","status":"publish","type":"post","link":"https:\/\/www.uaga.eus\/eu\/feria-agroecologica-en-el-campus-de-alava-el-14-de-mayo\/","title":{"rendered":"3\u00aa Feria Agroecol\u00f3gica de \u00c1lava, el 14 de mayo en Vitoria-Gasteiz"},"content":{"rendered":"<p>Un grupo de profesores del Campus Universitario de \u00c1lava ha organizado el 14 de mayo, la 3\u00aa edici\u00f3n de la Feria Agroecol\u00f3gica, con el objetivo de contar con un\u00a0lugar de encuentro para caminar hacia un modelo alimentario m\u00e1s sostenible.<\/p>\n<p>Aunque la Feria y las charlas est\u00e1n pensadas para estudiantes y profesores del Campus, est\u00e1n abiertas al p\u00fablico en general.<\/p>\n<p>Habr\u00e1 tambi\u00e9n degustaciones, catas y espacios para conocer\u00a0l\u00edneas de investigaci\u00f3n sobre alimentaci\u00f3n y agroecolog\u00eda.<\/p>\n<p>Puedes ver el programa completo <a href=\"https:\/\/gallery.mailchimp.com\/498b950ccfc4b8d0e600d7e48\/files\/ab4baf35-d602-4bcc-96c8-1e742539a0d9\/Programa_14_mayo.pdf\" target=\"_blank\" rel=\"noopener\" data-cke-saved-href=\"https:\/\/gallery.mailchimp.com\/498b950ccfc4b8d0e600d7e48\/files\/ab4baf35-d602-4bcc-96c8-1e742539a0d9\/Programa_14_mayo.pdf\">aqu\u00ed<\/a>.<\/p>\n","protected":false},"excerpt":{"rendered":"<p>Un grupo de profesores del Campus Universitario de \u00c1lava ha organizado el 14 de mayo, la 3\u00aa edici\u00f3n de la Feria Agroecol\u00f3gica, con el objetivo de contar con un\u00a0lugar de encuentro para caminar hacia un modelo alimentario m\u00e1s sostenible. Aunque la Feria y las charlas est\u00e1n pensadas para estudiantes y profesores del Campus, est\u00e1n abiertas [&hellip;]<\/p>\n","protected":false},"author":4,"featured_media":5691,"comment_status":"closed","ping_status":"closed","sticky":false,"template":"","format":"standard","meta":{"footnotes":""},"categories":[10],"tags":[],"yoast_head":"<!-- This site is optimized with the Yoast SEO plugin v21.5 - https:\/\/yoast.com\/wordpress\/plugins\/seo\/ -->\n<title>3\u00aa Feria Agroecol\u00f3gica de \u00c1lava, el 14 de mayo en Vitoria-Gasteiz - UAGA<\/title>\n<meta name=\"robots\" content=\"index, follow, max-snippet:-1, max-image-preview:large, max-video-preview:-1\" \/>\n<link rel=\"canonical\" href=\"https:\/\/www.uaga.eus\/feria-agroecologica-en-el-campus-de-alava-el-14-de-mayo\/\" \/>\n<meta property=\"og:locale\" content=\"en_US\" \/>\n<meta property=\"og:type\" content=\"article\" \/>\n<meta property=\"og:title\" content=\"3\u00aa Feria Agroecol\u00f3gica de \u00c1lava, el 14 de mayo en Vitoria-Gasteiz - UAGA\" \/>\n<meta property=\"og:description\" content=\"Un grupo de profesores del Campus Universitario de \u00c1lava ha organizado el 14 de mayo, la 3\u00aa edici\u00f3n de la Feria Agroecol\u00f3gica, con el objetivo de contar con un\u00a0lugar de encuentro para caminar hacia un modelo alimentario m\u00e1s sostenible. Aunque la Feria y las charlas est\u00e1n pensadas para estudiantes y profesores del Campus, est\u00e1n abiertas [&hellip;]\" \/>\n<meta property=\"og:url\" content=\"https:\/\/www.uaga.eus\/feria-agroecologica-en-el-campus-de-alava-el-14-de-mayo\/\" \/>\n<meta property=\"og:site_name\" content=\"UAGA\" \/>\n<meta property=\"article:published_time\" content=\"2019-05-10T11:57:59+00:00\" \/>\n<meta property=\"article:modified_time\" content=\"2019-05-10T21:09:29+00:00\" \/>\n<meta property=\"og:image\" content=\"https:\/\/www.uaga.eus\/wp-content\/uploads\/2019\/02\/huerto-ecologico-campus-araba-e1549631640450.jpg\" \/>\n\t<meta property=\"og:image:width\" content=\"700\" \/>\n\t<meta property=\"og:image:height\" content=\"253\" \/>\n\t<meta property=\"og:image:type\" content=\"image\/jpeg\" \/>\n<meta name=\"author\" content=\"Blanca S\u00e1nchez\" \/>\n<meta name=\"twitter:card\" content=\"summary_large_image\" \/>\n<meta name=\"twitter:label1\" content=\"Written by\" \/>\n\t<meta name=\"twitter:data1\" content=\"Blanca S\u00e1nchez\" \/>\n<script type=\"application\/ld+json\" class=\"yoast-schema-graph\">{\"@context\":\"https:\/\/schema.org\",\"@graph\":[{\"@type\":\"WebPage\",\"@id\":\"https:\/\/www.uaga.eus\/feria-agroecologica-en-el-campus-de-alava-el-14-de-mayo\/\",\"url\":\"https:\/\/www.uaga.eus\/feria-agroecologica-en-el-campus-de-alava-el-14-de-mayo\/\",\"name\":\"3\u00aa Feria Agroecol\u00f3gica de \u00c1lava, el 14 de mayo en Vitoria-Gasteiz - UAGA\",\"isPartOf\":{\"@id\":\"https:\/\/www.uaga.eus\/#website\"},\"datePublished\":\"2019-05-10T11:57:59+00:00\",\"dateModified\":\"2019-05-10T21:09:29+00:00\",\"author\":{\"@id\":\"https:\/\/www.uaga.eus\/#\/schema\/person\/48c3cbf0f33d1b788226dbb6518689cf\"},\"breadcrumb\":{\"@id\":\"https:\/\/www.uaga.eus\/feria-agroecologica-en-el-campus-de-alava-el-14-de-mayo\/#breadcrumb\"},\"inLanguage\":\"eu\",\"potentialAction\":[{\"@type\":\"ReadAction\",\"target\":[\"https:\/\/www.uaga.eus\/feria-agroecologica-en-el-campus-de-alava-el-14-de-mayo\/\"]}]},{\"@type\":\"BreadcrumbList\",\"@id\":\"https:\/\/www.uaga.eus\/feria-agroecologica-en-el-campus-de-alava-el-14-de-mayo\/#breadcrumb\",\"itemListElement\":[{\"@type\":\"ListItem\",\"position\":1,\"name\":\"Inicio\",\"item\":\"https:\/\/www.uaga.eus\/\"},{\"@type\":\"ListItem\",\"position\":2,\"name\":\"3\u00aa Feria Agroecol\u00f3gica de \u00c1lava, el 14 de mayo en Vitoria-Gasteiz\"}]},{\"@type\":\"WebSite\",\"@id\":\"https:\/\/www.uaga.eus\/#website\",\"url\":\"https:\/\/www.uaga.eus\/\",\"name\":\"UAGA\",\"description\":\"Uni\u00f3n Agroganadera de \u00c1lava - Araba Nekazarien Elkartea\",\"potentialAction\":[{\"@type\":\"SearchAction\",\"target\":{\"@type\":\"EntryPoint\",\"urlTemplate\":\"https:\/\/www.uaga.eus\/?s={search_term_string}\"},\"query-input\":\"required name=search_term_string\"}],\"inLanguage\":\"eu\"},{\"@type\":\"Person\",\"@id\":\"https:\/\/www.uaga.eus\/#\/schema\/person\/48c3cbf0f33d1b788226dbb6518689cf\",\"name\":\"Blanca S\u00e1nchez\",\"image\":{\"@type\":\"ImageObject\",\"inLanguage\":\"eu\",\"@id\":\"https:\/\/www.uaga.eus\/#\/schema\/person\/image\/\",\"url\":\"https:\/\/secure.gravatar.com\/avatar\/0dc91c20648254b1ce84877283f6751b?s=96&d=mm&r=g\",\"contentUrl\":\"https:\/\/secure.gravatar.com\/avatar\/0dc91c20648254b1ce84877283f6751b?s=96&d=mm&r=g\",\"caption\":\"Blanca S\u00e1nchez\"},\"url\":\"https:\/\/www.uaga.eus\/eu\/author\/bsanchez\/\"}]}<\/script>\n<!-- \/ Yoast SEO plugin. -->","yoast_head_json":{"title":"3\u00aa Feria Agroecol\u00f3gica de \u00c1lava, el 14 de mayo en Vitoria-Gasteiz - UAGA","robots":{"index":"index","follow":"follow","max-snippet":"max-snippet:-1","max-image-preview":"max-image-preview:large","max-video-preview":"max-video-preview:-1"},"canonical":"https:\/\/www.uaga.eus\/feria-agroecologica-en-el-campus-de-alava-el-14-de-mayo\/","og_locale":"en_US","og_type":"article","og_title":"3\u00aa Feria Agroecol\u00f3gica de \u00c1lava, el 14 de mayo en Vitoria-Gasteiz - UAGA","og_description":"Un grupo de profesores del Campus Universitario de \u00c1lava ha organizado el 14 de mayo, la 3\u00aa edici\u00f3n de la Feria Agroecol\u00f3gica, con el objetivo de contar con un\u00a0lugar de encuentro para caminar hacia un modelo alimentario m\u00e1s sostenible. Aunque la Feria y las charlas est\u00e1n pensadas para estudiantes y profesores del Campus, est\u00e1n abiertas [&hellip;]","og_url":"https:\/\/www.uaga.eus\/feria-agroecologica-en-el-campus-de-alava-el-14-de-mayo\/","og_site_name":"UAGA","article_published_time":"2019-05-10T11:57:59+00:00","article_modified_time":"2019-05-10T21:09:29+00:00","og_image":[{"width":700,"height":253,"url":"https:\/\/www.uaga.eus\/wp-content\/uploads\/2019\/02\/huerto-ecologico-campus-araba-e1549631640450.jpg","type":"image\/jpeg"}],"author":"Blanca S\u00e1nchez","twitter_card":"summary_large_image","twitter_misc":{"Written by":"Blanca S\u00e1nchez"},"schema":{"@context":"https:\/\/schema.org","@graph":[{"@type":"WebPage","@id":"https:\/\/www.uaga.eus\/feria-agroecologica-en-el-campus-de-alava-el-14-de-mayo\/","url":"https:\/\/www.uaga.eus\/feria-agroecologica-en-el-campus-de-alava-el-14-de-mayo\/","name":"3\u00aa Feria Agroecol\u00f3gica de \u00c1lava, el 14 de mayo en Vitoria-Gasteiz - UAGA","isPartOf":{"@id":"https:\/\/www.uaga.eus\/#website"},"datePublished":"2019-05-10T11:57:59+00:00","dateModified":"2019-05-10T21:09:29+00:00","author":{"@id":"https:\/\/www.uaga.eus\/#\/schema\/person\/48c3cbf0f33d1b788226dbb6518689cf"},"breadcrumb":{"@id":"https:\/\/www.uaga.eus\/feria-agroecologica-en-el-campus-de-alava-el-14-de-mayo\/#breadcrumb"},"inLanguage":"eu","potentialAction":[{"@type":"ReadAction","target":["https:\/\/www.uaga.eus\/feria-agroecologica-en-el-campus-de-alava-el-14-de-mayo\/"]}]},{"@type":"BreadcrumbList","@id":"https:\/\/www.uaga.eus\/feria-agroecologica-en-el-campus-de-alava-el-14-de-mayo\/#breadcrumb","itemListElement":[{"@type":"ListItem","position":1,"name":"Inicio","item":"https:\/\/www.uaga.eus\/"},{"@type":"ListItem","position":2,"name":"3\u00aa Feria Agroecol\u00f3gica de \u00c1lava, el 14 de mayo en Vitoria-Gasteiz"}]},{"@type":"WebSite","@id":"https:\/\/www.uaga.eus\/#website","url":"https:\/\/www.uaga.eus\/","name":"UAGA","description":"Uni\u00f3n Agroganadera de \u00c1lava - Araba Nekazarien Elkartea","potentialAction":[{"@type":"SearchAction","target":{"@type":"EntryPoint","urlTemplate":"https:\/\/www.uaga.eus\/?s={search_term_string}"},"query-input":"required name=search_term_string"}],"inLanguage":"eu"},{"@type":"Person","@id":"https:\/\/www.uaga.eus\/#\/schema\/person\/48c3cbf0f33d1b788226dbb6518689cf","name":"Blanca S\u00e1nchez","image":{"@type":"ImageObject","inLanguage":"eu","@id":"https:\/\/www.uaga.eus\/#\/schema\/person\/image\/","url":"https:\/\/secure.gravatar.com\/avatar\/0dc91c20648254b1ce84877283f6751b?s=96&d=mm&r=g","contentUrl":"https:\/\/secure.gravatar.com\/avatar\/0dc91c20648254b1ce84877283f6751b?s=96&d=mm&r=g","caption":"Blanca S\u00e1nchez"},"url":"https:\/\/www.uaga.eus\/eu\/author\/bsanchez\/"}]}},"_links":{"self":[{"href":"https:\/\/www.uaga.eus\/eu\/wp-json\/wp\/v2\/posts\/6022"}],"collection":[{"href":"https:\/\/www.uaga.eus\/eu\/wp-json\/wp\/v2\/posts"}],"about":[{"href":"https:\/\/www.uaga.eus\/eu\/wp-json\/wp\/v2\/types\/post"}],"author":[{"embeddable":true,"href":"https:\/\/www.uaga.eus\/eu\/wp-json\/wp\/v2\/users\/4"}],"replies":[{"embeddable":true,"href":"https:\/\/www.uaga.eus\/eu\/wp-json\/wp\/v2\/comments?post=6022"}],"version-history":[{"count":3,"href":"https:\/\/www.uaga.eus\/eu\/wp-json\/wp\/v2\/posts\/6022\/revisions"}],"predecessor-version":[{"id":6053,"href":"https:\/\/www.uaga.eus\/eu\/wp-json\/wp\/v2\/posts\/6022\/revisions\/6053"}],"wp:featuredmedia":[{"embeddable":true,"href":"https:\/\/www.uaga.eus\/eu\/wp-json\/wp\/v2\/media\/5691"}],"wp:attachment":[{"href":"https:\/\/www.uaga.eus\/eu\/wp-json\/wp\/v2\/media?parent=6022"}],"wp:term":[{"taxonomy":"category","embeddable":true,"href":"https:\/\/www.uaga.eus\/eu\/wp-json\/wp\/v2\/categories?post=6022"},{"taxonomy":"post_tag","embeddable":true,"href":"https:\/\/www.uaga.eus\/eu\/wp-json\/wp\/v2\/tags?post=6022"}],"curies":[{"name":"wp","href":"https:\/\/api.w.org\/{rel}","templated":true}]}}