{"id":6008,"date":"2019-04-26T10:00:34","date_gmt":"2019-04-26T10:00:34","guid":{"rendered":"https:\/\/www.uaga.eus\/?p=6008"},"modified":"2019-04-30T07:48:33","modified_gmt":"2019-04-30T07:48:33","slug":"las-juntas-generales-de-alava-instan-a-la-diputacion-foral-a-modificar-las-ayudas-de-icms-en-el-proximo-pdr","status":"publish","type":"post","link":"https:\/\/www.uaga.eus\/eu\/las-juntas-generales-de-alava-instan-a-la-diputacion-foral-a-modificar-las-ayudas-de-icms-en-el-proximo-pdr\/","title":{"rendered":"Las Juntas Generales de \u00c1lava instan a la Diputaci\u00f3n Foral a modificar las ayudas de ICMs en el pr\u00f3ximo PDR"},"content":{"rendered":"<p>El 28 de marzo se aprob\u00f3 en las JJGG una moci\u00f3n sobre las ayudas de indemnizaci\u00f3n compensatoria en zonas de monta\u00f1a. Esta moci\u00f3n exige a las administraciones competentes a negociar una nueva delimitaci\u00f3n de zonas beneficiarias a nivel de t\u00e9rmino concejil, as\u00ed como nuevos criterios adaptados a la realidad f\u00edsica y agron\u00f3mica de \u00c1lava.<\/p>\n<p>Junto con esto, se solicita dotar una suficiente partida presupuestaria para esta ayuda teniendo en cuenta de que se trata de una ayuda de gran importancia para evitar el despoblamiento en \u00c1lava.<br \/>\nPuedes consultar la moci\u00f3n en el siguiente enlace.<\/p>\n<p>+info \u00a0Sugoi: 675707696<\/p>","protected":false},"excerpt":{"rendered":"<p>El 28 de marzo se aprob\u00f3 en las JJGG una moci\u00f3n sobre las ayudas de indemnizaci\u00f3n compensatoria en zonas de monta\u00f1a. Esta moci\u00f3n exige a las administraciones competentes a negociar una nueva delimitaci\u00f3n de zonas beneficiarias a nivel de t\u00e9rmino concejil, as\u00ed como nuevos criterios adaptados a la realidad f\u00edsica y agron\u00f3mica de \u00c1lava. Junto [&hellip;]<\/p>\n","protected":false},"author":4,"featured_media":1943,"comment_status":"closed","ping_status":"closed","sticky":false,"template":"","format":"standard","meta":{"footnotes":""},"categories":[5],"tags":[],"yoast_head":"<!-- This site is optimized with the Yoast SEO plugin v21.5 - https:\/\/yoast.com\/wordpress\/plugins\/seo\/ -->\n<title>Las Juntas Generales de \u00c1lava instan a la Diputaci\u00f3n Foral a modificar las ayudas de ICMs en el pr\u00f3ximo PDR - UAGA<\/title>\n<meta name=\"robots\" content=\"index, follow, max-snippet:-1, max-image-preview:large, max-video-preview:-1\" \/>\n<link rel=\"canonical\" href=\"https:\/\/www.uaga.eus\/eu\/las-juntas-generales-de-alava-instan-a-la-diputacion-foral-a-modificar-las-ayudas-de-icms-en-el-proximo-pdr\/\" \/>\n<meta property=\"og:locale\" content=\"en_US\" \/>\n<meta property=\"og:type\" content=\"article\" \/>\n<meta property=\"og:title\" content=\"Las Juntas Generales de \u00c1lava instan a la Diputaci\u00f3n Foral a modificar las ayudas de ICMs en el pr\u00f3ximo PDR - UAGA\" \/>\n<meta property=\"og:description\" content=\"El 28 de marzo se aprob\u00f3 en las JJGG una moci\u00f3n sobre las ayudas de indemnizaci\u00f3n compensatoria en zonas de monta\u00f1a. Esta moci\u00f3n exige a las administraciones competentes a negociar una nueva delimitaci\u00f3n de zonas beneficiarias a nivel de t\u00e9rmino concejil, as\u00ed como nuevos criterios adaptados a la realidad f\u00edsica y agron\u00f3mica de \u00c1lava. Junto [&hellip;]\" \/>\n<meta property=\"og:url\" content=\"https:\/\/www.uaga.eus\/eu\/las-juntas-generales-de-alava-instan-a-la-diputacion-foral-a-modificar-las-ayudas-de-icms-en-el-proximo-pdr\/\" \/>\n<meta property=\"og:site_name\" content=\"UAGA\" \/>\n<meta property=\"article:published_time\" content=\"2019-04-26T10:00:34+00:00\" \/>\n<meta property=\"article:modified_time\" content=\"2019-04-30T07:48:33+00:00\" \/>\n<meta property=\"og:image\" content=\"https:\/\/www.uaga.eus\/wp-content\/uploads\/2018\/03\/Izki.jpg\" \/>\n\t<meta property=\"og:image:width\" content=\"700\" \/>\n\t<meta property=\"og:image:height\" content=\"425\" \/>\n\t<meta property=\"og:image:type\" content=\"image\/jpeg\" \/>\n<meta name=\"author\" content=\"Blanca S\u00e1nchez\" \/>\n<meta name=\"twitter:card\" content=\"summary_large_image\" \/>\n<meta name=\"twitter:label1\" content=\"Written by\" \/>\n\t<meta name=\"twitter:data1\" content=\"Blanca S\u00e1nchez\" \/>\n\t<meta name=\"twitter:label2\" content=\"Est. reading time\" \/>\n\t<meta name=\"twitter:data2\" content=\"1 minutua\" \/>\n<script type=\"application\/ld+json\" class=\"yoast-schema-graph\">{\"@context\":\"https:\/\/schema.org\",\"@graph\":[{\"@type\":\"WebPage\",\"@id\":\"https:\/\/www.uaga.eus\/eu\/las-juntas-generales-de-alava-instan-a-la-diputacion-foral-a-modificar-las-ayudas-de-icms-en-el-proximo-pdr\/\",\"url\":\"https:\/\/www.uaga.eus\/eu\/las-juntas-generales-de-alava-instan-a-la-diputacion-foral-a-modificar-las-ayudas-de-icms-en-el-proximo-pdr\/\",\"name\":\"Las Juntas Generales de \u00c1lava instan a la Diputaci\u00f3n Foral a modificar las ayudas de ICMs en el pr\u00f3ximo PDR - UAGA\",\"isPartOf\":{\"@id\":\"https:\/\/www.uaga.eus\/#website\"},\"datePublished\":\"2019-04-26T10:00:34+00:00\",\"dateModified\":\"2019-04-30T07:48:33+00:00\",\"author\":{\"@id\":\"https:\/\/www.uaga.eus\/#\/schema\/person\/48c3cbf0f33d1b788226dbb6518689cf\"},\"breadcrumb\":{\"@id\":\"https:\/\/www.uaga.eus\/eu\/las-juntas-generales-de-alava-instan-a-la-diputacion-foral-a-modificar-las-ayudas-de-icms-en-el-proximo-pdr\/#breadcrumb\"},\"inLanguage\":\"eu\",\"potentialAction\":[{\"@type\":\"ReadAction\",\"target\":[\"https:\/\/www.uaga.eus\/eu\/las-juntas-generales-de-alava-instan-a-la-diputacion-foral-a-modificar-las-ayudas-de-icms-en-el-proximo-pdr\/\"]}]},{\"@type\":\"BreadcrumbList\",\"@id\":\"https:\/\/www.uaga.eus\/eu\/las-juntas-generales-de-alava-instan-a-la-diputacion-foral-a-modificar-las-ayudas-de-icms-en-el-proximo-pdr\/#breadcrumb\",\"itemListElement\":[{\"@type\":\"ListItem\",\"position\":1,\"name\":\"Inicio\",\"item\":\"https:\/\/www.uaga.eus\/\"},{\"@type\":\"ListItem\",\"position\":2,\"name\":\"Las Juntas Generales de \u00c1lava instan a la Diputaci\u00f3n Foral a modificar las ayudas de ICMs en el pr\u00f3ximo PDR\"}]},{\"@type\":\"WebSite\",\"@id\":\"https:\/\/www.uaga.eus\/#website\",\"url\":\"https:\/\/www.uaga.eus\/\",\"name\":\"UAGA\",\"description\":\"Uni\u00f3n Agroganadera de \u00c1lava - Araba Nekazarien Elkartea\",\"potentialAction\":[{\"@type\":\"SearchAction\",\"target\":{\"@type\":\"EntryPoint\",\"urlTemplate\":\"https:\/\/www.uaga.eus\/?s={search_term_string}\"},\"query-input\":\"required name=search_term_string\"}],\"inLanguage\":\"eu\"},{\"@type\":\"Person\",\"@id\":\"https:\/\/www.uaga.eus\/#\/schema\/person\/48c3cbf0f33d1b788226dbb6518689cf\",\"name\":\"Blanca S\u00e1nchez\",\"image\":{\"@type\":\"ImageObject\",\"inLanguage\":\"eu\",\"@id\":\"https:\/\/www.uaga.eus\/#\/schema\/person\/image\/\",\"url\":\"https:\/\/secure.gravatar.com\/avatar\/0dc91c20648254b1ce84877283f6751b?s=96&d=mm&r=g\",\"contentUrl\":\"https:\/\/secure.gravatar.com\/avatar\/0dc91c20648254b1ce84877283f6751b?s=96&d=mm&r=g\",\"caption\":\"Blanca S\u00e1nchez\"},\"url\":\"https:\/\/www.uaga.eus\/eu\/author\/bsanchez\/\"}]}<\/script>\n<!-- \/ Yoast SEO plugin. -->","yoast_head_json":{"title":"Las Juntas Generales de \u00c1lava instan a la Diputaci\u00f3n Foral a modificar las ayudas de ICMs en el pr\u00f3ximo PDR - UAGA","robots":{"index":"index","follow":"follow","max-snippet":"max-snippet:-1","max-image-preview":"max-image-preview:large","max-video-preview":"max-video-preview:-1"},"canonical":"https:\/\/www.uaga.eus\/eu\/las-juntas-generales-de-alava-instan-a-la-diputacion-foral-a-modificar-las-ayudas-de-icms-en-el-proximo-pdr\/","og_locale":"en_US","og_type":"article","og_title":"Las Juntas Generales de \u00c1lava instan a la Diputaci\u00f3n Foral a modificar las ayudas de ICMs en el pr\u00f3ximo PDR - UAGA","og_description":"El 28 de marzo se aprob\u00f3 en las JJGG una moci\u00f3n sobre las ayudas de indemnizaci\u00f3n compensatoria en zonas de monta\u00f1a. Esta moci\u00f3n exige a las administraciones competentes a negociar una nueva delimitaci\u00f3n de zonas beneficiarias a nivel de t\u00e9rmino concejil, as\u00ed como nuevos criterios adaptados a la realidad f\u00edsica y agron\u00f3mica de \u00c1lava. Junto [&hellip;]","og_url":"https:\/\/www.uaga.eus\/eu\/las-juntas-generales-de-alava-instan-a-la-diputacion-foral-a-modificar-las-ayudas-de-icms-en-el-proximo-pdr\/","og_site_name":"UAGA","article_published_time":"2019-04-26T10:00:34+00:00","article_modified_time":"2019-04-30T07:48:33+00:00","og_image":[{"width":700,"height":425,"url":"https:\/\/www.uaga.eus\/wp-content\/uploads\/2018\/03\/Izki.jpg","type":"image\/jpeg"}],"author":"Blanca S\u00e1nchez","twitter_card":"summary_large_image","twitter_misc":{"Written by":"Blanca S\u00e1nchez","Est. reading time":"1 minutua"},"schema":{"@context":"https:\/\/schema.org","@graph":[{"@type":"WebPage","@id":"https:\/\/www.uaga.eus\/eu\/las-juntas-generales-de-alava-instan-a-la-diputacion-foral-a-modificar-las-ayudas-de-icms-en-el-proximo-pdr\/","url":"https:\/\/www.uaga.eus\/eu\/las-juntas-generales-de-alava-instan-a-la-diputacion-foral-a-modificar-las-ayudas-de-icms-en-el-proximo-pdr\/","name":"Las Juntas Generales de \u00c1lava instan a la Diputaci\u00f3n Foral a modificar las ayudas de ICMs en el pr\u00f3ximo PDR - UAGA","isPartOf":{"@id":"https:\/\/www.uaga.eus\/#website"},"datePublished":"2019-04-26T10:00:34+00:00","dateModified":"2019-04-30T07:48:33+00:00","author":{"@id":"https:\/\/www.uaga.eus\/#\/schema\/person\/48c3cbf0f33d1b788226dbb6518689cf"},"breadcrumb":{"@id":"https:\/\/www.uaga.eus\/eu\/las-juntas-generales-de-alava-instan-a-la-diputacion-foral-a-modificar-las-ayudas-de-icms-en-el-proximo-pdr\/#breadcrumb"},"inLanguage":"eu","potentialAction":[{"@type":"ReadAction","target":["https:\/\/www.uaga.eus\/eu\/las-juntas-generales-de-alava-instan-a-la-diputacion-foral-a-modificar-las-ayudas-de-icms-en-el-proximo-pdr\/"]}]},{"@type":"BreadcrumbList","@id":"https:\/\/www.uaga.eus\/eu\/las-juntas-generales-de-alava-instan-a-la-diputacion-foral-a-modificar-las-ayudas-de-icms-en-el-proximo-pdr\/#breadcrumb","itemListElement":[{"@type":"ListItem","position":1,"name":"Inicio","item":"https:\/\/www.uaga.eus\/"},{"@type":"ListItem","position":2,"name":"Las Juntas Generales de \u00c1lava instan a la Diputaci\u00f3n Foral a modificar las ayudas de ICMs en el pr\u00f3ximo PDR"}]},{"@type":"WebSite","@id":"https:\/\/www.uaga.eus\/#website","url":"https:\/\/www.uaga.eus\/","name":"UAGA","description":"Uni\u00f3n Agroganadera de \u00c1lava - Araba Nekazarien Elkartea","potentialAction":[{"@type":"SearchAction","target":{"@type":"EntryPoint","urlTemplate":"https:\/\/www.uaga.eus\/?s={search_term_string}"},"query-input":"required name=search_term_string"}],"inLanguage":"eu"},{"@type":"Person","@id":"https:\/\/www.uaga.eus\/#\/schema\/person\/48c3cbf0f33d1b788226dbb6518689cf","name":"Blanca S\u00e1nchez","image":{"@type":"ImageObject","inLanguage":"eu","@id":"https:\/\/www.uaga.eus\/#\/schema\/person\/image\/","url":"https:\/\/secure.gravatar.com\/avatar\/0dc91c20648254b1ce84877283f6751b?s=96&d=mm&r=g","contentUrl":"https:\/\/secure.gravatar.com\/avatar\/0dc91c20648254b1ce84877283f6751b?s=96&d=mm&r=g","caption":"Blanca S\u00e1nchez"},"url":"https:\/\/www.uaga.eus\/eu\/author\/bsanchez\/"}]}},"_links":{"self":[{"href":"https:\/\/www.uaga.eus\/eu\/wp-json\/wp\/v2\/posts\/6008"}],"collection":[{"href":"https:\/\/www.uaga.eus\/eu\/wp-json\/wp\/v2\/posts"}],"about":[{"href":"https:\/\/www.uaga.eus\/eu\/wp-json\/wp\/v2\/types\/post"}],"author":[{"embeddable":true,"href":"https:\/\/www.uaga.eus\/eu\/wp-json\/wp\/v2\/users\/4"}],"replies":[{"embeddable":true,"href":"https:\/\/www.uaga.eus\/eu\/wp-json\/wp\/v2\/comments?post=6008"}],"version-history":[{"count":2,"href":"https:\/\/www.uaga.eus\/eu\/wp-json\/wp\/v2\/posts\/6008\/revisions"}],"predecessor-version":[{"id":6011,"href":"https:\/\/www.uaga.eus\/eu\/wp-json\/wp\/v2\/posts\/6008\/revisions\/6011"}],"wp:featuredmedia":[{"embeddable":true,"href":"https:\/\/www.uaga.eus\/eu\/wp-json\/wp\/v2\/media\/1943"}],"wp:attachment":[{"href":"https:\/\/www.uaga.eus\/eu\/wp-json\/wp\/v2\/media?parent=6008"}],"wp:term":[{"taxonomy":"category","embeddable":true,"href":"https:\/\/www.uaga.eus\/eu\/wp-json\/wp\/v2\/categories?post=6008"},{"taxonomy":"post_tag","embeddable":true,"href":"https:\/\/www.uaga.eus\/eu\/wp-json\/wp\/v2\/tags?post=6008"}],"curies":[{"name":"wp","href":"https:\/\/api.w.org\/{rel}","templated":true}]}}