{"id":6005,"date":"2019-04-26T10:34:45","date_gmt":"2019-04-26T10:34:45","guid":{"rendered":"https:\/\/www.uaga.eus\/?p=6005"},"modified":"2019-04-26T10:34:57","modified_gmt":"2019-04-26T10:34:57","slug":"ponemos-en-marcha-la-comision-de-jovenes-de-uaga-animate-a-participar-en-la-reunion-del-proximo-9-de-mayo","status":"publish","type":"post","link":"https:\/\/www.uaga.eus\/eu\/ponemos-en-marcha-la-comision-de-jovenes-de-uaga-animate-a-participar-en-la-reunion-del-proximo-9-de-mayo\/","title":{"rendered":"Ponemos en marcha la COMISI\u00d3N DE J\u00d3VENES de UAGA. An\u00edmate a participar en la reuni\u00f3n del pr\u00f3ximo 9 de mayo"},"content":{"rendered":"<p>El 9 de mayo hemos organizado un encuentro entre j\u00f3venes de todos los sectores y comarcas de \u00c1lava para crear la Comisi\u00f3n de J\u00f3venes de UAGA.<\/p>\n<p>La incorporaci\u00f3n de j\u00f3venes al sector, fomentar su participaci\u00f3n en UAGA y el relevo generacional, es uno de nuestros objetivos estrat\u00e9gicos prioritarios desde hace varios a\u00f1os.<\/p>\n<p>En 2018 pusimos en marcha dos equipos, cada uno de ellos integrado por unos 20 j\u00f3venes, chicos y chicas, que empezaron a debatir la situaci\u00f3n actual del sector, la necesidad de incorporar j\u00f3venes para garantizar el futuro del mismo y qu\u00e9 papel debe desempe\u00f1ar UAGA para favorecer esta incorporaci\u00f3n, as\u00ed como las administraciones y resto de agentes implicados.<\/p>\n<p>En la \u00faltima reuni\u00f3n celebrada en marzo de 2019, seguimos debatiendo sobre los retos del sector y el grupo de j\u00f3venes que particip\u00f3 propuso constituir un Comit\u00e9 de J\u00f3venes de UAGA.<\/p>\n<p>La Comisi\u00f3n de J\u00f3venes de UAGA empezar\u00e1 por recoger las necesidades y propuestas de los j\u00f3venes y pondr\u00e1 en marcha las acciones que vayamos acordando. Queremos tambi\u00e9n fomentar las relaciones con los j\u00f3venes de COAG de otras comunidades y aprender unos de otros.<\/p>\n<p>Te animamos a participar en la reuni\u00f3n del 9 de mayo y tambi\u00e9n en la Comisi\u00f3n de J\u00f3venes que se crear\u00e1 pr\u00f3ximamente. Ll\u00e1manos para confirmar tu asistencia.<\/p>\n<p>+ info Gustavo: 635704865 \/\u00a0Sugoi: 675707696<\/p>\n","protected":false},"excerpt":{"rendered":"<p>El 9 de mayo hemos organizado un encuentro entre j\u00f3venes de todos los sectores y comarcas de \u00c1lava para crear la Comisi\u00f3n de J\u00f3venes de UAGA. La incorporaci\u00f3n de j\u00f3venes al sector, fomentar su participaci\u00f3n en UAGA y el relevo generacional, es uno de nuestros objetivos estrat\u00e9gicos prioritarios desde hace varios a\u00f1os. En 2018 pusimos [&hellip;]<\/p>\n","protected":false},"author":4,"featured_media":5816,"comment_status":"closed","ping_status":"closed","sticky":false,"template":"","format":"standard","meta":{"footnotes":""},"categories":[3],"tags":[],"yoast_head":"<!-- This site is optimized with the Yoast SEO plugin v21.5 - https:\/\/yoast.com\/wordpress\/plugins\/seo\/ -->\n<title>Ponemos en marcha la COMISI\u00d3N DE J\u00d3VENES de UAGA. An\u00edmate a participar en la reuni\u00f3n del pr\u00f3ximo 9 de mayo - UAGA<\/title>\n<meta name=\"robots\" content=\"index, follow, max-snippet:-1, max-image-preview:large, max-video-preview:-1\" \/>\n<link rel=\"canonical\" href=\"https:\/\/www.uaga.eus\/ponemos-en-marcha-la-comision-de-jovenes-de-uaga-animate-a-participar-en-la-reunion-del-proximo-9-de-mayo\/\" \/>\n<meta property=\"og:locale\" content=\"en_US\" \/>\n<meta property=\"og:type\" content=\"article\" \/>\n<meta property=\"og:title\" content=\"Ponemos en marcha la COMISI\u00d3N DE J\u00d3VENES de UAGA. An\u00edmate a participar en la reuni\u00f3n del pr\u00f3ximo 9 de mayo - UAGA\" \/>\n<meta property=\"og:description\" content=\"El 9 de mayo hemos organizado un encuentro entre j\u00f3venes de todos los sectores y comarcas de \u00c1lava para crear la Comisi\u00f3n de J\u00f3venes de UAGA. La incorporaci\u00f3n de j\u00f3venes al sector, fomentar su participaci\u00f3n en UAGA y el relevo generacional, es uno de nuestros objetivos estrat\u00e9gicos prioritarios desde hace varios a\u00f1os. En 2018 pusimos [&hellip;]\" \/>\n<meta property=\"og:url\" content=\"https:\/\/www.uaga.eus\/ponemos-en-marcha-la-comision-de-jovenes-de-uaga-animate-a-participar-en-la-reunion-del-proximo-9-de-mayo\/\" \/>\n<meta property=\"og:site_name\" content=\"UAGA\" \/>\n<meta property=\"article:published_time\" content=\"2019-04-26T10:34:45+00:00\" \/>\n<meta property=\"article:modified_time\" content=\"2019-04-26T10:34:57+00:00\" \/>\n<meta property=\"og:image\" content=\"https:\/\/www.uaga.eus\/wp-content\/uploads\/2019\/03\/jornada-jovenes.jpg\" \/>\n\t<meta property=\"og:image:width\" content=\"3894\" \/>\n\t<meta property=\"og:image:height\" content=\"1991\" \/>\n\t<meta property=\"og:image:type\" content=\"image\/jpeg\" \/>\n<meta name=\"author\" content=\"Blanca S\u00e1nchez\" \/>\n<meta name=\"twitter:card\" content=\"summary_large_image\" \/>\n<meta name=\"twitter:label1\" content=\"Written by\" \/>\n\t<meta name=\"twitter:data1\" content=\"Blanca S\u00e1nchez\" \/>\n\t<meta name=\"twitter:label2\" content=\"Est. reading time\" \/>\n\t<meta name=\"twitter:data2\" content=\"1 minutua\" \/>\n<script type=\"application\/ld+json\" class=\"yoast-schema-graph\">{\"@context\":\"https:\/\/schema.org\",\"@graph\":[{\"@type\":\"WebPage\",\"@id\":\"https:\/\/www.uaga.eus\/ponemos-en-marcha-la-comision-de-jovenes-de-uaga-animate-a-participar-en-la-reunion-del-proximo-9-de-mayo\/\",\"url\":\"https:\/\/www.uaga.eus\/ponemos-en-marcha-la-comision-de-jovenes-de-uaga-animate-a-participar-en-la-reunion-del-proximo-9-de-mayo\/\",\"name\":\"Ponemos en marcha la COMISI\u00d3N DE J\u00d3VENES de UAGA. An\u00edmate a participar en la reuni\u00f3n del pr\u00f3ximo 9 de mayo - UAGA\",\"isPartOf\":{\"@id\":\"https:\/\/www.uaga.eus\/#website\"},\"datePublished\":\"2019-04-26T10:34:45+00:00\",\"dateModified\":\"2019-04-26T10:34:57+00:00\",\"author\":{\"@id\":\"https:\/\/www.uaga.eus\/#\/schema\/person\/48c3cbf0f33d1b788226dbb6518689cf\"},\"breadcrumb\":{\"@id\":\"https:\/\/www.uaga.eus\/ponemos-en-marcha-la-comision-de-jovenes-de-uaga-animate-a-participar-en-la-reunion-del-proximo-9-de-mayo\/#breadcrumb\"},\"inLanguage\":\"eu\",\"potentialAction\":[{\"@type\":\"ReadAction\",\"target\":[\"https:\/\/www.uaga.eus\/ponemos-en-marcha-la-comision-de-jovenes-de-uaga-animate-a-participar-en-la-reunion-del-proximo-9-de-mayo\/\"]}]},{\"@type\":\"BreadcrumbList\",\"@id\":\"https:\/\/www.uaga.eus\/ponemos-en-marcha-la-comision-de-jovenes-de-uaga-animate-a-participar-en-la-reunion-del-proximo-9-de-mayo\/#breadcrumb\",\"itemListElement\":[{\"@type\":\"ListItem\",\"position\":1,\"name\":\"Inicio\",\"item\":\"https:\/\/www.uaga.eus\/\"},{\"@type\":\"ListItem\",\"position\":2,\"name\":\"Ponemos en marcha la COMISI\u00d3N DE J\u00d3VENES de UAGA. An\u00edmate a participar en la reuni\u00f3n del pr\u00f3ximo 9 de mayo\"}]},{\"@type\":\"WebSite\",\"@id\":\"https:\/\/www.uaga.eus\/#website\",\"url\":\"https:\/\/www.uaga.eus\/\",\"name\":\"UAGA\",\"description\":\"Uni\u00f3n Agroganadera de \u00c1lava - Araba Nekazarien Elkartea\",\"potentialAction\":[{\"@type\":\"SearchAction\",\"target\":{\"@type\":\"EntryPoint\",\"urlTemplate\":\"https:\/\/www.uaga.eus\/?s={search_term_string}\"},\"query-input\":\"required name=search_term_string\"}],\"inLanguage\":\"eu\"},{\"@type\":\"Person\",\"@id\":\"https:\/\/www.uaga.eus\/#\/schema\/person\/48c3cbf0f33d1b788226dbb6518689cf\",\"name\":\"Blanca S\u00e1nchez\",\"image\":{\"@type\":\"ImageObject\",\"inLanguage\":\"eu\",\"@id\":\"https:\/\/www.uaga.eus\/#\/schema\/person\/image\/\",\"url\":\"https:\/\/secure.gravatar.com\/avatar\/0dc91c20648254b1ce84877283f6751b?s=96&d=mm&r=g\",\"contentUrl\":\"https:\/\/secure.gravatar.com\/avatar\/0dc91c20648254b1ce84877283f6751b?s=96&d=mm&r=g\",\"caption\":\"Blanca S\u00e1nchez\"},\"url\":\"https:\/\/www.uaga.eus\/eu\/author\/bsanchez\/\"}]}<\/script>\n<!-- \/ Yoast SEO plugin. -->","yoast_head_json":{"title":"Ponemos en marcha la COMISI\u00d3N DE J\u00d3VENES de UAGA. An\u00edmate a participar en la reuni\u00f3n del pr\u00f3ximo 9 de mayo - UAGA","robots":{"index":"index","follow":"follow","max-snippet":"max-snippet:-1","max-image-preview":"max-image-preview:large","max-video-preview":"max-video-preview:-1"},"canonical":"https:\/\/www.uaga.eus\/ponemos-en-marcha-la-comision-de-jovenes-de-uaga-animate-a-participar-en-la-reunion-del-proximo-9-de-mayo\/","og_locale":"en_US","og_type":"article","og_title":"Ponemos en marcha la COMISI\u00d3N DE J\u00d3VENES de UAGA. An\u00edmate a participar en la reuni\u00f3n del pr\u00f3ximo 9 de mayo - UAGA","og_description":"El 9 de mayo hemos organizado un encuentro entre j\u00f3venes de todos los sectores y comarcas de \u00c1lava para crear la Comisi\u00f3n de J\u00f3venes de UAGA. La incorporaci\u00f3n de j\u00f3venes al sector, fomentar su participaci\u00f3n en UAGA y el relevo generacional, es uno de nuestros objetivos estrat\u00e9gicos prioritarios desde hace varios a\u00f1os. En 2018 pusimos [&hellip;]","og_url":"https:\/\/www.uaga.eus\/ponemos-en-marcha-la-comision-de-jovenes-de-uaga-animate-a-participar-en-la-reunion-del-proximo-9-de-mayo\/","og_site_name":"UAGA","article_published_time":"2019-04-26T10:34:45+00:00","article_modified_time":"2019-04-26T10:34:57+00:00","og_image":[{"width":3894,"height":1991,"url":"https:\/\/www.uaga.eus\/wp-content\/uploads\/2019\/03\/jornada-jovenes.jpg","type":"image\/jpeg"}],"author":"Blanca S\u00e1nchez","twitter_card":"summary_large_image","twitter_misc":{"Written by":"Blanca S\u00e1nchez","Est. reading time":"1 minutua"},"schema":{"@context":"https:\/\/schema.org","@graph":[{"@type":"WebPage","@id":"https:\/\/www.uaga.eus\/ponemos-en-marcha-la-comision-de-jovenes-de-uaga-animate-a-participar-en-la-reunion-del-proximo-9-de-mayo\/","url":"https:\/\/www.uaga.eus\/ponemos-en-marcha-la-comision-de-jovenes-de-uaga-animate-a-participar-en-la-reunion-del-proximo-9-de-mayo\/","name":"Ponemos en marcha la COMISI\u00d3N DE J\u00d3VENES de UAGA. An\u00edmate a participar en la reuni\u00f3n del pr\u00f3ximo 9 de mayo - UAGA","isPartOf":{"@id":"https:\/\/www.uaga.eus\/#website"},"datePublished":"2019-04-26T10:34:45+00:00","dateModified":"2019-04-26T10:34:57+00:00","author":{"@id":"https:\/\/www.uaga.eus\/#\/schema\/person\/48c3cbf0f33d1b788226dbb6518689cf"},"breadcrumb":{"@id":"https:\/\/www.uaga.eus\/ponemos-en-marcha-la-comision-de-jovenes-de-uaga-animate-a-participar-en-la-reunion-del-proximo-9-de-mayo\/#breadcrumb"},"inLanguage":"eu","potentialAction":[{"@type":"ReadAction","target":["https:\/\/www.uaga.eus\/ponemos-en-marcha-la-comision-de-jovenes-de-uaga-animate-a-participar-en-la-reunion-del-proximo-9-de-mayo\/"]}]},{"@type":"BreadcrumbList","@id":"https:\/\/www.uaga.eus\/ponemos-en-marcha-la-comision-de-jovenes-de-uaga-animate-a-participar-en-la-reunion-del-proximo-9-de-mayo\/#breadcrumb","itemListElement":[{"@type":"ListItem","position":1,"name":"Inicio","item":"https:\/\/www.uaga.eus\/"},{"@type":"ListItem","position":2,"name":"Ponemos en marcha la COMISI\u00d3N DE J\u00d3VENES de UAGA. An\u00edmate a participar en la reuni\u00f3n del pr\u00f3ximo 9 de mayo"}]},{"@type":"WebSite","@id":"https:\/\/www.uaga.eus\/#website","url":"https:\/\/www.uaga.eus\/","name":"UAGA","description":"Uni\u00f3n Agroganadera de \u00c1lava - Araba Nekazarien Elkartea","potentialAction":[{"@type":"SearchAction","target":{"@type":"EntryPoint","urlTemplate":"https:\/\/www.uaga.eus\/?s={search_term_string}"},"query-input":"required name=search_term_string"}],"inLanguage":"eu"},{"@type":"Person","@id":"https:\/\/www.uaga.eus\/#\/schema\/person\/48c3cbf0f33d1b788226dbb6518689cf","name":"Blanca S\u00e1nchez","image":{"@type":"ImageObject","inLanguage":"eu","@id":"https:\/\/www.uaga.eus\/#\/schema\/person\/image\/","url":"https:\/\/secure.gravatar.com\/avatar\/0dc91c20648254b1ce84877283f6751b?s=96&d=mm&r=g","contentUrl":"https:\/\/secure.gravatar.com\/avatar\/0dc91c20648254b1ce84877283f6751b?s=96&d=mm&r=g","caption":"Blanca S\u00e1nchez"},"url":"https:\/\/www.uaga.eus\/eu\/author\/bsanchez\/"}]}},"_links":{"self":[{"href":"https:\/\/www.uaga.eus\/eu\/wp-json\/wp\/v2\/posts\/6005"}],"collection":[{"href":"https:\/\/www.uaga.eus\/eu\/wp-json\/wp\/v2\/posts"}],"about":[{"href":"https:\/\/www.uaga.eus\/eu\/wp-json\/wp\/v2\/types\/post"}],"author":[{"embeddable":true,"href":"https:\/\/www.uaga.eus\/eu\/wp-json\/wp\/v2\/users\/4"}],"replies":[{"embeddable":true,"href":"https:\/\/www.uaga.eus\/eu\/wp-json\/wp\/v2\/comments?post=6005"}],"version-history":[{"count":2,"href":"https:\/\/www.uaga.eus\/eu\/wp-json\/wp\/v2\/posts\/6005\/revisions"}],"predecessor-version":[{"id":6007,"href":"https:\/\/www.uaga.eus\/eu\/wp-json\/wp\/v2\/posts\/6005\/revisions\/6007"}],"wp:featuredmedia":[{"embeddable":true,"href":"https:\/\/www.uaga.eus\/eu\/wp-json\/wp\/v2\/media\/5816"}],"wp:attachment":[{"href":"https:\/\/www.uaga.eus\/eu\/wp-json\/wp\/v2\/media?parent=6005"}],"wp:term":[{"taxonomy":"category","embeddable":true,"href":"https:\/\/www.uaga.eus\/eu\/wp-json\/wp\/v2\/categories?post=6005"},{"taxonomy":"post_tag","embeddable":true,"href":"https:\/\/www.uaga.eus\/eu\/wp-json\/wp\/v2\/tags?post=6005"}],"curies":[{"name":"wp","href":"https:\/\/api.w.org\/{rel}","templated":true}]}}