{"id":6003,"date":"2019-04-26T10:33:47","date_gmt":"2019-04-26T10:33:47","guid":{"rendered":"https:\/\/www.uaga.eus\/?p=6003"},"modified":"2019-04-26T10:33:47","modified_gmt":"2019-04-26T10:33:47","slug":"uaga-ha-celebrado-una-junta-del-sector-vitivinicola-esta-semana","status":"publish","type":"post","link":"https:\/\/www.uaga.eus\/eu\/uaga-ha-celebrado-una-junta-del-sector-vitivinicola-esta-semana\/","title":{"rendered":"UAGA ha celebrado una Junta del sector vitivin\u00edcola esta semana"},"content":{"rendered":"<p>Este martes se ha celebrado una reuni\u00f3n de la Junta del sector vitivin\u00edcola en la que se ha informado de los \u00faltimos temas tratados en el Consejo Regulador y en el Organizaci\u00f3n Interprofesional \u2013 OIPVR. Uno de ellos fue la puesta en marcha por parte del Consejo de una nueva aplicaci\u00f3n inform\u00e1tica para el control del vino en las bodegas. La Junta manifest\u00f3 su preocupaci\u00f3n por la dificultad que esta herramienta puede suponer para las peque\u00f1as bodegas y cosecheros.<\/p>\n<p>Respecto de la OIPVR, se inform\u00f3 de que el 12 de abril se celebraron la Junta y Asamblea ordinaria en las que se presentaron y aprobaron las cuentas del 2018 y los presupuestos del a\u00f1o 2019. Tambi\u00e9n se acord\u00f3 que las organizaciones y asociaciones env\u00eden sus propuestas de modificaci\u00f3n del sistema de renovaci\u00f3n de la organizaci\u00f3n, \u00a0para poder acordar posibles cambios antes del siguiente proceso de renovaci\u00f3n, previsto para el a\u00f1o 2021.<\/p>\n<p>Por \u00faltimo,se inform\u00f3 de que este a\u00f1o UAGA organiza la Jornada de J\u00f3venes de COAG que se celebrar\u00e1 en \u00c1lava el fin de semana del 31 de mayo.\u00a0Se aprovechar\u00e1 para que las personas j\u00f3venes que vengan de todas las comarcas del Estado puedan conocer la comarca de Rioja Alavesa, para lo que se facilitar\u00e1 un encuentro con los j\u00f3venes de la comarca.<\/p>\n<p>+ info Nuria: 635704866 \/ Yolanda: 615779584<\/p>\n","protected":false},"excerpt":{"rendered":"<p>Este martes se ha celebrado una reuni\u00f3n de la Junta del sector vitivin\u00edcola en la que se ha informado de los \u00faltimos temas tratados en el Consejo Regulador y en el Organizaci\u00f3n Interprofesional \u2013 OIPVR. Uno de ellos fue la puesta en marcha por parte del Consejo de una nueva aplicaci\u00f3n inform\u00e1tica para el control [&hellip;]<\/p>\n","protected":false},"author":4,"featured_media":1132,"comment_status":"closed","ping_status":"closed","sticky":false,"template":"","format":"standard","meta":{"footnotes":""},"categories":[7],"tags":[],"yoast_head":"<!-- This site is optimized with the Yoast SEO plugin v21.5 - https:\/\/yoast.com\/wordpress\/plugins\/seo\/ -->\n<title>UAGA ha celebrado una Junta del sector vitivin\u00edcola esta semana - UAGA<\/title>\n<meta name=\"robots\" content=\"index, follow, max-snippet:-1, max-image-preview:large, max-video-preview:-1\" \/>\n<link rel=\"canonical\" href=\"https:\/\/www.uaga.eus\/uaga-ha-celebrado-una-junta-del-sector-vitivinicola-esta-semana\/\" \/>\n<meta property=\"og:locale\" content=\"en_US\" \/>\n<meta property=\"og:type\" content=\"article\" \/>\n<meta property=\"og:title\" content=\"UAGA ha celebrado una Junta del sector vitivin\u00edcola esta semana - UAGA\" \/>\n<meta property=\"og:description\" content=\"Este martes se ha celebrado una reuni\u00f3n de la Junta del sector vitivin\u00edcola en la que se ha informado de los \u00faltimos temas tratados en el Consejo Regulador y en el Organizaci\u00f3n Interprofesional \u2013 OIPVR. Uno de ellos fue la puesta en marcha por parte del Consejo de una nueva aplicaci\u00f3n inform\u00e1tica para el control [&hellip;]\" \/>\n<meta property=\"og:url\" content=\"https:\/\/www.uaga.eus\/uaga-ha-celebrado-una-junta-del-sector-vitivinicola-esta-semana\/\" \/>\n<meta property=\"og:site_name\" content=\"UAGA\" \/>\n<meta property=\"article:published_time\" content=\"2019-04-26T10:33:47+00:00\" \/>\n<meta property=\"og:image\" content=\"https:\/\/www.uaga.eus\/wp-content\/uploads\/2018\/02\/licitacion-DOC-Rioja-2018-e1554464317663.jpg\" \/>\n\t<meta property=\"og:image:width\" content=\"700\" \/>\n\t<meta property=\"og:image:height\" content=\"378\" \/>\n\t<meta property=\"og:image:type\" content=\"image\/jpeg\" \/>\n<meta name=\"author\" content=\"Blanca S\u00e1nchez\" \/>\n<meta name=\"twitter:card\" content=\"summary_large_image\" \/>\n<meta name=\"twitter:label1\" content=\"Written by\" \/>\n\t<meta name=\"twitter:data1\" content=\"Blanca S\u00e1nchez\" \/>\n\t<meta name=\"twitter:label2\" content=\"Est. reading time\" \/>\n\t<meta name=\"twitter:data2\" content=\"1 minutua\" \/>\n<script type=\"application\/ld+json\" class=\"yoast-schema-graph\">{\"@context\":\"https:\/\/schema.org\",\"@graph\":[{\"@type\":\"WebPage\",\"@id\":\"https:\/\/www.uaga.eus\/uaga-ha-celebrado-una-junta-del-sector-vitivinicola-esta-semana\/\",\"url\":\"https:\/\/www.uaga.eus\/uaga-ha-celebrado-una-junta-del-sector-vitivinicola-esta-semana\/\",\"name\":\"UAGA ha celebrado una Junta del sector vitivin\u00edcola esta semana - UAGA\",\"isPartOf\":{\"@id\":\"https:\/\/www.uaga.eus\/#website\"},\"datePublished\":\"2019-04-26T10:33:47+00:00\",\"dateModified\":\"2019-04-26T10:33:47+00:00\",\"author\":{\"@id\":\"https:\/\/www.uaga.eus\/#\/schema\/person\/48c3cbf0f33d1b788226dbb6518689cf\"},\"breadcrumb\":{\"@id\":\"https:\/\/www.uaga.eus\/uaga-ha-celebrado-una-junta-del-sector-vitivinicola-esta-semana\/#breadcrumb\"},\"inLanguage\":\"eu\",\"potentialAction\":[{\"@type\":\"ReadAction\",\"target\":[\"https:\/\/www.uaga.eus\/uaga-ha-celebrado-una-junta-del-sector-vitivinicola-esta-semana\/\"]}]},{\"@type\":\"BreadcrumbList\",\"@id\":\"https:\/\/www.uaga.eus\/uaga-ha-celebrado-una-junta-del-sector-vitivinicola-esta-semana\/#breadcrumb\",\"itemListElement\":[{\"@type\":\"ListItem\",\"position\":1,\"name\":\"Inicio\",\"item\":\"https:\/\/www.uaga.eus\/\"},{\"@type\":\"ListItem\",\"position\":2,\"name\":\"UAGA ha celebrado una Junta del sector vitivin\u00edcola esta semana\"}]},{\"@type\":\"WebSite\",\"@id\":\"https:\/\/www.uaga.eus\/#website\",\"url\":\"https:\/\/www.uaga.eus\/\",\"name\":\"UAGA\",\"description\":\"Uni\u00f3n Agroganadera de \u00c1lava - Araba Nekazarien Elkartea\",\"potentialAction\":[{\"@type\":\"SearchAction\",\"target\":{\"@type\":\"EntryPoint\",\"urlTemplate\":\"https:\/\/www.uaga.eus\/?s={search_term_string}\"},\"query-input\":\"required name=search_term_string\"}],\"inLanguage\":\"eu\"},{\"@type\":\"Person\",\"@id\":\"https:\/\/www.uaga.eus\/#\/schema\/person\/48c3cbf0f33d1b788226dbb6518689cf\",\"name\":\"Blanca S\u00e1nchez\",\"image\":{\"@type\":\"ImageObject\",\"inLanguage\":\"eu\",\"@id\":\"https:\/\/www.uaga.eus\/#\/schema\/person\/image\/\",\"url\":\"https:\/\/secure.gravatar.com\/avatar\/0dc91c20648254b1ce84877283f6751b?s=96&d=mm&r=g\",\"contentUrl\":\"https:\/\/secure.gravatar.com\/avatar\/0dc91c20648254b1ce84877283f6751b?s=96&d=mm&r=g\",\"caption\":\"Blanca S\u00e1nchez\"},\"url\":\"https:\/\/www.uaga.eus\/eu\/author\/bsanchez\/\"}]}<\/script>\n<!-- \/ Yoast SEO plugin. -->","yoast_head_json":{"title":"UAGA ha celebrado una Junta del sector vitivin\u00edcola esta semana - UAGA","robots":{"index":"index","follow":"follow","max-snippet":"max-snippet:-1","max-image-preview":"max-image-preview:large","max-video-preview":"max-video-preview:-1"},"canonical":"https:\/\/www.uaga.eus\/uaga-ha-celebrado-una-junta-del-sector-vitivinicola-esta-semana\/","og_locale":"en_US","og_type":"article","og_title":"UAGA ha celebrado una Junta del sector vitivin\u00edcola esta semana - UAGA","og_description":"Este martes se ha celebrado una reuni\u00f3n de la Junta del sector vitivin\u00edcola en la que se ha informado de los \u00faltimos temas tratados en el Consejo Regulador y en el Organizaci\u00f3n Interprofesional \u2013 OIPVR. Uno de ellos fue la puesta en marcha por parte del Consejo de una nueva aplicaci\u00f3n inform\u00e1tica para el control [&hellip;]","og_url":"https:\/\/www.uaga.eus\/uaga-ha-celebrado-una-junta-del-sector-vitivinicola-esta-semana\/","og_site_name":"UAGA","article_published_time":"2019-04-26T10:33:47+00:00","og_image":[{"width":700,"height":378,"url":"https:\/\/www.uaga.eus\/wp-content\/uploads\/2018\/02\/licitacion-DOC-Rioja-2018-e1554464317663.jpg","type":"image\/jpeg"}],"author":"Blanca S\u00e1nchez","twitter_card":"summary_large_image","twitter_misc":{"Written by":"Blanca S\u00e1nchez","Est. reading time":"1 minutua"},"schema":{"@context":"https:\/\/schema.org","@graph":[{"@type":"WebPage","@id":"https:\/\/www.uaga.eus\/uaga-ha-celebrado-una-junta-del-sector-vitivinicola-esta-semana\/","url":"https:\/\/www.uaga.eus\/uaga-ha-celebrado-una-junta-del-sector-vitivinicola-esta-semana\/","name":"UAGA ha celebrado una Junta del sector vitivin\u00edcola esta semana - UAGA","isPartOf":{"@id":"https:\/\/www.uaga.eus\/#website"},"datePublished":"2019-04-26T10:33:47+00:00","dateModified":"2019-04-26T10:33:47+00:00","author":{"@id":"https:\/\/www.uaga.eus\/#\/schema\/person\/48c3cbf0f33d1b788226dbb6518689cf"},"breadcrumb":{"@id":"https:\/\/www.uaga.eus\/uaga-ha-celebrado-una-junta-del-sector-vitivinicola-esta-semana\/#breadcrumb"},"inLanguage":"eu","potentialAction":[{"@type":"ReadAction","target":["https:\/\/www.uaga.eus\/uaga-ha-celebrado-una-junta-del-sector-vitivinicola-esta-semana\/"]}]},{"@type":"BreadcrumbList","@id":"https:\/\/www.uaga.eus\/uaga-ha-celebrado-una-junta-del-sector-vitivinicola-esta-semana\/#breadcrumb","itemListElement":[{"@type":"ListItem","position":1,"name":"Inicio","item":"https:\/\/www.uaga.eus\/"},{"@type":"ListItem","position":2,"name":"UAGA ha celebrado una Junta del sector vitivin\u00edcola esta semana"}]},{"@type":"WebSite","@id":"https:\/\/www.uaga.eus\/#website","url":"https:\/\/www.uaga.eus\/","name":"UAGA","description":"Uni\u00f3n Agroganadera de \u00c1lava - Araba Nekazarien Elkartea","potentialAction":[{"@type":"SearchAction","target":{"@type":"EntryPoint","urlTemplate":"https:\/\/www.uaga.eus\/?s={search_term_string}"},"query-input":"required name=search_term_string"}],"inLanguage":"eu"},{"@type":"Person","@id":"https:\/\/www.uaga.eus\/#\/schema\/person\/48c3cbf0f33d1b788226dbb6518689cf","name":"Blanca S\u00e1nchez","image":{"@type":"ImageObject","inLanguage":"eu","@id":"https:\/\/www.uaga.eus\/#\/schema\/person\/image\/","url":"https:\/\/secure.gravatar.com\/avatar\/0dc91c20648254b1ce84877283f6751b?s=96&d=mm&r=g","contentUrl":"https:\/\/secure.gravatar.com\/avatar\/0dc91c20648254b1ce84877283f6751b?s=96&d=mm&r=g","caption":"Blanca S\u00e1nchez"},"url":"https:\/\/www.uaga.eus\/eu\/author\/bsanchez\/"}]}},"_links":{"self":[{"href":"https:\/\/www.uaga.eus\/eu\/wp-json\/wp\/v2\/posts\/6003"}],"collection":[{"href":"https:\/\/www.uaga.eus\/eu\/wp-json\/wp\/v2\/posts"}],"about":[{"href":"https:\/\/www.uaga.eus\/eu\/wp-json\/wp\/v2\/types\/post"}],"author":[{"embeddable":true,"href":"https:\/\/www.uaga.eus\/eu\/wp-json\/wp\/v2\/users\/4"}],"replies":[{"embeddable":true,"href":"https:\/\/www.uaga.eus\/eu\/wp-json\/wp\/v2\/comments?post=6003"}],"version-history":[{"count":1,"href":"https:\/\/www.uaga.eus\/eu\/wp-json\/wp\/v2\/posts\/6003\/revisions"}],"predecessor-version":[{"id":6004,"href":"https:\/\/www.uaga.eus\/eu\/wp-json\/wp\/v2\/posts\/6003\/revisions\/6004"}],"wp:featuredmedia":[{"embeddable":true,"href":"https:\/\/www.uaga.eus\/eu\/wp-json\/wp\/v2\/media\/1132"}],"wp:attachment":[{"href":"https:\/\/www.uaga.eus\/eu\/wp-json\/wp\/v2\/media?parent=6003"}],"wp:term":[{"taxonomy":"category","embeddable":true,"href":"https:\/\/www.uaga.eus\/eu\/wp-json\/wp\/v2\/categories?post=6003"},{"taxonomy":"post_tag","embeddable":true,"href":"https:\/\/www.uaga.eus\/eu\/wp-json\/wp\/v2\/tags?post=6003"}],"curies":[{"name":"wp","href":"https:\/\/api.w.org\/{rel}","templated":true}]}}