{"id":5995,"date":"2019-04-17T12:26:09","date_gmt":"2019-04-17T12:26:09","guid":{"rendered":"https:\/\/www.uaga.eus\/?p=5995"},"modified":"2019-04-17T12:26:17","modified_gmt":"2019-04-17T12:26:17","slug":"uaga-participa-en-el-foro-de-debate-sobre-el-libro-verde-de-la-gobernanza-del-agua","status":"publish","type":"post","link":"https:\/\/www.uaga.eus\/eu\/uaga-participa-en-el-foro-de-debate-sobre-el-libro-verde-de-la-gobernanza-del-agua\/","title":{"rendered":"UAGA participa en el Foro de Debate sobre el Libro Verde de la Gobernanza del Agua"},"content":{"rendered":"<p>El pasado viernes tuvo lugar en Ataria la primera reuni\u00f3n para el Pa\u00eds Vasco del Foro de Debate sobre el Libro Verde de la Gobernanza del Agua, foro impulsado por la Secretar\u00eda de Estado de Medio Ambiente (dependiente del Ministerio para la Transici\u00f3n Ecol\u00f3gica) en colaboraci\u00f3n con la Agencia Vasca del Agua &#8211; URA.<\/p>\n<p>El documento presentado para su debate aborda temas muy diferentes (debates del Pacto Nacional del Agua, procesos de planificaci\u00f3n hidrol\u00f3gica, etc.) y plantea propuestas que pueden afectar de gran manera a los regad\u00edos y a las comunidades de regantes.<\/p>\n<p>En dicho Foro particip\u00f3\u00a0Javier Torre, presidente de UAGA, quien puso sobre la mesa tanto el punto de vista de las personas agricultoras usuarias del regad\u00edo como el de las personas que viven en el medio rural. Esta visi\u00f3n es en muchas ocasiones contrapuesta a las propuestas que se realizan desde las administraciones con competencia en materia de aguas, y que, en muchos casos, no tienen en cuenta ni conocen al detalle la realidad del sector agrario ni del medio rural en general.<\/p>\n<p>A esta reuni\u00f3n le van a seguir otras en las que UAGA seguir\u00e1 participando y aportando su trabajo y sus propuestas.<\/p>\n<p>En <a href=\"http:\/\/www.librogobernanzagua.es\/\" target=\"_blank\" rel=\"noopener\" data-cke-saved-href=\"http:\/\/www.librogobernanzagua.es\/\">este enlace<\/a> tienes toda la informaci\u00f3n sobre el\u00a0Libro verde de la Gobernanza del Agua.<\/p>\n<p>+ info\u00a0Yolanda: 615779584<\/p>\n","protected":false},"excerpt":{"rendered":"<p>El pasado viernes tuvo lugar en Ataria la primera reuni\u00f3n para el Pa\u00eds Vasco del Foro de Debate sobre el Libro Verde de la Gobernanza del Agua, foro impulsado por la Secretar\u00eda de Estado de Medio Ambiente (dependiente del Ministerio para la Transici\u00f3n Ecol\u00f3gica) en colaboraci\u00f3n con la Agencia Vasca del Agua &#8211; URA. El [&hellip;]<\/p>\n","protected":false},"author":4,"featured_media":5617,"comment_status":"closed","ping_status":"closed","sticky":false,"template":"","format":"standard","meta":{"footnotes":""},"categories":[11],"tags":[],"yoast_head":"<!-- This site is optimized with the Yoast SEO plugin v21.5 - https:\/\/yoast.com\/wordpress\/plugins\/seo\/ -->\n<title>UAGA participa en el Foro de Debate sobre el Libro Verde de la Gobernanza del Agua - UAGA<\/title>\n<meta name=\"robots\" content=\"index, follow, max-snippet:-1, max-image-preview:large, max-video-preview:-1\" \/>\n<link rel=\"canonical\" href=\"https:\/\/www.uaga.eus\/uaga-participa-en-el-foro-de-debate-sobre-el-libro-verde-de-la-gobernanza-del-agua\/\" \/>\n<meta property=\"og:locale\" content=\"en_US\" \/>\n<meta property=\"og:type\" content=\"article\" \/>\n<meta property=\"og:title\" content=\"UAGA participa en el Foro de Debate sobre el Libro Verde de la Gobernanza del Agua - UAGA\" \/>\n<meta property=\"og:description\" content=\"El pasado viernes tuvo lugar en Ataria la primera reuni\u00f3n para el Pa\u00eds Vasco del Foro de Debate sobre el Libro Verde de la Gobernanza del Agua, foro impulsado por la Secretar\u00eda de Estado de Medio Ambiente (dependiente del Ministerio para la Transici\u00f3n Ecol\u00f3gica) en colaboraci\u00f3n con la Agencia Vasca del Agua &#8211; URA. El [&hellip;]\" \/>\n<meta property=\"og:url\" content=\"https:\/\/www.uaga.eus\/uaga-participa-en-el-foro-de-debate-sobre-el-libro-verde-de-la-gobernanza-del-agua\/\" \/>\n<meta property=\"og:site_name\" content=\"UAGA\" \/>\n<meta property=\"article:published_time\" content=\"2019-04-17T12:26:09+00:00\" \/>\n<meta property=\"article:modified_time\" content=\"2019-04-17T12:26:17+00:00\" \/>\n<meta property=\"og:image\" content=\"https:\/\/www.uaga.eus\/wp-content\/uploads\/2019\/01\/rio-baias-desbordado-e1548416355608.jpg\" \/>\n\t<meta property=\"og:image:width\" content=\"698\" \/>\n\t<meta property=\"og:image:height\" content=\"369\" \/>\n\t<meta property=\"og:image:type\" content=\"image\/jpeg\" \/>\n<meta name=\"author\" content=\"Blanca S\u00e1nchez\" \/>\n<meta name=\"twitter:card\" content=\"summary_large_image\" \/>\n<meta name=\"twitter:label1\" content=\"Written by\" \/>\n\t<meta name=\"twitter:data1\" content=\"Blanca S\u00e1nchez\" \/>\n\t<meta name=\"twitter:label2\" content=\"Est. reading time\" \/>\n\t<meta name=\"twitter:data2\" content=\"1 minutua\" \/>\n<script type=\"application\/ld+json\" class=\"yoast-schema-graph\">{\"@context\":\"https:\/\/schema.org\",\"@graph\":[{\"@type\":\"WebPage\",\"@id\":\"https:\/\/www.uaga.eus\/uaga-participa-en-el-foro-de-debate-sobre-el-libro-verde-de-la-gobernanza-del-agua\/\",\"url\":\"https:\/\/www.uaga.eus\/uaga-participa-en-el-foro-de-debate-sobre-el-libro-verde-de-la-gobernanza-del-agua\/\",\"name\":\"UAGA participa en el Foro de Debate sobre el Libro Verde de la Gobernanza del Agua - UAGA\",\"isPartOf\":{\"@id\":\"https:\/\/www.uaga.eus\/#website\"},\"datePublished\":\"2019-04-17T12:26:09+00:00\",\"dateModified\":\"2019-04-17T12:26:17+00:00\",\"author\":{\"@id\":\"https:\/\/www.uaga.eus\/#\/schema\/person\/48c3cbf0f33d1b788226dbb6518689cf\"},\"breadcrumb\":{\"@id\":\"https:\/\/www.uaga.eus\/uaga-participa-en-el-foro-de-debate-sobre-el-libro-verde-de-la-gobernanza-del-agua\/#breadcrumb\"},\"inLanguage\":\"eu\",\"potentialAction\":[{\"@type\":\"ReadAction\",\"target\":[\"https:\/\/www.uaga.eus\/uaga-participa-en-el-foro-de-debate-sobre-el-libro-verde-de-la-gobernanza-del-agua\/\"]}]},{\"@type\":\"BreadcrumbList\",\"@id\":\"https:\/\/www.uaga.eus\/uaga-participa-en-el-foro-de-debate-sobre-el-libro-verde-de-la-gobernanza-del-agua\/#breadcrumb\",\"itemListElement\":[{\"@type\":\"ListItem\",\"position\":1,\"name\":\"Inicio\",\"item\":\"https:\/\/www.uaga.eus\/\"},{\"@type\":\"ListItem\",\"position\":2,\"name\":\"UAGA participa en el Foro de Debate sobre el Libro Verde de la Gobernanza del Agua\"}]},{\"@type\":\"WebSite\",\"@id\":\"https:\/\/www.uaga.eus\/#website\",\"url\":\"https:\/\/www.uaga.eus\/\",\"name\":\"UAGA\",\"description\":\"Uni\u00f3n Agroganadera de \u00c1lava - Araba Nekazarien Elkartea\",\"potentialAction\":[{\"@type\":\"SearchAction\",\"target\":{\"@type\":\"EntryPoint\",\"urlTemplate\":\"https:\/\/www.uaga.eus\/?s={search_term_string}\"},\"query-input\":\"required name=search_term_string\"}],\"inLanguage\":\"eu\"},{\"@type\":\"Person\",\"@id\":\"https:\/\/www.uaga.eus\/#\/schema\/person\/48c3cbf0f33d1b788226dbb6518689cf\",\"name\":\"Blanca S\u00e1nchez\",\"image\":{\"@type\":\"ImageObject\",\"inLanguage\":\"eu\",\"@id\":\"https:\/\/www.uaga.eus\/#\/schema\/person\/image\/\",\"url\":\"https:\/\/secure.gravatar.com\/avatar\/0dc91c20648254b1ce84877283f6751b?s=96&d=mm&r=g\",\"contentUrl\":\"https:\/\/secure.gravatar.com\/avatar\/0dc91c20648254b1ce84877283f6751b?s=96&d=mm&r=g\",\"caption\":\"Blanca S\u00e1nchez\"},\"url\":\"https:\/\/www.uaga.eus\/eu\/author\/bsanchez\/\"}]}<\/script>\n<!-- \/ Yoast SEO plugin. -->","yoast_head_json":{"title":"UAGA participa en el Foro de Debate sobre el Libro Verde de la Gobernanza del Agua - UAGA","robots":{"index":"index","follow":"follow","max-snippet":"max-snippet:-1","max-image-preview":"max-image-preview:large","max-video-preview":"max-video-preview:-1"},"canonical":"https:\/\/www.uaga.eus\/uaga-participa-en-el-foro-de-debate-sobre-el-libro-verde-de-la-gobernanza-del-agua\/","og_locale":"en_US","og_type":"article","og_title":"UAGA participa en el Foro de Debate sobre el Libro Verde de la Gobernanza del Agua - UAGA","og_description":"El pasado viernes tuvo lugar en Ataria la primera reuni\u00f3n para el Pa\u00eds Vasco del Foro de Debate sobre el Libro Verde de la Gobernanza del Agua, foro impulsado por la Secretar\u00eda de Estado de Medio Ambiente (dependiente del Ministerio para la Transici\u00f3n Ecol\u00f3gica) en colaboraci\u00f3n con la Agencia Vasca del Agua &#8211; URA. El [&hellip;]","og_url":"https:\/\/www.uaga.eus\/uaga-participa-en-el-foro-de-debate-sobre-el-libro-verde-de-la-gobernanza-del-agua\/","og_site_name":"UAGA","article_published_time":"2019-04-17T12:26:09+00:00","article_modified_time":"2019-04-17T12:26:17+00:00","og_image":[{"width":698,"height":369,"url":"https:\/\/www.uaga.eus\/wp-content\/uploads\/2019\/01\/rio-baias-desbordado-e1548416355608.jpg","type":"image\/jpeg"}],"author":"Blanca S\u00e1nchez","twitter_card":"summary_large_image","twitter_misc":{"Written by":"Blanca S\u00e1nchez","Est. reading time":"1 minutua"},"schema":{"@context":"https:\/\/schema.org","@graph":[{"@type":"WebPage","@id":"https:\/\/www.uaga.eus\/uaga-participa-en-el-foro-de-debate-sobre-el-libro-verde-de-la-gobernanza-del-agua\/","url":"https:\/\/www.uaga.eus\/uaga-participa-en-el-foro-de-debate-sobre-el-libro-verde-de-la-gobernanza-del-agua\/","name":"UAGA participa en el Foro de Debate sobre el Libro Verde de la Gobernanza del Agua - UAGA","isPartOf":{"@id":"https:\/\/www.uaga.eus\/#website"},"datePublished":"2019-04-17T12:26:09+00:00","dateModified":"2019-04-17T12:26:17+00:00","author":{"@id":"https:\/\/www.uaga.eus\/#\/schema\/person\/48c3cbf0f33d1b788226dbb6518689cf"},"breadcrumb":{"@id":"https:\/\/www.uaga.eus\/uaga-participa-en-el-foro-de-debate-sobre-el-libro-verde-de-la-gobernanza-del-agua\/#breadcrumb"},"inLanguage":"eu","potentialAction":[{"@type":"ReadAction","target":["https:\/\/www.uaga.eus\/uaga-participa-en-el-foro-de-debate-sobre-el-libro-verde-de-la-gobernanza-del-agua\/"]}]},{"@type":"BreadcrumbList","@id":"https:\/\/www.uaga.eus\/uaga-participa-en-el-foro-de-debate-sobre-el-libro-verde-de-la-gobernanza-del-agua\/#breadcrumb","itemListElement":[{"@type":"ListItem","position":1,"name":"Inicio","item":"https:\/\/www.uaga.eus\/"},{"@type":"ListItem","position":2,"name":"UAGA participa en el Foro de Debate sobre el Libro Verde de la Gobernanza del Agua"}]},{"@type":"WebSite","@id":"https:\/\/www.uaga.eus\/#website","url":"https:\/\/www.uaga.eus\/","name":"UAGA","description":"Uni\u00f3n Agroganadera de \u00c1lava - Araba Nekazarien Elkartea","potentialAction":[{"@type":"SearchAction","target":{"@type":"EntryPoint","urlTemplate":"https:\/\/www.uaga.eus\/?s={search_term_string}"},"query-input":"required name=search_term_string"}],"inLanguage":"eu"},{"@type":"Person","@id":"https:\/\/www.uaga.eus\/#\/schema\/person\/48c3cbf0f33d1b788226dbb6518689cf","name":"Blanca S\u00e1nchez","image":{"@type":"ImageObject","inLanguage":"eu","@id":"https:\/\/www.uaga.eus\/#\/schema\/person\/image\/","url":"https:\/\/secure.gravatar.com\/avatar\/0dc91c20648254b1ce84877283f6751b?s=96&d=mm&r=g","contentUrl":"https:\/\/secure.gravatar.com\/avatar\/0dc91c20648254b1ce84877283f6751b?s=96&d=mm&r=g","caption":"Blanca S\u00e1nchez"},"url":"https:\/\/www.uaga.eus\/eu\/author\/bsanchez\/"}]}},"_links":{"self":[{"href":"https:\/\/www.uaga.eus\/eu\/wp-json\/wp\/v2\/posts\/5995"}],"collection":[{"href":"https:\/\/www.uaga.eus\/eu\/wp-json\/wp\/v2\/posts"}],"about":[{"href":"https:\/\/www.uaga.eus\/eu\/wp-json\/wp\/v2\/types\/post"}],"author":[{"embeddable":true,"href":"https:\/\/www.uaga.eus\/eu\/wp-json\/wp\/v2\/users\/4"}],"replies":[{"embeddable":true,"href":"https:\/\/www.uaga.eus\/eu\/wp-json\/wp\/v2\/comments?post=5995"}],"version-history":[{"count":1,"href":"https:\/\/www.uaga.eus\/eu\/wp-json\/wp\/v2\/posts\/5995\/revisions"}],"predecessor-version":[{"id":5996,"href":"https:\/\/www.uaga.eus\/eu\/wp-json\/wp\/v2\/posts\/5995\/revisions\/5996"}],"wp:featuredmedia":[{"embeddable":true,"href":"https:\/\/www.uaga.eus\/eu\/wp-json\/wp\/v2\/media\/5617"}],"wp:attachment":[{"href":"https:\/\/www.uaga.eus\/eu\/wp-json\/wp\/v2\/media?parent=5995"}],"wp:term":[{"taxonomy":"category","embeddable":true,"href":"https:\/\/www.uaga.eus\/eu\/wp-json\/wp\/v2\/categories?post=5995"},{"taxonomy":"post_tag","embeddable":true,"href":"https:\/\/www.uaga.eus\/eu\/wp-json\/wp\/v2\/tags?post=5995"}],"curies":[{"name":"wp","href":"https:\/\/api.w.org\/{rel}","templated":true}]}}